{"id":212873,"date":"2026-08-18T15:17:10","date_gmt":"2026-08-18T15:17:10","guid":{"rendered":"https:\/\/www.europesays.com\/hu\/212873\/"},"modified":"2026-08-18T15:17:10","modified_gmt":"2026-08-18T15:17:10","slug":"after-majka-a-petofi-tv-nek-kicsit-fura-ezt-a-mikrofont-fogni","status":"publish","type":"post","link":"https:\/\/www.europesays.com\/hu\/212873\/","title":{"rendered":"After: Majka a Pet\u0151fi TV-nek: Kicsit fura ezt a mikrofont fogni"},"content":{"rendered":"<p>Sok\u00e1ig, m\u00e1s Fidesszel kritikus h\u00edress\u00e9gekhez hasonl\u00f3an Majka sem szerepelt a k\u00f6zt\u00e9v\u00e9 csatorn\u00e1in, de a korm\u00e1nyv\u00e1lt\u00e1s ut\u00e1n a <a href=\"https:\/\/www.youtube.com\/watch?v=oWysA9YeQ2Y\" target=\"_blank\" rel=\"nofollow noopener\">Pet\u0151fi TV<\/a> m\u00e1r megsz\u00f3laltatta a rappert a Sziget Fesztiv\u00e1lon. \u201eKicsit fura ezt a mikrofont fogni\u201d \u2013 mondta Majka, majd hozz\u00e1tette: \u201eEz csak a full\u00e1nk r\u00e9sze. Ett\u0151l f\u00fcggetlen\u00fcl \u00f6r\u00fcl\u00f6k, hogy most m\u00e1r mindenkivel besz\u00e9lgethettek.\u201d<\/p>\n<p>Majk\u00e1t k\u00e9rdezt\u00e9k a sepsiszentgy\u00f6rgyi koncertj\u00e9r\u0151l is, amit <a href=\"https:\/\/telex.hu\/after\/2026\/08\/05\/eletveszelyes-fenyegetes-miatt-lemondta-a-sepsiszentgyorgyi-koncertjet-majka-sic-feszt-erdely-sms-feljelentes\" class=\"\" rel=\"nofollow noopener\" target=\"_blank\">\u00e9letvesz\u00e9lyes fenyeget\u00e9s miatt kellett lemondania<\/a>. A zen\u00e9sz azt mondta, hogy felh\u00edvta az erd\u00e9lyi szervez\u0151ket, az ottani magyar szervez\u0151ket, a rom\u00e1n \u00fcgyint\u00e9z\u0151ket \u00e9s az \u00fcgyv\u00e9deket. \u201e\u0150k azt tan\u00e1csolt\u00e1k, hogy ne menj\u00fcnk ki. \u00c9n meg mondtam, hogy akkor nem megy\u00fcnk ki\u201d \u2013 fogalmazott. Majka arr\u00f3l is besz\u00e9lt, hogy nem akarta egy sz\u00e1llod\u00e1ban, rend\u0151rs\u00e9gi k\u00eds\u00e9rettel t\u00f6lteni a sz\u00fclet\u00e9snapj\u00e1t.<\/p>\n<p>\u201eFolyik a nyomoz\u00e1s egy\u00e9bk\u00e9nt az \u00fcgyben. Megvan a sz\u00e1m, hogy honnan j\u00f6tt. M\u00e9g azt is tudjuk, hogy milyen telefonr\u00f3l, \u00e9s hogy mikor v\u00e1s\u00e1rolt\u00e1k a k\u00e1rty\u00e1t meg minden m\u00e1st. Azt\u00e1n majd megl\u00e1tjuk, hogy ennek a fick\u00f3nak \u2013 aki ezt k\u00fcldte \u2013, hogy fog tetszeni, hogyha emiatt komoly probl\u00e9m\u00e1i lesznek. Nagyon meg\u00e9ri egy\u00e9bk\u00e9nt szerintem. Okos, remek, rafin\u00e1lt maffi\u00f3z\u00f3s h\u00faz\u00e1s volt egy\u00e9bk\u00e9nt. Gratul\u00e1lok\u201d \u2013 mondta Majka.<\/p>\n<p>Sepsiszentgy\u00f6rgy\u00f6n augusztus 5. \u00e9s 7. k\u00f6z\u00f6tt rendezt\u00e9k meg a Sic Feszt zenei fesztiv\u00e1lt. Majka az els\u0151 napon, szerda este lett volna a f\u0151 fell\u00e9p\u0151. Majka a tervezett koncert el\u0151tt sms-ben kapott \u00e9letvesz\u00e9lyes fenyeget\u00e9st egy priv\u00e1t telefonsz\u00e1mr\u00f3l. Az \u00fczenet k\u00fcld\u0151je azt \u00edrta, alig v\u00e1rja, hogy Erd\u00e9lybe \u00e9rjenek, \u00e9s revansot tudjanak venni az \u0151ket \u00e9rt s\u00e9relem\u00e9rt. A fenyeget\u0151 azt \u00e1ll\u00edtotta, tiszt\u00e1ban vannak vele, Majk\u00e1\u00e9k hol sz\u00e1llnak meg, ki a biztons\u00e1gi c\u00e9g a rendezv\u00e9nyen, \u00e9s hogy milyen \u00fatvonalon haladnak majd a zenekarral. Majka szerint azt is megkapta a fenyeget\u0151t\u0151l, hogy haza\u00e1rul\u00f3.<\/p>\n<p>Majka, azaz Majoros P\u00e9ter azut\u00e1n lett \u201ek\u00f6zellens\u00e9g\u201d sok fideszes politikus \u00e9s szimpatiz\u00e1ns k\u00f6r\u00e9ben, hogy 2025-ben megjelent a Csurran, cseppen c\u00edm\u0171 dala, aminek klipj\u00e9ben <a href=\"https:\/\/telex.hu\/after\/2025\/07\/26\/majka-koncert-siofok-plazs-csurran-cseppen-bindzsisztan\" class=\"\" rel=\"nofollow noopener\" target=\"_blank\">egy fikt\u00edv orsz\u00e1g<\/a>, Bindzsiszt\u00e1n korrupt minisztereln\u00f6k\u00e9t j\u00e1tssza. K\u00e9s\u0151bb nagy port kavart a debreceni Campus Fesztiv\u00e1lon tartott koncertje, ahol a sz\u00e1m v\u00e9g\u00e9n egy mikrofonnal fejbe l\u00f6v\u00e9st imit\u00e1ltak. Majka az eset ut\u00e1n sem \u00e1llt bele abba, hogy Bindzsiszt\u00e1n minisztereln\u00f6ke Orb\u00e1n Viktor lenne, de az esetb\u0151l \u00f3ri\u00e1si botr\u00e1ny lett: a Fidesz \u00e9s m\u00e9di\u00e1ja a tisz\u00e1s er\u0151szak jelek\u00e9nt \u00e9rt\u00e9kelte a fejbe l\u00f6v\u00e9st, az eset ut\u00e1n a <a href=\"https:\/\/telex.hu\/after\/2025\/07\/20\/bindzsisztan-magyarorszag-majka-orban-kivegzes-miniszterelnok\" class=\"\" rel=\"nofollow noopener\" target=\"_blank\">Fidesz-k\u00f6zeli m\u00e9di\u00e1ban lej\u00e1rat\u00f3cikkek t\u00f6mkelege<\/a> jelent meg Majk\u00e1r\u00f3l.<\/p>\n","protected":false},"excerpt":{"rendered":"Sok\u00e1ig, m\u00e1s Fidesszel kritikus h\u00edress\u00e9gekhez hasonl\u00f3an Majka sem szerepelt a k\u00f6zt\u00e9v\u00e9 csatorn\u00e1in, de a korm\u00e1nyv\u00e1lt\u00e1s ut\u00e1n a Pet\u0151fi&hellip;\n","protected":false},"author":2,"featured_media":212874,"comment_status":"","ping_status":"","sticky":false,"template":"","format":"standard","meta":{"footnotes":"","_share_on_mastodon":"0"},"categories":[33],"tags":[161,38,35,37,44,42,40,19078,43,41,2260,34,19831,14770,36,39],"class_list":["post-212873","post","type-post","status-publish","format-standard","has-post-thumbnail","category-hirek","tag-after","tag-focimek","tag-headlines","tag-hirek","tag-hu","tag-hungarian","tag-hungary","tag-kozteve","tag-magyar","tag-magyarorszag","tag-majka","tag-news","tag-petofi-tv","tag-sziget-fesztival","tag-top-stories","tag-vezeto-hirek"],"share_on_mastodon":{"url":"https:\/\/pubeurope.com\/@hu\/117117179972082624","error":""},"_links":{"self":[{"href":"https:\/\/www.europesays.com\/hu\/wp-json\/wp\/v2\/posts\/212873","targetHints":{"allow":["GET"]}}],"collection":[{"href":"https:\/\/www.europesays.com\/hu\/wp-json\/wp\/v2\/posts"}],"about":[{"href":"https:\/\/www.europesays.com\/hu\/wp-json\/wp\/v2\/types\/post"}],"author":[{"embeddable":true,"href":"https:\/\/www.europesays.com\/hu\/wp-json\/wp\/v2\/users\/2"}],"replies":[{"embeddable":true,"href":"https:\/\/www.europesays.com\/hu\/wp-json\/wp\/v2\/comments?post=212873"}],"version-history":[{"count":0,"href":"https:\/\/www.europesays.com\/hu\/wp-json\/wp\/v2\/posts\/212873\/revisions"}],"wp:featuredmedia":[{"embeddable":true,"href":"https:\/\/www.europesays.com\/hu\/wp-json\/wp\/v2\/media\/212874"}],"wp:attachment":[{"href":"https:\/\/www.europesays.com\/hu\/wp-json\/wp\/v2\/media?parent=212873"}],"wp:term":[{"taxonomy":"category","embeddable":true,"href":"https:\/\/www.europesays.com\/hu\/wp-json\/wp\/v2\/categories?post=212873"},{"taxonomy":"post_tag","embeddable":true,"href":"https:\/\/www.europesays.com\/hu\/wp-json\/wp\/v2\/tags?post=212873"}],"curies":[{"name":"wp","href":"https:\/\/api.w.org\/{rel}","templated":true}]}}