{"id":213491,"date":"2026-08-19T05:38:07","date_gmt":"2026-08-19T05:38:07","guid":{"rendered":"https:\/\/www.europesays.com\/hu\/213491\/"},"modified":"2026-08-19T05:38:07","modified_gmt":"2026-08-19T05:38:07","slug":"oscar-emmy-grammy-es-tony-dijas-es-90-folott-csatlakozott-a-halalos-iramban-filmekhez","status":"publish","type":"post","link":"https:\/\/www.europesays.com\/hu\/213491\/","title":{"rendered":"Oscar-, Emmy-, Grammy- \u00e9s Tony-d\u00edjas, \u00e9s 90 f\u00f6l\u00f6tt csatlakozott a Hal\u00e1los iramban-filmekhez"},"content":{"rendered":"<p>Rita Moreno p\u00e1ly\u00e1ja \u00f6nmag\u00e1ban is filmt\u00f6rt\u00e9net: \u0151 az egyik kev\u00e9s m\u0171v\u00e9sz, aki Oscart, Emmyt, Grammyt \u00e9s Tony-d\u00edjat is nyert, vagyis tagja az \u00fagynevezett EGOT-klubnak. Olyan klasszikusokban j\u00e1tszott, mint az \u00c9nek az es\u0151ben, A kir\u00e1ly \u00e9s \u00e9n vagy a West Side Story, mik\u00f6zben \u00e9vtizedeken \u00e1t kellett megk\u00fczdenie azzal is, hogy <a href=\"https:\/\/nlc.hu\/sztarok\/20250616\/sztarallurok-hollywoodban\/\" target=\"_blank\" rel=\"noopener nofollow\">Hollywood<\/a> latin-amerikai sz\u00edn\u00e9szn\u0151k\u00e9nt szinte kiz\u00e1r\u00f3lag sztereotip szerepeket k\u00edn\u00e1lt neki.<\/p>\n<p>Rita Moreno \u00f6t\u00e9vesen \u00e9rkezett New Yorkba<\/p>\n<p>Rita Moreno 1931. december 11-\u00e9n sz\u00fcletett Rosa Dolores Alver\u00edo n\u00e9ven a Puerto Ric\u00f3-i Humaca\u00f3ban, gyermekkor\u00e1t pedig a k\u00f6zeli Juncosban t\u00f6lt\u00f6tte. \u00d6t\u00e9ves volt, amikor \u00e9desanyj\u00e1val New Yorkba k\u00f6lt\u00f6z\u00f6tt. Nem sokkal k\u00e9s\u0151bb t\u00e1ncolni kezdett, tizenegy \u00e9vesen pedig m\u00e1r amerikai filmek spanyol nyelv\u0171 v\u00e1ltozataihoz k\u00f6lcs\u00f6n\u00f6zte a hangj\u00e1t.<\/p>\n<p>Mind\u00f6ssze 13 \u00e9vesen mutatkozott be a Broadwayn a Skydrift c\u00edm\u0171 darabban. N\u00e9h\u00e1ny \u00e9v m\u00falva egy tehets\u00e9gkutat\u00f3 Louis B. Mayerhez, az MGM legend\u00e1s st\u00fadi\u00f3f\u0151n\u00f6k\u00e9hez vitte. Mayernek annyira megtetszett a fiatal sz\u00edn\u00e9szn\u0151, hogy szerz\u0151d\u00e9st aj\u00e1nlott neki.<\/p>\n<p>Moreno az \u00f6tvenes \u00e9vek elej\u00e9n sorra kapta a filmszerepeket. Felt\u0171nt az 1952-es \u00c9nek az es\u0151ben c\u00edm\u0171 musicalben Gene Kelly \u00e9s Debbie Reynolds mellett, majd A kir\u00e1ly \u00e9s \u00e9n c\u00edm\u0171 1956-os klasszikusban is. Csakhogy az \u00e1lomkarriernek volt egy nagyon s\u00f6t\u00e9t oldala is.<\/p>\n<p>Hollywood sztereotip szerepekbe k\u00e9nyszer\u00edtette<\/p>\n<p>Moreno k\u00e9s\u0151bb ny\u00edltan besz\u00e9lt arr\u00f3l, mennyire megal\u00e1z\u00f3nak \u00e9lte meg azokat a karaktereket, amelyeket fiatal latin-amerikai sz\u00edn\u00e9szn\u0151k\u00e9nt r\u00e1osztottak. Hollywood az \u00f6tvenes \u00e9vekben \u00fajra \u00e9s \u00fajra egzotikus, er\u0151s akcentussal besz\u00e9l\u0151 n\u0151k\u00e9nt akarta l\u00e1tni, r\u00e1ad\u00e1sul sokszor m\u00e9g csak nem is latin-amerikai karaktereket alak\u00edtott.<\/p>\n<p>A CBS 60 Minutes c\u00edm\u0171 m\u0171sor\u00e1nak adott interj\u00faj\u00e1ban felid\u00e9zte, hogy indi\u00e1nnak, polin\u00e9z n\u0151nek \u00e9s sz\u00e1mtalan m\u00e1s, sztereotip m\u00f3don \u00e1br\u00e1zolt figur\u00e1nak is be\u00f6lt\u00f6ztett\u00e9k. Sok ilyen munk\u00e1t az\u00e9rt v\u00e1llalt el, mert egyszer\u0171en nem k\u00edn\u00e1ltak neki m\u00e1st. Az \u00e1tt\u00f6r\u00e9st v\u00e9g\u00fcl egy olyan szerep hozta el sz\u00e1m\u00e1ra, amelyben el\u0151sz\u00f6r \u00e9rezte azt, hogy egy latin-amerikai n\u0151nek m\u00e9lt\u00f3s\u00e1got, \u00f6n\u00e1ll\u00f3 szem\u00e9lyis\u00e9get \u00e9s val\u00f3di karaktert adhat. Ez volt Anita a West Side Storyban.<\/p>\n<p>Rita Moreno t\u00f6rt\u00e9nelmet \u00edrt a West Side Storyval<\/p>\n<p>Az 1961-es <a href=\"https:\/\/nlc.hu\/szabadido\/20211209\/west-side-story-steven-spielberg-kritika\/\" target=\"_blank\" rel=\"noopener nofollow\">West Side Story<\/a> minden id\u0151k egyik legismertebb filmmusicalje lett, Rita Moreno alak\u00edt\u00e1sa pedig filmt\u00f6rt\u00e9nelmi jelent\u0151s\u00e9g\u0171nek bizonyult. Az 1962-es Oscar-g\u00e1l\u00e1n \u0151 kapta a legjobb n\u0151i mell\u00e9kszerepl\u0151nek j\u00e1r\u00f3 d\u00edjat. Ezzel \u0151 lett az els\u0151 latin-amerikai n\u0151, aki sz\u00edn\u00e9szi kateg\u00f3ri\u00e1ban Oscar-d\u00edjat nyert. A film egy\u00e9bk\u00e9nt elk\u00e9peszt\u0151 sikert aratott: 11 jel\u00f6l\u00e9s\u00e9b\u0151l t\u00edzet d\u00edjra v\u00e1ltott.<\/p>\n<p>Az ember azt gondoln\u00e1, hogy egy Oscar ut\u00e1n a legjobb hollywoodi szerepek sorban \u00e1lltak az ajtaja el\u0151tt. Moreno eset\u00e9ben azonban \u00e9ppen az ellenkez\u0151je t\u00f6rt\u00e9nt. Tov\u00e1bbra is f\u0151k\u00e9nt ugyanolyan sztereotip karaktereket aj\u00e1nlottak neki, amelyekb\u0151l m\u00e1r elege volt. Ez\u00e9rt egy id\u0151re h\u00e1tat ford\u00edtott a mozifilmeknek, \u00e9s ink\u00e1bb a sz\u00ednh\u00e1z, illetve a telev\u00edzi\u00f3 fel\u00e9 fordult.<\/p>\n<p>Oscar, Grammy, Tony \u00e9s k\u00e9t Emmy is \u00f6sszej\u00f6tt<\/p>\n<p>A d\u00f6nt\u00e9s v\u00e9g\u00fcl egy\u00e1ltal\u00e1n nem bizonyult rossznak. Moreno 1973-ban Grammy-d\u00edjat kapott a The Electric Company c\u00edm\u0171 gyerekm\u0171sor album\u00e1\u00e9rt, 1975-ben pedig a The Ritz c\u00edm\u0171 Broadway-darabban ny\u00fajtott alak\u00edt\u00e1s\u00e1val Tony-d\u00edjat nyert.<\/p>\n<p>1977-ben a The Muppet Show egyik epiz\u00f3dj\u00e1\u00e9rt Emmy-d\u00edjat kapott, egy \u00e9vvel k\u00e9s\u0151bb pedig a The Rockford Filesban ny\u00fajtott vend\u00e9gszerepl\u00e9s\u00e9\u00e9rt egy m\u00e1sodik Emmyt is hazavihetett.<\/p>\n<p>Ezzel Moreno beker\u00fclt az EGOT-d\u00edjasok rendk\u00edv\u00fcl sz\u0171k k\u00f6r\u00e9be. A bet\u0171sz\u00f3 az Emmy, Grammy, Oscar \u00e9s Tony nev\u00e9b\u0151l \u00e1ll, vagyis azok a m\u0171v\u00e9szek tartoznak ide, akik az amerikai sz\u00f3rakoztat\u00f3ipar mind a n\u00e9gy nagy d\u00edj\u00e1t megszerezt\u00e9k.<\/p>\n<p>Moreno r\u00e1ad\u00e1sul az els\u0151k k\u00f6z\u00f6tt teljes\u00edtette ezt: a CBS szerint harmadik el\u0151ad\u00f3k\u00e9nt jutott el az EGOT-ig.<\/p>\n<p>Hatvan \u00e9v ut\u00e1n \u00fajra visszat\u00e9rt a West Side Storyhoz<\/p>\n<p>Tal\u00e1n p\u00e1ly\u00e1ja egyik legszebb fordulata, hogy hat \u00e9vtizeddel azut\u00e1n, hogy Anita szerepe Oscar-d\u00edjat hozott neki, Rita Moreno ism\u00e9t szerepet kapott a West Side Storyban.<\/p>\n<p>Steven Spielberg 2021-es feldolgoz\u00e1s\u00e1ban m\u00e1r nem Anit\u00e1t alak\u00edtotta, hanem Valentin\u00e1t, egy kifejezetten sz\u00e1m\u00e1ra l\u00e9trehozott karaktert. A film executive producerek\u00e9nt is k\u00f6zrem\u0171k\u00f6d\u00f6tt.<\/p>\n<p>Spielberg sz\u00e1m\u00e1ra Moreno egyfajta \u00e9l\u0151 kapocs volt az 1961-es klasszikus \u00e9s az \u00faj szerepl\u0151g\u00e1rda k\u00f6z\u00f6tt. \u00c9s ekkor Moreno m\u00e1r k\u00f6zel j\u00e1rt a kilencvenhez.<\/p>\n<p>Azt\u00e1n 91 \u00e9vesen meg\u00e9rkezett a Hal\u00e1los iramban vil\u00e1g\u00e1ba<\/p>\n<p>Az ember aligha gondoln\u00e1, hogy a West Side Story Oscar-d\u00edjas szt\u00e1rj\u00e1nak p\u00e1ly\u00e1ja egyszer majd Vin Diesel aut\u00f3s akci\u00f3filmjeivel keresztezi egym\u00e1st, pedig pontosan ez t\u00f6rt\u00e9nt.<\/p>\n<p>2023-ban Rita Moreno szerepet kapott a Fast X-ben, a Hal\u00e1los iramban-sorozat tizedik r\u00e9sz\u00e9ben. Abuelita Torett\u00f3t, Dominic, Mia \u00e9s Jakob Toretto nagymam\u00e1j\u00e1t j\u00e1tszotta. A t\u00f6rt\u00e9netnek van egy k\u00fcl\u00f6n\u00f6sen kedves r\u00e9szlete is: Moreno unok\u00e1ja \u00e1ll\u00edt\u00f3lag szem\u00e9lyesen gy\u0151zk\u00f6dte <a href=\"https:\/\/nlc.hu\/sztarok\/20170119\/vin-diesel-csalad-xxx-halalos-iramban\/\" target=\"_blank\" rel=\"noopener nofollow\">Vin Dieselt<\/a> arr\u00f3l, hogy a nagymam\u00e1j\u00e1nak ott lenne a helye a filmben. A sz\u00edn\u00e9szn\u0151 k\u00e9s\u0151bb elmes\u00e9lte, hogy unok\u00e1ja m\u00e1ig meg van gy\u0151z\u0151dve arr\u00f3l, tulajdonk\u00e9ppen \u0151 szerezte neki a szerepet. Vin Diesel pedig kor\u00e1bban arr\u00f3l besz\u00e9lt, r\u00e9g\u00f3ta \u00e1lma volt egy\u00fctt dolgozni Moren\u00f3val.<\/p>\n<p>A sz\u00edn\u00e9szn\u0151 ugyanebben az \u00e9vben egy eg\u00e9szen m\u00e1s m\u0171faj\u00fa produkci\u00f3ban is felt\u0171nt: szerepelt a Netflix Family Switch c\u00edm\u0171 csal\u00e1di v\u00edgj\u00e1t\u00e9k\u00e1ban Jennifer Garner \u00e9s Ed Helms oldal\u00e1n. Vagyis mik\u00f6zben m\u00e1soknak m\u00e1r az is \u00e9letm\u0171 lenne, amit Moreno harminc\u00e9ves kor\u00e1ig el\u00e9rt, \u0151 t\u00f6bb mint hat \u00e9vtizeddel k\u00e9s\u0151bb is forgatott.<\/p>\n<p>Rita Moreno decemberben m\u00e1r 95 \u00e9ves lesz<\/p>\n<p>Rita Moreno 2026. december 11-\u00e9n t\u00f6lti be a 95. \u00e9let\u00e9v\u00e9t. P\u00e1ly\u00e1ja pedig nemcsak az\u00e9rt k\u00fcl\u00f6nleges, mert t\u00f6bb mint nyolc \u00e9vtizeden kereszt\u00fcl jelen tudott maradni egy olyan ipar\u00e1gban, amely h\u00edresen gyorsan elfelejti egykori szt\u00e1rjait.<\/p>\n<p>Az \u0151 t\u00f6rt\u00e9net\u00e9hez az is hozz\u00e1tartozik, hogy a sikerei jelent\u0151s r\u00e9sz\u00e9t olyan akad\u00e1lyok ellen\u00e9re \u00e9rte el, amelyekkel feh\u00e9r koll\u00e9g\u00e1inak nem kellett megk\u00fczdeni\u00fck. Az Oscar sem t\u00fcntette el egyik napr\u00f3l a m\u00e1sikra a <a href=\"https:\/\/marieclaire.hu\/sztarok\/2022\/01\/30\/hollywood-aranykor-diva-szineszno-titok\/\" target=\"_blank\" rel=\"noopener noreferrer nofollow\">hollywoodi el\u0151\u00edt\u00e9leteket<\/a>, Moreno azonban nem hagyta abba a munk\u00e1t. Tal\u00e1n ez\u00e9rt is k\u00fcl\u00f6n\u00f6sen tal\u00e1l\u00f3, ahogyan egyszer saj\u00e1t mag\u00e1t jellemezte: nem kem\u00e9nynek tartja mag\u00e1t, hanem ellen\u00e1ll\u00f3nak. Olyannak, aki \u00fajra \u00e9s \u00fajra fel tud \u00e1llni a padl\u00f3r\u00f3l, b\u00e1rmi is t\u00f6rt\u00e9nj\u00e9k.<\/p>\n<p>Fot\u00f3: \u00a0Frazer Harrison\/Getty Images<\/p>\n","protected":false},"excerpt":{"rendered":"Rita Moreno p\u00e1ly\u00e1ja \u00f6nmag\u00e1ban is filmt\u00f6rt\u00e9net: \u0151 az egyik kev\u00e9s m\u0171v\u00e9sz, aki Oscart, Emmyt, Grammyt \u00e9s Tony-d\u00edjat is&hellip;\n","protected":false},"author":2,"featured_media":213492,"comment_status":"","ping_status":"","sticky":false,"template":"","format":"standard","meta":{"footnotes":"","_share_on_mastodon":"0"},"categories":[21],"tags":[198,137,7295,199,409,44,42,40,43,41,57979,138,235],"class_list":["post-213491","post","type-post","status-publish","format-standard","has-post-thumbnail","category-hiressegek","tag-celebrities","tag-entertainment","tag-halalos-iramban","tag-hiressegek","tag-hollywood","tag-hu","tag-hungarian","tag-hungary","tag-magyar","tag-magyarorszag","tag-rita-moreno","tag-szorakozas","tag-sztarok"],"share_on_mastodon":{"url":"https:\/\/pubeurope.com\/@hu\/117120565641292933","error":""},"_links":{"self":[{"href":"https:\/\/www.europesays.com\/hu\/wp-json\/wp\/v2\/posts\/213491","targetHints":{"allow":["GET"]}}],"collection":[{"href":"https:\/\/www.europesays.com\/hu\/wp-json\/wp\/v2\/posts"}],"about":[{"href":"https:\/\/www.europesays.com\/hu\/wp-json\/wp\/v2\/types\/post"}],"author":[{"embeddable":true,"href":"https:\/\/www.europesays.com\/hu\/wp-json\/wp\/v2\/users\/2"}],"replies":[{"embeddable":true,"href":"https:\/\/www.europesays.com\/hu\/wp-json\/wp\/v2\/comments?post=213491"}],"version-history":[{"count":0,"href":"https:\/\/www.europesays.com\/hu\/wp-json\/wp\/v2\/posts\/213491\/revisions"}],"wp:featuredmedia":[{"embeddable":true,"href":"https:\/\/www.europesays.com\/hu\/wp-json\/wp\/v2\/media\/213492"}],"wp:attachment":[{"href":"https:\/\/www.europesays.com\/hu\/wp-json\/wp\/v2\/media?parent=213491"}],"wp:term":[{"taxonomy":"category","embeddable":true,"href":"https:\/\/www.europesays.com\/hu\/wp-json\/wp\/v2\/categories?post=213491"},{"taxonomy":"post_tag","embeddable":true,"href":"https:\/\/www.europesays.com\/hu\/wp-json\/wp\/v2\/tags?post=213491"}],"curies":[{"name":"wp","href":"https:\/\/api.w.org\/{rel}","templated":true}]}}