{"id":215659,"date":"2026-08-21T03:43:10","date_gmt":"2026-08-21T03:43:10","guid":{"rendered":"https:\/\/www.europesays.com\/hu\/215659\/"},"modified":"2026-08-21T03:43:10","modified_gmt":"2026-08-21T03:43:10","slug":"elarulta-gerendai-karoly-hogy-mi-lesz-a-sziget-jovoje","status":"publish","type":"post","link":"https:\/\/www.europesays.com\/hu\/215659\/","title":{"rendered":"El\u00e1rulta Gerendai K\u00e1roly, hogy mi lesz a Sziget j\u00f6v\u0151je"},"content":{"rendered":"<p>\u201eAz \u00e1raz\u00e1s is \u00fajra \u00e9s \u00fajra felmer\u00fcl, hogy mit b\u00edr el a k\u00f6z\u00f6ns\u00e9g. Azonban a bel\u00e9p\u0151jegy\u00e1rak nagyj\u00e1b\u00f3l annyiba ker\u00fclnek, mint egy nagy nemzetk\u00f6zi fell\u00e9p\u0151 koncertje az Ar\u00e9n\u00e1ban vagy a Pusk\u00e1s Stadionban, mik\u00f6zben a k\u00f6lts\u00e9geink messze magasabbak. Ezzel nem nagyon tudunk mit csin\u00e1lni\u201d \u2013 mondta el a <a href=\"https:\/\/www.youtube.com\/watch?v=bQr2lE3qlIY\" target=\"_blank\" rel=\"nofollow noopener\">Trend FM-nek <\/a>adott interj\u00faban Gerendai K\u00e1roly, a Sziget Fesztiv\u00e1l alap\u00edt\u00f3ja, miut\u00e1n\u00a0az idei, v\u00e1rtn\u00e1l gyeng\u00e9bb eredm\u00e9nyek h\u00e1tter\u00e9r\u0151l \u00e9s a jegy\u00e1rakr\u00f3l k\u00e9rdezt\u00e9k. A 2026-os Sziget m\u00e9rleg\u00e9r\u0151l b\u0151vebben ebben a cikkben olvashatnak:<\/p>\n<p>\t\t\t\t<img decoding=\"async\" src=\"https:\/\/www.europesays.com\/hu\/wp-content\/uploads\/2026\/08\/gerendai-karoly-nem-ugy-alakultak-a-szamok-a-szigeten-ahogy-terveztek_th.jpg\" alt=\"Gerendai K\u00e1roly: Nem \u00fagy alakultak a sz\u00e1mok a Szigeten, ahogy tervezt\u00e9k \" class=\"cikkajanlo-kep img-fluid mb-0\"\/><\/p>\n<p>Emellett Gerendai kiemelte, hogy a kor\u00e1bbi tulajdonos d\u00f6nt\u00e9se \u00e9s a politikai huzavona miatt majdnem n\u00e9gy h\u00f3nap k\u00e9s\u00e9ssel tudtak belefogni az idei fesztiv\u00e1l szervez\u00e9s\u00e9be, ami miatt az els\u0151 jegy\u00e9rt\u00e9kes\u00edt\u00e9si id\u0151szakot elbukt\u00e1k, \u00e9s sok fell\u00e9p\u0151 is elk\u00f6telez\u0151d\u00f6tt m\u00e1r m\u00e1shov\u00e1 erre az id\u0151szakra.<\/p>\n<p>A Sziget alap\u00edt\u00f3ja kiemelte, hogy olyan fejleszt\u00e9seket hajtottak v\u00e9gre, amelyek a l\u00e1togat\u00f3k k\u00f6z\u00e9rzet\u00e9t, az \u00e9lm\u00e9nyt n\u00f6velt\u00e9k. Az a c\u00e9ljuk, hogy a Szigetre l\u00e1togat\u00f3k \u201ene csak azt n\u00e9zz\u00e9k, hogy egy koncertre j\u00f6nnek, hanem egy komplett nyaral\u00e1s\u00e9lm\u00e9nyt, fesztiv\u00e1l\u00e9lm\u00e9nyt\u201d kapjanak.<\/p>\n<p>&#13;<\/p>\n<p>\u201eA v\u00e9grehajtott fejleszt\u00e9sek azt szolg\u00e1lj\u00e1k, hogy megalapozzuk a j\u00f6v\u0151t\u201d<\/p>\n<p>&#13;<\/p>\n<p>\u2013 fogalmazott Gerendai, aki b\u00edzik benne, hogy ism\u00e9t siker\u00fcl egy n\u00f6vekv\u0151 \u00e9s fejl\u0151d\u0151 p\u00e1ly\u00e1ra \u00e1ll\u00edtani a fesztiv\u00e1lt. Az idei \u00e9vre eleve vesztes\u00e9ggel sz\u00e1moltak (b\u00e1r a t\u00e9nyleges m\u00ednusz m\u00e9g ann\u00e1l is nagyobb lett), de nem cs\u00f6kkentett\u00e9k a k\u00f6lts\u00e9gvet\u00e9st, hanem p\u00e9nzeket csoportos\u00edtottak \u00e1t, amelyekb\u0151l fejleszt\u00e9seket hajtottak v\u00e9gre (ez\u00e9rt is lett egy nappal r\u00f6videbb az idei fesztiv\u00e1l).<\/p>\n<p>&#13;<\/p>\n<p>\u201eAz idei vesztes\u00e9g befektet\u00e9s volt a j\u00f6v\u0151be\u201d \u2013 tette hozz\u00e1. Majd kijelentette, hogy j\u00f6v\u0151re mindenk\u00e9pp meg fogj\u00e1k csin\u00e1lni a Szigetet a jelenlegi partnerekkel, alv\u00e1llalkoz\u00f3kkal. Megl\u00e1tj\u00e1k, hogy mi lesz erre a k\u00f6z\u00f6ns\u00e9g reakci\u00f3ja. Ha a l\u00e1togat\u00f3k sz\u00e1ma \u00e9s a bev\u00e9telek is n\u0151nek, akkor t\u00e9nyleg j\u00f3 \u00faton haladnak, ha viszont nem, akkor \u201eel kell gondolkodni\u201d a tov\u00e1bbiakr\u00f3l.<\/p>\n<p>&#13;<\/p>\n<p>K\u00e9t jelent\u0151s probl\u00e9m\u00e1t id\u00e9n nem siker\u00fclt megoldani, de j\u00f6v\u0151re javulhat a helyzet. Az egyik az \u00e9vtizedek \u00f3ta egyre rosszabb \u00e1llapotban l\u00e9v\u0151\u00a0K-h\u00edd, amelynek a fel\u00faj\u00edt\u00e1sa a F\u0151v\u00e1rosi \u00d6nkorm\u00e1nyzat \u00edg\u00e9rete szerint szeptemberben v\u00e9gre elindulhat.<\/p>\n<p>\t\t\t\t<img decoding=\"async\" src=\"https:\/\/www.europesays.com\/hu\/wp-content\/uploads\/2026\/08\/1787283790_974_nincs-cim_th.jpg\" alt=\" \" class=\"cikkajanlo-kep img-fluid mb-0\"\/><\/p>\n<p>A m\u00e1sik az \u00f3ri\u00e1si por, ami szinte minden \u00e9vben felmer\u00fcl, de id\u00e9n a sz\u00e1razs\u00e1g csak r\u00e1tett egy lap\u00e1ttal. Gerendai szerint pedig rengeteg fejleszt\u00e9st hajtottak v\u00e9gre, de ezzel csak azt tudt\u00e1k el\u00e9rni, hogy a porhelyzet nem romlott m\u00e9g tov\u00e1bb a kor\u00e1bbi \u00e9vekhez k\u00e9pest. A f\u0151v\u00e1rost\u00f3l viszont itt is \u00edg\u00e9retet kaptak k\u00e9t f\u00fart k\u00fat l\u00e9trehoz\u00e1s\u00e1ra, amelyekb\u0151l \u00e9v k\u00f6zben is megoldhat\u00f3 lesz, hogy locsolj\u00e1k a k\u00f6zparkot.<\/p>\n","protected":false},"excerpt":{"rendered":"\u201eAz \u00e1raz\u00e1s is \u00fajra \u00e9s \u00fajra felmer\u00fcl, hogy mit b\u00edr el a k\u00f6z\u00f6ns\u00e9g. Azonban a bel\u00e9p\u0151jegy\u00e1rak nagyj\u00e1b\u00f3l annyiba&hellip;\n","protected":false},"author":2,"featured_media":215660,"comment_status":"","ping_status":"","sticky":false,"template":"","format":"standard","meta":{"footnotes":"","_share_on_mastodon":"0"},"categories":[8],"tags":[15630,8361,42,43,454,34,94,93,92,13521],"class_list":["post-215659","post","type-post","status-publish","format-standard","has-post-thumbnail","category-vilag","tag-fesztivalok","tag-gerendai-karoly","tag-hungarian","tag-magyar","tag-makro","tag-news","tag-vilag","tag-world","tag-world-news","tag-zeneipar"],"share_on_mastodon":{"url":"https:\/\/pubeurope.com\/@hu\/117131438384848454","error":""},"_links":{"self":[{"href":"https:\/\/www.europesays.com\/hu\/wp-json\/wp\/v2\/posts\/215659","targetHints":{"allow":["GET"]}}],"collection":[{"href":"https:\/\/www.europesays.com\/hu\/wp-json\/wp\/v2\/posts"}],"about":[{"href":"https:\/\/www.europesays.com\/hu\/wp-json\/wp\/v2\/types\/post"}],"author":[{"embeddable":true,"href":"https:\/\/www.europesays.com\/hu\/wp-json\/wp\/v2\/users\/2"}],"replies":[{"embeddable":true,"href":"https:\/\/www.europesays.com\/hu\/wp-json\/wp\/v2\/comments?post=215659"}],"version-history":[{"count":0,"href":"https:\/\/www.europesays.com\/hu\/wp-json\/wp\/v2\/posts\/215659\/revisions"}],"wp:featuredmedia":[{"embeddable":true,"href":"https:\/\/www.europesays.com\/hu\/wp-json\/wp\/v2\/media\/215660"}],"wp:attachment":[{"href":"https:\/\/www.europesays.com\/hu\/wp-json\/wp\/v2\/media?parent=215659"}],"wp:term":[{"taxonomy":"category","embeddable":true,"href":"https:\/\/www.europesays.com\/hu\/wp-json\/wp\/v2\/categories?post=215659"},{"taxonomy":"post_tag","embeddable":true,"href":"https:\/\/www.europesays.com\/hu\/wp-json\/wp\/v2\/tags?post=215659"}],"curies":[{"name":"wp","href":"https:\/\/api.w.org\/{rel}","templated":true}]}}