{"id":216354,"date":"2026-08-21T18:10:11","date_gmt":"2026-08-21T18:10:11","guid":{"rendered":"https:\/\/www.europesays.com\/hu\/216354\/"},"modified":"2026-08-21T18:10:11","modified_gmt":"2026-08-21T18:10:11","slug":"index-kultur-az-ellenallhatatlan-voros-demon-akit-mar-hatszor-kikosaraztak","status":"publish","type":"post","link":"https:\/\/www.europesays.com\/hu\/216354\/","title":{"rendered":"Index &#8211; Kult\u00far &#8211; Az ellen\u00e1llhatatlan v\u00f6r\u00f6s d\u00e9mon, akit m\u00e1r hatszor kikosaraztak"},"content":{"rendered":"<p>Amy Adams 1974-ben sz\u00fcletett az olaszorsz\u00e1gi Vicenz\u00e1ban, amerikai katonacsal\u00e1d gyermekek\u00e9nt, majd Colorad\u00f3ban n\u0151tt fel. Fiatalon t\u00e1nccal \u00e9s musicalekkel pr\u00f3b\u00e1lkozott, Hollywoodba \u00e9rkezve azonban nem v\u00e1rt r\u00e1 azonnal t\u00fcnd\u00e9rmese. A k\u00e9tezres \u00e9vek elej\u00e9n kisebb szerepek k\u00f6vett\u00e9k egym\u00e1st. Felt\u0171nt t\u00f6bbek k\u00f6zt az Azok a 70-es \u00e9vek Show-ban, a B\u0171b\u00e1jos boszork\u00e1kban \u00e9s a Buffy, a v\u00e1mp\u00edrok r\u00e9m\u00e9ben, majd Steven Spielberg Kapj el, ha tudsz! c\u00edm\u0171 filmj\u00e9ben is. A nagy \u00e1tt\u00f6r\u00e9s m\u00e9gis v\u00e1ratott mag\u00e1ra.<\/p>\n<p>Tal\u00e1n \u00e9ppen ez\u00e9rt lett annyira fontos sz\u00e1m\u00e1ra a 2005-\u00f6s Junebug. Ashley szerep\u00e9ben a h\u00e9tk\u00f6znapi kedvess\u00e9g m\u00f6g\u00f6tt rejl\u0151 \u00e9rz\u00e9kenys\u00e9get mutatta be, az alak\u00edt\u00e1st pedig a szakma is d\u00edjazta, t\u00f6bbek k\u00f6zt els\u0151 alkalommal jel\u00f6lt\u00e9k Oscar-d\u00edjra. Ett\u0151l kezdve m\u00e1r nem egy szimpla \u201ed\u00f6g\u00f6s, v\u00f6r\u00f6s\u201d volt a hollywoodi g\u00e9pezetben. Adams <a href=\"https:\/\/www.timeout.com\/film\/amy-adams-interview-my-relationship-with-work-feels-healthy?utm_source=chatgpt.com\" id=\"hyperlink_079c8b88190f46f3f650f0d30a475951\" rel=\"nofollow noopener\" target=\"_blank\">saj\u00e1t bevall\u00e1sa szerint<\/a> \u00f6r\u00fclt annak, hogy a siker nem h\u00fasz\u00e9vesen j\u00f6tt: \u201eKor\u00e1bban nem lettem volna felk\u00e9sz\u00fclve arra a fajta nyom\u00e1sra \u00e9s figyelemre, \u00e9s nem lett volna meg bennem az a bullshit-m\u00e9r\u0151 sem, amelyet az ember feln\u0151ttk\u00e9nt fejleszt ki\u201d.<\/p>\n<p>                        Szexi d\u00e9mont\u00f3l a naiv d\u00edv\u00e1ig<\/p>\n<p>Ez a k\u00e9s\u0151n \u00e9rkez\u0151 magabiztoss\u00e1g v\u00e9gigk\u00eds\u00e9ri a p\u00e1ly\u00e1j\u00e1t. Adams ugyanis soha nem a szerepek nagys\u00e1g\u00e1val m\u00e9rte a saj\u00e1t jelent\u0151s\u00e9g\u00e9t. A K\u00e9tely fojtott fesz\u00fclts\u00e9ge, a The Fighter \u2013 A harcos csal\u00e1di d\u00fche, Paul Thomas Anderson The Master c\u00edm\u0171 filmj\u00e9nek kisz\u00e1m\u00edthatatlan vil\u00e1ga vagy A n\u0151 finom melank\u00f3li\u00e1ja megmutatta, hogy mennyire pontosan k\u00e9pes alkalmazkodni egy film t\u00f3nus\u00e1hoz.<\/p>\n<p>K\u00f6zben ott volt egy m\u00e1sik Amy Adams is. A B\u0171b\u00e1j naiv, sug\u00e1rz\u00f3 Giselle-je, majd az Amerikai botr\u00e1ny mer\u00e9sz, szexu\u00e1lis energi\u00e1val teli Sydney Prosserje. P\u00e1ly\u00e1ja egyik legnagyobb er\u00e9nye \u00e9ppen az, hogy ezek az alak\u00edt\u00e1sok nem kioltj\u00e1k, hanem er\u0151s\u00edtik egym\u00e1st. A kritikusok sz\u00e1m\u00e1ra tal\u00e1n a The Master jelentette a v\u00e9gleges bizony\u00edt\u00e9kot arra, hogy Adamsben nem egyszer\u0171en egy \u201ej\u00f3 sz\u00edn\u00e9szn\u0151\u201d, hanem kiv\u00e9telesen fegyelmezett \u00e9s intuit\u00edv m\u0171v\u00e9sz dolgozik.\u00a0<\/p>\n<p>Hat Oscar-jel\u00f6l\u00e9se \u00f6nmag\u00e1ban is ritka p\u00e1lya\u00edvet rajzol ki. M\u00e9g \u00e9rdekesebb, hogy ezek k\u00f6z\u00f6tt mennyire kev\u00e9s az ism\u00e9tl\u0151d\u0151 szerept\u00edpus.<\/p>\n<p>Adams nem egyetlen karaktert t\u00f6k\u00e9letes\u00edtett, hanem mindig m\u00e1s arc\u00e1t mutatja. Tal\u00e1n ez\u00e9rt is annyira megh\u00f6kkent\u0151, hogy a jel\u00f6l\u00e9sek ellen\u00e9re m\u00e9g mindig nem kapta meg a karriercs\u00facsnak sz\u00e1m\u00edt\u00f3 aranyszobrot. A 2016-os \u00c9rkez\u00e9s f\u0151szerep\u00e9ben eljutott egy olyan figur\u00e1hoz, amelyben kor\u00e1bbi munk\u00e1inak szinte minden tapasztalata \u00f6sszes\u0171r\u0171s\u00f6d\u00f6tt. Louise nyelv\u00e9sz, tud\u00f3s \u00e9s anya, akinek intellektusa legal\u00e1bb olyan fontos, mint az \u00e9rzelmei.<\/p>\n<p>\u00dagy \u00e9reztem, ismerem \u0151t. \u0150 egy minden n\u0151 sz\u00e1m\u00e1ra ismer\u0151s figura. \u0150 \u00e9n voltam, pedig nem gyakran l\u00e1tom magam a karaktereimben<\/p>\n<p>\u2013 mondta egy <a href=\"https:\/\/www.latimes.com\/entertainment\/movies\/la-et-mn-arrival-amy-adams-20160904-snap-story.html?utm_source=chatgpt.com\" id=\"hyperlink_f8c5af1253d9a2d821b81db5144ead15\" rel=\"nofollow noopener\" target=\"_blank\">interj\u00faban<\/a>. Ritka vallom\u00e1s ez egy sz\u00edn\u00e9szt\u0151l, aki egy\u00e9bk\u00e9nt h\u00edres arr\u00f3l, hogy milyen gondosan v\u00e1lasztja el saj\u00e1t szem\u00e9lyis\u00e9g\u00e9t a szerepeit\u0151l. A 2016-os \u00e9v k\u00fcl\u00f6n\u00f6sen er\u0151snek bizonyult a karrierj\u00e9ben, ugyanis egy m\u00e1sik mesterm\u0171ben, az \u00c9jszakai ragadoz\u00f3kban is felt\u0171nt, de ironikus m\u00f3don pont ezek\u00e9rt a filmek\u00e9rt nem jel\u00f6lt\u00e9k Oscarra.<\/p>\n<p>                        Az Oscar m\u00e9g v\u00e1rat mag\u00e1ra<\/p>\n<p>A <a href=\"https:\/\/index.hu\/kultur\/2026\/08\/10\/gillian-flynn-konyv-iro-eles-targyak-holtodiglan-thriller-david-fincher-rosamund-pike-amy-adams\/\" id=\"hyperlink_458a36f6bd3f51b3c8e4b9ca15323e91\" target=\"_blank\" title=\"Az egyenjog\u00fas\u00e1g r\u00e9sze, hogy a n\u0151k is ugyanolyan romlottak, mint a f\u00e9rfiak\" rel=\"nofollow noopener\">Gillian Flynn<\/a> reg\u00e9nye alapj\u00e1n k\u00e9sz\u00fclt \u00c9les t\u00e1rgyak minden addigi b\u00e1jt leh\u00e1ntott r\u00f3la. Sebzett, \u00f6npuszt\u00edt\u00f3, keser\u0171 figura volt, aki mintha saj\u00e1t eml\u00e9kei fogs\u00e1g\u00e1ban \u00e9lne. Az Aleln\u00f6kben Lynne Cheney-k\u00e9nt hidegebb energi\u00e1kat mutatott meg, m\u00edg a 2024-es \u00c9jszakai szuka eg\u00e9szen m\u00e1s ir\u00e1nyba vitte. Marielle Heller filmj\u00e9ben egy any\u00e1t alak\u00edtott, aki a h\u00e1zass\u00e1g, a gyermeknevel\u00e9s \u00e9s az \u00f6nfelad\u00e1s fojtogat\u00f3 mindennapjai k\u00f6zepette lassan azt k\u00e9pzeli, hogy kuty\u00e1v\u00e1 v\u00e1ltozik. Adams j\u00e1t\u00e9ka fantasztikus volt, sokan \u00fajabb Oscar-jel\u00f6l\u00e9st rebesgettek, csak \u00e9ppen a film nem lett j\u00f3, \u00edgy elt\u0171nt a s\u00fcllyeszt\u0151ben. Id\u00e9n az Apple TV+ <a href=\"https:\/\/index.hu\/kultur\/cinematrix\/2026\/06\/08\/cape-fear-retteges-foka-apple-tv-pszichothriller-amy-adams-javier-bardem-pilot-sorozat-remake-kritika\/\" id=\"hyperlink_2e113d76190d8a593e2abb6f5f4599ed\" target=\"_blank\" title=\"Pszichopata \u0151r\u00fclt lett Javier Bardemb\u0151l, r\u00e9szr\u0151l r\u00e9szre betegebb, amit m\u0171vel\" rel=\"nofollow noopener\">Cape Fear<\/a> c\u00edm\u0171 sorozat\u00e1nak f\u0151szerep\u00e9ben volt l\u00e1that\u00f3, ahol ism\u00e9t egy er\u0151s, d\u00e9li n\u0151t form\u00e1l meg.<\/p>\n<p>Im\u00e1dok ac\u00e9los, d\u00e9li n\u0151ket j\u00e1tszani. Ha van sz\u00e1momra testhez\u00e1ll\u00f3 szerepk\u00f6r, akkor ez az<\/p>\n<p>\u2013 <a href=\"https:\/\/nz.news.yahoo.com\/amy-adams-says-her-cape-215247478.html?utm_source=chatgpt.com&amp;guccounter=1&amp;guce_referrer=aHR0cHM6Ly9jaGF0Z3B0LmNvbS8&amp;guce_referrer_sig=AQAAALeInk-4_enHbMkCGJwCJ3NlLpvVRrHD5GGfp6U_AswGN7HSZhuk6Ftz38oeuGSn7k38Rp2IbILh3TkEBv3R1tJ-f0RJa7QZ6p_Z28iPJ_KJPh_L8JusdpJDlAY2_BNgnsTUz8vxxtTDk9KEGKcL7xjL0vVFNW73MXWVDn_PSn66\" id=\"hyperlink_117c282a760c0aca0c475f4eca9a1daf\" rel=\"nofollow noopener\" target=\"_blank\">viccel\u0151d\u00f6tt<\/a> Adams, utalva arra, hogy kifejezetten sokszor j\u00e1tszik d\u00e9li n\u0151ket. Annak ellen\u00e9re, hogy rendre felt\u0171nik nagyobb szerepekben \u2013 id\u00e9n a Cape Fear mellett l\u00e1thatjuk Mundrucz\u00f3 Korn\u00e9l \u00faj m\u0171v\u00e9ben, az At the Sea-ben \u00e9s Taika Waititi rendez\u00e9s\u00e9ben, a Klara \u00e9s a Napban \u2013, az utols\u00f3 igaz\u00e1n kiugr\u00f3 szakmai sikere az \u00c9les t\u00e1rgyak \u00e9s az Aleln\u00f6k volt 2018-b\u00f3l.<\/p>\n<p>Amy Adams nem az a fajta szt\u00e1r, aki minden egyes szereppel \u00fajabb eml\u00e9kezetes gesztust akar elhelyezni a filmt\u00f6rt\u00e9netben. A B\u0171b\u00e1j ragyog\u00f3 meseh\u0151sn\u0151je, a The Master elfojtott erej\u0171 feles\u00e9ge, az \u00c9rkez\u00e9s intellektu\u00e1lis anyuk\u00e1ja vagy az \u00c9les t\u00e1rgyak sebzett \u00fajs\u00e1g\u00edr\u00f3ja l\u00e1tsz\u00f3lag nem is lehetne t\u00e1volabb egym\u00e1st\u00f3l. Mik\u00f6zben Hollywood rendszerint arcokat gy\u00e1rt, \u0151 ink\u00e1bb k\u00fcl\u00f6nlegess\u00e9get, kisug\u00e1rz\u00e1st, kisz\u00e1m\u00edthatatlans\u00e1got k\u00f6lcs\u00f6n\u00f6z a filmeknek. Ezek az er\u00e9nyek pedig n\u00e9lk\u00fcl\u00f6zhetetlen jelens\u00e9gg\u00e9 teszik korunk filmm\u0171v\u00e9szet\u00e9ben.<\/p>\n<p>\n                          (Bor\u00edt\u00f3k\u00e9p:\u00a0Amy Adams r\u00e9szt vesz a 2024-es Governors Awards d\u00edj\u00e1tad\u00f3n a Dolby Theatre-ben, 2024. november 17-\u00e9n Hollywoodban. Fot\u00f3:\u00a0Matt Winkelmeyer \/ Getty Images)\n                        <\/p>\n<p><a href=\"https:\/\/dex.hu\/x.php?id=googlepref_desktop&amp;url=https:\/\/google.com\/preferences\/source?q=https:\/\/index.hu\" class=\"google-pref-banner \" id=\"googlePrefBanner\" rel=\"nofollow noopener\" target=\"_blank\"><\/p>\n<p>    Itt \u00e1ll\u00edtsa be, hogy az Index az els\u0151k k\u00f6z\u00f6tt legyen a Google-tal\u00e1latokban!<\/p>\n<p><\/a><\/p>\n<p>                <a href=\"https:\/\/konyvek.index.hu\/\" target=\"_blank\" rel=\"nofollow noopener\"><br \/>\n                <img decoding=\"async\" src=\"https:\/\/index.hu\/assets\/images\/konyvajanlo\/book_indapress\/book_indapress_logo.svg\" loading=\"lazy\" alt=\"Inda Press Kiad\u00f3\"\/><br \/>\n                <\/a><\/p>\n<p>                <img decoding=\"async\" src=\"https:\/\/www.europesays.com\/hu\/wp-content\/uploads\/2026\/08\/1787335809_835_hogyantudnek.png\" loading=\"lazy\" alt=\"Hogyan tudn\u00e9k \u00e9lni n\u00e9lk\u00fcled?\"\/><\/p>\n<p>Ismerd meg a film m\u00f6g\u00f6tt \u00e1ll\u00f3 m\u0171v\u00e9szek t\u00f6rt\u00e9neteit \u00e9s szerezd be a Hogyan tudn\u00e9k \u00e9lni n\u00e9lk\u00fcled? kulisszak\u00f6nyv\u00e9t!<\/p>\n<p>                <a class=\"book_index_btn\" href=\"https:\/\/indexadhu.hit.gemius.pl\/hitredir?id=nSCbubuYpDWJZLZs0TssLrbt33Lk5kbipuiZrkg89G3.g7&amp;stparam=uidhlvpiig&amp;fastid=hlkzmkpizaaluhlbedwldibviqkk&amp;nc=0&amp;url=https:\/\/www.indapresskiado.hu\/products\/hogyan-tudnek-elni-nelkuled\" target=\"_blank\" rel=\"nofollow noopener\">MEGVESZEM<\/a><\/p>\n<p>    <img loading=\"lazy\" decoding=\"async\" src=\"https:\/\/www.europesays.com\/hu\/wp-content\/uploads\/2026\/08\/1787335811_233_redot.gif\" border=\"0\" height=\"0\" width=\"0\"\/><\/p>\n<p>    <img decoding=\"async\" src=\"https:\/\/index.hu\/assets\/images\/social-follow\/logo-big.svg\" alt=\"Index.hu logo\"\/><\/p>\n<p>K\u00f6vesse az Indexet Facebookon is!<\/p>\n<p>    <a href=\"https:\/\/facebook.com\/Indexhu\" target=\"_blank\" rel=\"nofollow noopener\"><\/p>\n<p>        K\u00f6vetem!<br \/>\n    <\/a><\/p>\n","protected":false},"excerpt":{"rendered":"Amy Adams 1974-ben sz\u00fcletett az olaszorsz\u00e1gi Vicenz\u00e1ban, amerikai katonacsal\u00e1d gyermekek\u00e9nt, majd Colorad\u00f3ban n\u0151tt fel. Fiatalon t\u00e1nccal \u00e9s musicalekkel&hellip;\n","protected":false},"author":2,"featured_media":216355,"comment_status":"","ping_status":"","sticky":false,"template":"","format":"standard","meta":{"footnotes":"","_share_on_mastodon":"0"},"categories":[8],"tags":[4460,1990,151,32556,167,409,42,150,43,34,4456,926,94,93,92],"class_list":["post-216354","post","type-post","status-publish","format-standard","has-post-thumbnail","category-vilag","tag-amy-adams","tag-bubaj","tag-ce-femina","tag-erkezes","tag-film","tag-hollywood","tag-hungarian","tag-kultur","tag-magyar","tag-news","tag-oscar-dij","tag-szineszno","tag-vilag","tag-world","tag-world-news"],"share_on_mastodon":{"url":"https:\/\/pubeurope.com\/@hu\/117134847537512926","error":""},"_links":{"self":[{"href":"https:\/\/www.europesays.com\/hu\/wp-json\/wp\/v2\/posts\/216354","targetHints":{"allow":["GET"]}}],"collection":[{"href":"https:\/\/www.europesays.com\/hu\/wp-json\/wp\/v2\/posts"}],"about":[{"href":"https:\/\/www.europesays.com\/hu\/wp-json\/wp\/v2\/types\/post"}],"author":[{"embeddable":true,"href":"https:\/\/www.europesays.com\/hu\/wp-json\/wp\/v2\/users\/2"}],"replies":[{"embeddable":true,"href":"https:\/\/www.europesays.com\/hu\/wp-json\/wp\/v2\/comments?post=216354"}],"version-history":[{"count":0,"href":"https:\/\/www.europesays.com\/hu\/wp-json\/wp\/v2\/posts\/216354\/revisions"}],"wp:featuredmedia":[{"embeddable":true,"href":"https:\/\/www.europesays.com\/hu\/wp-json\/wp\/v2\/media\/216355"}],"wp:attachment":[{"href":"https:\/\/www.europesays.com\/hu\/wp-json\/wp\/v2\/media?parent=216354"}],"wp:term":[{"taxonomy":"category","embeddable":true,"href":"https:\/\/www.europesays.com\/hu\/wp-json\/wp\/v2\/categories?post=216354"},{"taxonomy":"post_tag","embeddable":true,"href":"https:\/\/www.europesays.com\/hu\/wp-json\/wp\/v2\/tags?post=216354"}],"curies":[{"name":"wp","href":"https:\/\/api.w.org\/{rel}","templated":true}]}}