{"id":216508,"date":"2026-08-21T21:25:13","date_gmt":"2026-08-21T21:25:13","guid":{"rendered":"https:\/\/www.europesays.com\/hu\/216508\/"},"modified":"2026-08-21T21:25:13","modified_gmt":"2026-08-21T21:25:13","slug":"angol-valogatott-vedovel-erositett-az-arsenal","status":"publish","type":"post","link":"https:\/\/www.europesays.com\/hu\/216508\/","title":{"rendered":"Angol v\u00e1logatott v\u00e9d\u0151vel er\u0151s\u00edtett az Arsenal"},"content":{"rendered":"<p>Az Aston Villa 28 \u00e9ves h\u00e1tv\u00e9dje a vil\u00e1gbajnoks\u00e1gon bronz\u00e9rmet szerz\u0151 angol v\u00e1logatott tagja volt, s\u0151t mindegyik meccsen j\u00e1tszott is. F\u0151leg a fizikalit\u00e1s\u00e1val, p\u00e1rharcer\u0151ss\u00e9g\u00e9vel v\u00edvta ki a k\u00f6zv\u00e9lem\u00e9ny megbecs\u00fcl\u00e9s\u00e9t az elm\u00falt \u00e9vekben. Az Arsenallal n\u00e9gy \u00e9vre sz\u00f3l\u00f3 szerz\u0151d\u00e9st \u00edrt al\u00e1, sajt\u00f3h\u00edrek szerint 60 milli\u00f3 eur\u00f3ba ker\u00fclt a j\u00e1t\u00e9kjoga.<\/p>\n<p dir=\"ltr\" lang=\"en\">Built for the battle.<\/p>\n<p>Konsa is a Gunner \u270d\ufe0f <a target=\"_blank\" href=\"https:\/\/t.co\/osUk47982u\" rel=\"nofollow\">pic.twitter.com\/osUk47982u<\/a><\/p>\n<p>\u2014 Arsenal (@Arsenal) <a target=\"_blank\" href=\"https:\/\/x.com\/Arsenal\/status\/2090816683695095827?ref_src=twsrc%5Etfw\" rel=\"nofollow\">August 21, 2026<\/a><\/p>\n<p>Konsa 286 m\u00e9rk\u0151z\u00e9sen l\u00e9pett p\u00e1ly\u00e1ra az Aston Villa sz\u00edneiben, miut\u00e1n 2019-ben a Brentfordt\u00f3l igazolt a klubhoz. Az Arsenal rajta k\u00edv\u00fcl h\u00e1rom j\u00e1t\u00e9kost igazolt m\u00e9g, Christos Tzolis a Club Brugge-t\u0151l, Bruno Guimaraes a Newcastle Unitedt\u0151l, Illan Meslier szabadon igazolhat\u00f3k\u00e9nt \u00e9rkezett a c\u00edmv\u00e9d\u0151h\u00f6z.<\/p>\n<p>\t\t<script async src=\"https:\/\/platform.twitter.com\/widgets.js\" charset=\"utf-8\"><\/script><\/p>\n","protected":false},"excerpt":{"rendered":"Az Aston Villa 28 \u00e9ves h\u00e1tv\u00e9dje a vil\u00e1gbajnoks\u00e1gon bronz\u00e9rmet szerz\u0151 angol v\u00e1logatott tagja volt, s\u0151t mindegyik meccsen j\u00e1tszott&hellip;\n","protected":false},"author":2,"featured_media":216509,"comment_status":"","ping_status":"","sticky":false,"template":"","format":"standard","meta":{"footnotes":"","_share_on_mastodon":"0"},"categories":[14],"tags":[3172,7103,58479,32501,58478,378,44,42,40,502,43,41,698,45,131],"class_list":["post-216508","post","type-post","status-publish","format-standard","has-post-thumbnail","category-sport","tag-arsenal","tag-aston-villa","tag-atigzolas","tag-atigzolasok","tag-ezri-konsa","tag-foci","tag-hu","tag-hungarian","tag-hungary","tag-labdarugas","tag-magyar","tag-magyarorszag","tag-premier-league","tag-sport","tag-sports"],"share_on_mastodon":{"url":"https:\/\/pubeurope.com\/@hu\/117135613925584573","error":""},"_links":{"self":[{"href":"https:\/\/www.europesays.com\/hu\/wp-json\/wp\/v2\/posts\/216508","targetHints":{"allow":["GET"]}}],"collection":[{"href":"https:\/\/www.europesays.com\/hu\/wp-json\/wp\/v2\/posts"}],"about":[{"href":"https:\/\/www.europesays.com\/hu\/wp-json\/wp\/v2\/types\/post"}],"author":[{"embeddable":true,"href":"https:\/\/www.europesays.com\/hu\/wp-json\/wp\/v2\/users\/2"}],"replies":[{"embeddable":true,"href":"https:\/\/www.europesays.com\/hu\/wp-json\/wp\/v2\/comments?post=216508"}],"version-history":[{"count":0,"href":"https:\/\/www.europesays.com\/hu\/wp-json\/wp\/v2\/posts\/216508\/revisions"}],"wp:featuredmedia":[{"embeddable":true,"href":"https:\/\/www.europesays.com\/hu\/wp-json\/wp\/v2\/media\/216509"}],"wp:attachment":[{"href":"https:\/\/www.europesays.com\/hu\/wp-json\/wp\/v2\/media?parent=216508"}],"wp:term":[{"taxonomy":"category","embeddable":true,"href":"https:\/\/www.europesays.com\/hu\/wp-json\/wp\/v2\/categories?post=216508"},{"taxonomy":"post_tag","embeddable":true,"href":"https:\/\/www.europesays.com\/hu\/wp-json\/wp\/v2\/tags?post=216508"}],"curies":[{"name":"wp","href":"https:\/\/api.w.org\/{rel}","templated":true}]}}