{"id":217040,"date":"2026-08-22T11:57:20","date_gmt":"2026-08-22T11:57:20","guid":{"rendered":"https:\/\/www.europesays.com\/hu\/217040\/"},"modified":"2026-08-22T11:57:20","modified_gmt":"2026-08-22T11:57:20","slug":"aggaszto-ami-a-dunaval-tortenik-mar-nem-vizet-ad-hanem-elvon-a-kornyezetetol","status":"publish","type":"post","link":"https:\/\/www.europesays.com\/hu\/217040\/","title":{"rendered":"Aggaszt\u00f3, ami a Dun\u00e1val t\u00f6rt\u00e9nik: m\u00e1r nem vizet ad, hanem elvon a k\u00f6rnyezet\u00e9t\u0151l"},"content":{"rendered":"<p>A nyugat-szlov\u00e1kiai Duna-szakasz helyzet\u00e9r\u0151l a BROZ Term\u00e9szetv\u00e9d\u0151 Egyes\u00fclet k\u00e9sz\u00edtett tanulm\u00e1nyt. A szervezet szerint a tart\u00f3san alacsony v\u00edz\u00e1ll\u00e1s nemcsak a foly\u00f3 \u00e9l\u0151vil\u00e1g\u00e1ra, hanem a <a href=\"https:\/\/nlc.hu\/ezvan\/20260803\/vizkorlatozas-magyarorszag\/\" target=\"_blank\" rel=\"noopener nofollow\">k\u00f6rnyez\u0151 ter\u00fcletek v\u00edzell\u00e1t\u00e1s\u00e1ra<\/a> is hat\u00e1ssal lehet.<\/p>\n<p>A foly\u00f3 v\u00edzhozama annyira lecs\u00f6kkent, hogy a szakemberek szerint bizonyos \u00e9rtelemben m\u00e1r nem t\u00e1pl\u00e1lja a k\u00f6rnyezet\u00e9t, hanem \u00e9ppen ellenkez\u0151leg: vizet von el a k\u00f6rnyez\u0151 ter\u00fcletekr\u0151l \u2013 \u00edrja <a href=\"https:\/\/ujszo.com\/kozelet\/mar-nem-hozza-hanem-viszi-a-vizet-a-duna-kisviz-eseten-csatornakent-mukodik-a-folyo\" target=\"_blank\" rel=\"noopener noreferrer nofollow\">az \u00dajsz\u00f3<\/a>.<\/p>\n<p><img fetchpriority=\"high\" decoding=\"async\" class=\"img-responsive size-full wp-image-2174309\" src=\"https:\/\/www.europesays.com\/hu\/wp-content\/uploads\/2026\/08\/duna-6.jpg\" alt=\"Duna\" width=\"1920\" height=\"1080\"   loading=\"lazy\"\/><\/p>\n<p class=\"wp-caption-text\">A Duna rendk\u00edv\u00fcl alacsony v\u00edz\u00e1ll\u00e1sa komoly probl\u00e9m\u00e1k forr\u00e1sa (Forr\u00e1s: MTI\/Heged\u00fcs R\u00f3bert)<\/p>\n<p>\u201eJelenleg a Duna v\u00edzhozama m\u00e1r annyira alacsony, hogy a foly\u00f3 nem l\u00e1tja el v\u00edzzel a k\u00f6rnyez\u0151 term\u00e9szetet, hanem ink\u00e1bb v\u00edzelvezet\u0151k\u00e9nt m\u0171k\u00f6dik: ahogy cs\u00f6kken a v\u00edzszintje, a k\u00f6rnyez\u0151 ter\u00fcletekr\u0151l is mag\u00e1val h\u00fazza a vizet\u201d<\/p>\n<p>\u2013 \u00e1ll a szervezet tanulm\u00e1ny\u00e1ban.<\/p>\n<p>K\u00f6zel egy m\u00e9tert emelkedett a v\u00edzszint, de m\u00e9g mindig nagyon alacsony<\/p>\n<p>A Duna v\u00edzszintje ugyan m\u00e1r elindult felfel\u00e9, de egyel\u0151re messze nem besz\u00e9lhet\u00fcnk norm\u00e1lis v\u00edz\u00e1ll\u00e1sr\u00f3l. Medv\u00e9n\u00e9l p\u00e9ld\u00e1ul augusztus 18-\u00e1n m\u00e9g -32 centim\u00e9tert m\u00e9rtek, p\u00e9nteken viszont m\u00e1r +47 centim\u00e9teren \u00e1llt a v\u00edzszint. Ez csaknem 80 centim\u00e9teres emelked\u00e9s n\u00e9h\u00e1ny nap alatt.<\/p>\n<p>A javul\u00e1s ellen\u00e9re a foly\u00f3 v\u00edzhozama tov\u00e1bbra is alacsony, ami a Duna menti ter\u00fcletek talajv\u00edzszintj\u00e9re is hat\u00e1ssal lehet. A BROZ szerint Pozsony k\u00f6rny\u00e9k\u00e9n t\u00f6bb t\u00edz centim\u00e9terrel, egyes helyeken pedig ak\u00e1r egy m\u00e9terrel is cs\u00f6kkent a talajv\u00edz szintje.<\/p>\n<p>Ha az asz\u00e1ly folytat\u00f3dik, a Csall\u00f3k\u00f6z alacsonyabban fekv\u0151 r\u00e9szein is cs\u00f6kkenni fog a talajv\u00edz szintje<\/p>\n<p>\u2013 \u00e1ll\u00edtja a BROZ.<\/p>\n<p>A probl\u00e9ma az\u00e9rt is fontos, mert a Duna ment\u00e9n <a href=\"https:\/\/nlc.hu\/szabadido\/20260813\/budapest-fotajepitesze-ha-a-duna-medre-teljesen-kiszaradna-akkor-is-lenne-ivovizunk\/\" target=\"_blank\" rel=\"noopener nofollow\">jelent\u0151s felsz\u00edn alatti v\u00edzk\u00e9szletek tal\u00e1lhat\u00f3k<\/a>. A szervezet szerint a mostani helyzet m\u00e9g nem okozott visszaford\u00edthatatlan k\u00e1rokat, de figyelmeztet\u0151 jelk\u00e9nt kell tekinteni r\u00e1.<\/p>\n<p>A v\u00edz megtart\u00e1sa lehet a megold\u00e1s<\/p>\n<p>A term\u00e9szetv\u00e9d\u0151k szerint egyre fontosabb\u00e1 v\u00e1lik, hogy a vizet min\u00e9l tov\u00e1bb <a href=\"https:\/\/nlc.hu\/szabadido\/20260817\/jordan-ferenc-halozatkutato-biologus-balaton-velencei-to-kiszaradas-epitkezes-vizpotlas\/\" target=\"_blank\" rel=\"noopener nofollow\">meg\u0151rizz\u00fck a t\u00e1jban<\/a>. Ehhez t\u00f6bbek k\u00f6z\u00f6tt a vizes \u00e9l\u0151helyek helyre\u00e1ll\u00edt\u00e1s\u00e1ra, valamint a Duna mell\u00e9k\u00e1gainak \u00fajb\u00f3li bekapcsol\u00e1s\u00e1ra lenne sz\u00fcks\u00e9g.<\/p>\n<p>Ide\u00e1lis esetben a mell\u00e9k\u00e1gak \u00e1tfoly\u00f3v\u00e1 t\u00e9tel\u00e9t \u00fagy kellene megtervezni \u00e9s megval\u00f3s\u00edtani, hogy m\u00e9g alacsony v\u00edzhozamok mellett is folyamatosan \u00e1ramoljon benn\u00fck a v\u00edz<\/p>\n<p>\u2013 v\u00e9li a szervezet.<\/p>\n<p>A BROZ szerint ezzel hat\u00e9konyabban lehetne visszap\u00f3tolni a talajba elsziv\u00e1rg\u00f3 vizet, \u00e9s m\u00e9rs\u00e9kelni lehetne <a href=\"https:\/\/24.hu\/tudomany\/2026\/08\/18\/eso-aszaly-szarazsag-idojaras\/\" target=\"_blank\" rel=\"noopener noreferrer nofollow\">a kisz\u00e1rad\u00e1s<\/a> k\u00f6vetkezm\u00e9nyeit.<\/p>\n<p>A mostani kisv\u00edz m\u00e9g nem v\u00e9gzetes<\/p>\n<p>A szakemberek \u00fagy l\u00e1tj\u00e1k, a jelenlegi alacsony v\u00edz\u00e1ll\u00e1s egyel\u0151re nem vesz\u00e9lyezteti v\u00e9gzetesen a Duna ment\u00e9n tal\u00e1lhat\u00f3 felsz\u00edn alatti v\u00edzk\u00e9szleteket. Ezeket a t\u00e9rs\u00e9gben a nagy vastags\u00e1g\u00fa kavicshordal\u00e9k is seg\u00edti.<\/p>\n<p>A helyzet ugyanakkor azt mutatja, hogy a j\u00f6v\u0151ben nem lehet mag\u00e1t\u00f3l \u00e9rtet\u0151d\u0151nek venni a foly\u00f3 felsz\u00edni v\u00edzk\u00e9szlet\u00e9nek folyamatos rendelkez\u00e9sre \u00e1ll\u00e1s\u00e1t. Ha a hasonl\u00f3 id\u0151szakok gyakoribb\u00e1 vagy hosszabb\u00e1 v\u00e1lnak, a felsz\u00edn alatti v\u00edzk\u00e9szletek is nagyobb vesz\u00e9lybe ker\u00fclhetnek.<\/p>\n<p>Klimatol\u00f3gusok m\u00e1r hosszabb ideje arra figyelmeztetnek, hogy v\u00e1ltozhat a Duna v\u00edzhozam\u00e1nak rendszere: gyakoribb\u00e1 \u00e9s hosszabb\u00e1 v\u00e1lhatnak az alacsony v\u00edzhozam\u00fa id\u0151szakok, mik\u00f6zben n\u0151het a sz\u00e9ls\u0151s\u00e9gesen alacsony v\u00edz\u00e1ll\u00e1sok kock\u00e1zata is.<\/p>\n<p>M\u00e1r csak egy olyan mell\u00e9k\u00e1g maradt, amelyben folyik a v\u00edz<\/p>\n<p>A mostani sz\u00e1raz id\u0151szakban a Duna teljes szlov\u00e1kiai szakasz\u00e1n mind\u00f6ssze egyetlen olyan mell\u00e9k\u00e1g maradt, amelyben m\u00e9g folyik a v\u00edz, \u00e9s k\u00f6zvetlen kapcsolatban \u00e1ll a foly\u00f3 f\u0151medr\u00e9vel. Ez a B\u0151s k\u00f6zel\u00e9ben tal\u00e1lhat\u00f3 Foki-\u00e1g \u00e9s annak Kis-Foki nev\u0171 mell\u00e9k\u00e1ga.<\/p>\n<p>A 2,2 kilom\u00e9ter hossz\u00fa Foki-\u00e1g revitaliz\u00e1ci\u00f3j\u00e1t a BROZ 2025-ben fejezte be, a hozz\u00e1 kapcsol\u00f3d\u00f3 Kis-Foki helyre\u00e1ll\u00edt\u00e1s\u00e1t pedig 2025\/2026 tel\u00e9n, a WWF Szlov\u00e1ki\u00e1val egy\u00fcttm\u0171k\u00f6dve val\u00f3s\u00edtott\u00e1k meg.<\/p>\n<p>A BROZ szerint ennek az is az oka, hogy a Magyarorsz\u00e1ggal k\u00f6t\u00f6tt nemzetk\u00f6zi meg\u00e1llapod\u00e1sok alapj\u00e1n Szlov\u00e1ki\u00e1nak biztos\u00edtania kell a meghat\u00e1rozott v\u00edzhozamot: jelenleg is 400 k\u00f6bm\u00e9ter vizet kell m\u00e1sodpercenk\u00e9nt az \u00d6reg-Dun\u00e1ba juttatnia.<\/p>\n<p>A Duna eredeti medre ezen a szakaszon nem a f\u0151 haj\u00f3z\u00e1si \u00fatvonal r\u00e9sze. Emiatt a Foki-\u00e1g revitaliz\u00e1ci\u00f3j\u00e1n\u00e1l nem kellett olyan, a haj\u00f3z\u00e1st biztos\u00edt\u00f3 korl\u00e1toz\u00e1sokat bevezetni, amelyek a foly\u00f3 m\u00e1s szakaszain meghat\u00e1rozz\u00e1k, mennyi v\u00edz juthat a mell\u00e9k\u00e1gakba. M\u00e1s mell\u00e9k\u00e1gakat \u00fagy kapcsoltak a Dun\u00e1hoz, hogy alacsony v\u00edz\u00e1ll\u00e1sn\u00e1l \u2013 a haj\u00f3z\u00e1s biztos\u00edt\u00e1sa miatt \u2013 m\u00e1r ne jusson bel\u00e9j\u00fck v\u00edz.<\/p>\n<p>Az \u00e9l\u0151vil\u00e1got is megviselheti az elh\u00faz\u00f3d\u00f3 asz\u00e1ly<\/p>\n<p>A BROZ szerint az asz\u00e1ly egyel\u0151re nem okoz v\u00e9gzetes k\u00e1rokat a Duna \u00e1llatvil\u00e1g\u00e1ban. Ebben szerepet j\u00e1tszik az is, hogy a sz\u00e1raz id\u0151szak akkor \u00e9rkezett, amikor a legt\u00f6bb \u00e1llat m\u00e1r befejezte a szaporod\u00e1st, illetve az ut\u00f3dok felnevel\u00e9s\u00e9t.<\/p>\n<p>\u201eSzerencs\u00e9re akkor \u00e9rkezett, amikor szinte minden \u00e1llat m\u00e1r t\u00fal van a szaporod\u00e1son, az ut\u00f3dok felnevel\u00e9s\u00e9n\u201d \u2013 magyar\u00e1zza a tanulm\u00e1ny.<\/p>\n<p>A term\u00e9szetv\u00e9d\u0151k azonban arra sz\u00e1m\u00edtanak, hogy az asz\u00e1lynak \u00edgy is lesznek m\u00e1sodlagos k\u00f6vetkezm\u00e9nyei. A legnagyobb gondot nem felt\u00e9tlen\u00fcl maga az alacsony v\u00edz\u00e1ll\u00e1s, hanem az jelentheti, hogy a v\u00edzhi\u00e1ny m\u00e1r hossz\u00fa ideje tart.<\/p>\n<p>Tal\u00e1n a legnagyobb probl\u00e9ma az, hogy az asz\u00e1ly nem hirtelen, nem egyetlen h\u00f3nap alatt k\u00f6vetkezett be. A csapad\u00e9khi\u00e1nyos sz\u00e1raz id\u0151szak m\u00e1r \u0151sz \u00f3ta tart, \u00e9s nemcsak a foly\u00f3kban, hanem mindenekel\u0151tt a talajban van v\u00edzhi\u00e1ny<\/p>\n<p>\u2013 magyar\u00e1zza a szervezet.<\/p>\n<p>A tart\u00f3s sz\u00e1razs\u00e1g k\u00f6zvetetten az \u00e1llatpopul\u00e1ci\u00f3kra is hat\u00e1ssal lehet. A v\u00edzhi\u00e1ny miatt cs\u00f6kkenhet a t\u00e1pl\u00e1l\u00e9k mennyis\u00e9ge, ami k\u00fcl\u00f6n\u00f6sen a fiatal \u00e1llatokat \u00e9rintheti \u00e9rz\u00e9kenyen.<\/p>\n<p>Ha a fiatal egyedek nem tudnak elegend\u0151 tartal\u00e9kot felhalmozni a t\u00e9l el\u0151tt, nagyobb es\u00e9llyel pusztulhatnak el a hideg h\u00f3napokban. A v\u00e1ndorl\u00f3 fajokn\u00e1l pedig az el\u00e9gtelen energiatartal\u00e9k a vonul\u00e1s alatti elhull\u00e1s kock\u00e1zat\u00e1t is n\u00f6velheti.<\/p>\n<p>A mostani v\u00edz\u00e1ll\u00e1s teh\u00e1t m\u00e9g nem jelent visszaford\u00edthatatlan katasztr\u00f3f\u00e1t, de j\u00f3l mutatja, milyen k\u00f6vetkezm\u00e9nyekkel j\u00e1rhat, ha a foly\u00f3 v\u00edzhozama tart\u00f3san alacsony marad.<\/p>\n","protected":false},"excerpt":{"rendered":"A nyugat-szlov\u00e1kiai Duna-szakasz helyzet\u00e9r\u0151l a BROZ Term\u00e9szetv\u00e9d\u0151 Egyes\u00fclet k\u00e9sz\u00edtett tanulm\u00e1nyt. A szervezet szerint a tart\u00f3san alacsony v\u00edz\u00e1ll\u00e1s nemcsak&hellip;\n","protected":false},"author":2,"featured_media":217041,"comment_status":"","ping_status":"","sticky":false,"template":"","format":"standard","meta":{"footnotes":"","_share_on_mastodon":"0"},"categories":[33],"tags":[16422,11920,3649,38,35,37,44,42,40,9205,43,41,34,1050,14712,36,39],"class_list":["post-217040","post","type-post","status-publish","format-standard","has-post-thumbnail","category-hirek","tag-alacsony-vizallas","tag-aszaly","tag-duna","tag-focimek","tag-headlines","tag-hirek","tag-hu","tag-hungarian","tag-hungary","tag-itt-most","tag-magyar","tag-magyarorszag","tag-news","tag-szlovakia","tag-talajviz","tag-top-stories","tag-vezeto-hirek"],"share_on_mastodon":{"url":"https:\/\/pubeurope.com\/@hu\/117139043174629389","error":""},"_links":{"self":[{"href":"https:\/\/www.europesays.com\/hu\/wp-json\/wp\/v2\/posts\/217040","targetHints":{"allow":["GET"]}}],"collection":[{"href":"https:\/\/www.europesays.com\/hu\/wp-json\/wp\/v2\/posts"}],"about":[{"href":"https:\/\/www.europesays.com\/hu\/wp-json\/wp\/v2\/types\/post"}],"author":[{"embeddable":true,"href":"https:\/\/www.europesays.com\/hu\/wp-json\/wp\/v2\/users\/2"}],"replies":[{"embeddable":true,"href":"https:\/\/www.europesays.com\/hu\/wp-json\/wp\/v2\/comments?post=217040"}],"version-history":[{"count":0,"href":"https:\/\/www.europesays.com\/hu\/wp-json\/wp\/v2\/posts\/217040\/revisions"}],"wp:featuredmedia":[{"embeddable":true,"href":"https:\/\/www.europesays.com\/hu\/wp-json\/wp\/v2\/media\/217041"}],"wp:attachment":[{"href":"https:\/\/www.europesays.com\/hu\/wp-json\/wp\/v2\/media?parent=217040"}],"wp:term":[{"taxonomy":"category","embeddable":true,"href":"https:\/\/www.europesays.com\/hu\/wp-json\/wp\/v2\/categories?post=217040"},{"taxonomy":"post_tag","embeddable":true,"href":"https:\/\/www.europesays.com\/hu\/wp-json\/wp\/v2\/tags?post=217040"}],"curies":[{"name":"wp","href":"https:\/\/api.w.org\/{rel}","templated":true}]}}