{"id":217057,"date":"2026-08-22T12:23:07","date_gmt":"2026-08-22T12:23:07","guid":{"rendered":"https:\/\/www.europesays.com\/hu\/217057\/"},"modified":"2026-08-22T12:23:07","modified_gmt":"2026-08-22T12:23:07","slug":"lebombaztak-egy-buddhista-kolostort-tizennegy-halott","status":"publish","type":"post","link":"https:\/\/www.europesays.com\/hu\/217057\/","title":{"rendered":"Lebomb\u00e1ztak egy buddhista kolostort, tizenn\u00e9gy halott"},"content":{"rendered":"<p>Tizenn\u00e9gy ember \u00e9let\u00e9t vesztette egy buddhista kolostor elleni l\u00e9git\u00e1mad\u00e1sban, amelyet a hadsereg hajtott v\u00e9gre Mianmar k\u00f6z\u00e9ps\u0151 r\u00e9sz\u00e9n \u2013 jelentette helyi szemtan\u00fakat id\u00e9zve szombaton az AFP h\u00edr\u00fcgyn\u00f6ks\u00e9g.<\/p>\n<p>Nvaj U Mjaung (Nway Oo Myaung) ellenz\u00e9ki aktivista helysz\u00edni besz\u00e1mol\u00f3ja szerint a Mjaung v\u00e1ros k\u00f6zel\u00e9ben tal\u00e1lhat\u00f3 kolostort ak\u00f6zben \u00e9rte t\u00e1mad\u00e1s, hogy 14 civil, k\u00f6zt\u00fck h\u00e1rom n\u0151 medit\u00e1ci\u00f3s c\u00e9llal \u00f6sszegy\u0171lt az \u00e9p\u00fcletben. Egy biztons\u00e1gi okb\u00f3l a neve elhallgat\u00e1s\u00e1t k\u00e9r\u0151 m\u00e1sik aktivista pedig azt k\u00f6z\u00f6lte, hogy az \u00e1ldozatok k\u00e9t k\u00f6zeli falub\u00f3l mentek oda medit\u00e1lni. \u00d6tven \u00e9s hetven \u00e9v k\u00f6z\u00f6tti emberek voltak, akik a buddhista nagyb\u00f6jt szok\u00e1sos, h\u00e1rom h\u00f3napos id\u0151szak\u00e1t t\u00f6lt\u00f6tt\u00e9k volna el egy\u00fctt az int\u00e9zm\u00e9ny falai k\u00f6z\u00f6tt. Hozz\u00e1tette: a l\u00e9git\u00e1mad\u00e1st nem t\u00e9ved\u00e9sb\u0151l, hanem sz\u00e1nd\u00e9kosan hajtotta v\u00e9gre a hadsereg a kolostor ellen, amit szerinte egy\u00e9rtelm\u0171en bizony\u00edt, hogy a t\u00e1mad\u00f3 rep\u00fcl\u0151g\u00e9p \u2013 amikor m\u00e1r a ment\u00e9s folyt \u2013 visszat\u00e9rt a helysz\u00ednre, hogy \u00fajabb l\u00e9gicsap\u00e1st m\u00e9rjen r\u00e1.<\/p>\n<p>Az AFP egyel\u0151re nem tudott kapcsolatba l\u00e9pni a mianmari hadsereggel, hogy hivatalos inform\u00e1ci\u00f3t k\u00e9rjen a l\u00e9git\u00e1mad\u00e1ssal kapcsolatban.<\/p>\n<p>A vide\u00f3 megtekint\u00e9s\u00e9t csak az er\u0151s idegzet\u0171 olvas\u00f3inknak tan\u00e1csoljuk!<\/p>\n<p dir=\"ltr\" lang=\"en\">Myanmar \ud83c\uddf2\ud83c\uddf2: This morning junta warplanes bombed a monastery in the Myaung township of southern Sagaing region, as people were gathering for worship.<\/p>\n<p>At least 12 civilians were murdered in the attack. <a target=\"_blank\" href=\"https:\/\/t.co\/gDdHcppy8E\" rel=\"nofollow\">pic.twitter.com\/gDdHcppy8E<\/a><\/p>\n<p>\u2014 Thomas van Linge (@ThomasVLinge) <a target=\"_blank\" href=\"https:\/\/x.com\/ThomasVLinge\/status\/2090790060949934400?ref_src=twsrc%5Etfw\" rel=\"nofollow\">August 21, 2026<\/a><\/p>\n<p>Mianmarban folyamatos belpolitikai fesz\u00fclts\u00e9g uralkodik az\u00f3ta, hogy 2021 febru\u00e1rj\u00e1ban a hadsereg megd\u00f6nt\u00f6tte a v\u00e1laszt\u00e1son gy\u0151ztes Aung Szan Szu Kji p\u00e1rtj\u00e1t. A Nobel-b\u00e9ked\u00edjas politikust t\u00f6bb v\u00e1dpontban t\u00f6bb mint 30 \u00e9vi b\u00f6rt\u00f6nb\u00fcntet\u00e9sre \u00edt\u00e9lt\u00e9k, jelenleg h\u00e1zi \u0151rizetben van. Tov\u00e1bbi t\u00f6bb t\u00edzezer ellenz\u00e9ki politikust vagy m\u00e1sk\u00e9nt gondolkod\u00f3t szint\u00e9n beb\u00f6rt\u00f6n\u00f6ztek. A hadsereg \u00e9s a vele szemben \u00e1ll\u00f3 fegyveres csoportok k\u00f6z\u00f6tt kirobbant \u00e9s v\u00e1ltakoz\u00f3 intenzit\u00e1ssal folytat\u00f3d\u00f3 \u00f6sszecsap\u00e1sokban a becsl\u00e9sek szerint t\u00f6bb mint 100 ezer ember vesztette m\u00e1r \u00e9let\u00e9t, mik\u00f6zben az emigr\u00e1ns ellenz\u00e9ki Nemzeti Egys\u00e9gkorm\u00e1ny folyamatosan k\u00f6veteli, hogy Aung Szan Szu Kjit felt\u00e9tel n\u00e9lk\u00fcl bocs\u00e1ss\u00e1k szabadon.<\/p>\n<p>Az ENSZ mianmari \u00fcgyeket vizsg\u00e1l\u00f3 szak\u00e9rt\u0151inek a m\u00falt h\u00e9ten k\u00f6zz\u00e9tett jelent\u00e9se szerint a hadsereg l\u00e9giereje az ellenz\u00e9k had\u00e1ll\u00e1sai mellett a civil int\u00e9zm\u00e9nyeket is egyre gyakrabban t\u00e1madja a leveg\u0151b\u0151l.<\/p>\n<p>(MTI)<\/p>\n<p>\t\t<script async src=\"https:\/\/platform.twitter.com\/widgets.js\" charset=\"utf-8\"><\/script><\/p>\n","protected":false},"excerpt":{"rendered":"Tizenn\u00e9gy ember \u00e9let\u00e9t vesztette egy buddhista kolostor elleni l\u00e9git\u00e1mad\u00e1sban, amelyet a hadsereg hajtott v\u00e9gre Mianmar k\u00f6z\u00e9ps\u0151 r\u00e9sz\u00e9n \u2013&hellip;\n","protected":false},"author":2,"featured_media":217058,"comment_status":"","ping_status":"","sticky":false,"template":"","format":"standard","meta":{"footnotes":"","_share_on_mastodon":"0"},"categories":[8],"tags":[58566,42,6064,43,24503,34,94,93,92],"class_list":["post-217057","post","type-post","status-publish","format-standard","has-post-thumbnail","category-vilag","tag-buddhista","tag-hungarian","tag-legicsapas","tag-magyar","tag-mianmar","tag-news","tag-vilag","tag-world","tag-world-news"],"share_on_mastodon":{"url":"https:\/\/pubeurope.com\/@hu\/117139145016803245","error":""},"_links":{"self":[{"href":"https:\/\/www.europesays.com\/hu\/wp-json\/wp\/v2\/posts\/217057","targetHints":{"allow":["GET"]}}],"collection":[{"href":"https:\/\/www.europesays.com\/hu\/wp-json\/wp\/v2\/posts"}],"about":[{"href":"https:\/\/www.europesays.com\/hu\/wp-json\/wp\/v2\/types\/post"}],"author":[{"embeddable":true,"href":"https:\/\/www.europesays.com\/hu\/wp-json\/wp\/v2\/users\/2"}],"replies":[{"embeddable":true,"href":"https:\/\/www.europesays.com\/hu\/wp-json\/wp\/v2\/comments?post=217057"}],"version-history":[{"count":0,"href":"https:\/\/www.europesays.com\/hu\/wp-json\/wp\/v2\/posts\/217057\/revisions"}],"wp:featuredmedia":[{"embeddable":true,"href":"https:\/\/www.europesays.com\/hu\/wp-json\/wp\/v2\/media\/217058"}],"wp:attachment":[{"href":"https:\/\/www.europesays.com\/hu\/wp-json\/wp\/v2\/media?parent=217057"}],"wp:term":[{"taxonomy":"category","embeddable":true,"href":"https:\/\/www.europesays.com\/hu\/wp-json\/wp\/v2\/categories?post=217057"},{"taxonomy":"post_tag","embeddable":true,"href":"https:\/\/www.europesays.com\/hu\/wp-json\/wp\/v2\/tags?post=217057"}],"curies":[{"name":"wp","href":"https:\/\/api.w.org\/{rel}","templated":true}]}}