{"id":217063,"date":"2026-08-22T12:26:11","date_gmt":"2026-08-22T12:26:11","guid":{"rendered":"https:\/\/www.europesays.com\/hu\/217063\/"},"modified":"2026-08-22T12:26:11","modified_gmt":"2026-08-22T12:26:11","slug":"spanyol-eleterzes-budapest-sziveben-csakfoci-hu","status":"publish","type":"post","link":"https:\/\/www.europesays.com\/hu\/217063\/","title":{"rendered":"Spanyol \u00e9let\u00e9rz\u00e9s Budapest sz\u00edv\u00e9ben &#8211; Csakfoci.hu"},"content":{"rendered":"<p>                    <a href=\"https:\/\/news.google.com\/publications\/CAAqJQgKIh9DQklTRVFnTWFnMEtDMk56WVd0bWIyTnBMbWgxS0FBUAE\" target=\"_blank\" class=\"google-news\" rel=\"nofollow noopener\">A legfrissebb h\u00edrek\u00e9rt k\u00f6vess minket a Csakfoci Google News oldal\u00e1n is!<\/a><br \/>\n                    Apr\u00f3 falatok nagy \u00e9lm\u00e9nyekkel<\/p>\n<p>A tapasok k\u00fcl\u00f6nleges \u00e9telek, amelyek Spanyolorsz\u00e1g jellegzetes \u00e9tkez\u00e9si kult\u00far\u00e1j\u00e1nak n\u00e9lk\u00fcl\u00f6zhetetlen r\u00e9szei. Ezek az \u00ednycsikland\u00f3 falatk\u00e1k t\u00f6k\u00e9letesek arra, hogy megoszd \u0151ket a csal\u00e1doddal \u00e9s bar\u00e1taiddal. Elk\u00e9pzelted m\u00e1r, hogy milyen \u00e9lm\u00e9ny egy <a href=\"https:\/\/tapasbarbyfelisa.hu\/asztalfoglalas\/\" target=\"_blank\" rel=\"nofollow noopener\">spanyol \u00e9tteremben<\/a> megk\u00f3stolni a tapas k\u00fcl\u00f6nlegess\u00e9geket? Az apr\u00f3 adagok lehet\u0151s\u00e9get ny\u00fajtanak a v\u00e1ltozatos \u00edzek \u00e9lvezet\u00e9re, mik\u00f6zben k\u00f6z\u00f6s \u00e9lm\u00e9nyeket adhatsz \u00e1t azoknak, akik fontosak neked.<\/p>\n<p>Zene \u00e9s \u00e9rz\u00e9kek j\u00e1t\u00e9ka<\/p>\n<p>Egy spanyol \u00e9tkez\u00e9si \u00e9lm\u00e9ny zen\u00e9vel teljesedik ki igaz\u00e1n. A flamenco ritmusai vagy a hagyom\u00e1nyos spanyol dallamok egyedi \u00e9lm\u00e9nyt ny\u00fajtanak, eml\u00e9kezetess\u00e9 t\u00e9ve ez\u00e1ltal az \u00e9tkez\u00e9st. Budapesten t\u00f6bb hely is k\u00edn\u00e1l \u00e9l\u0151zen\u00e9s esteket, de a Tapas Bar by Felisa olyan esem\u00e9nyeket rendez, amelyek messze t\u00falsz\u00e1rnyalj\u00e1k a megszokott vacsor\u00e1k hangulat\u00e1t. Az ilyen est\u00e9ken nemcsak az \u00e9telek \u00edzletesek, hanem a l\u00e9lek is megtelik zen\u00e9vel.<\/p>\n<p>Meleg fogadtat\u00e1s minden l\u00e1togat\u00f3nak<\/p>\n<p>A figyelmes vend\u00e9gl\u00e1t\u00e1s elengedhetetlen, k\u00fcl\u00f6n\u00f6sen, ha tapasoz\u00e1sr\u00f3l van sz\u00f3. A kellemes l\u00e9gk\u00f6r \u00e9s a bar\u00e1ts\u00e1gos szem\u00e9lyzet teszi igaz\u00e1n k\u00fcl\u00f6nlegess\u00e9 a Tapas Bar by Felisa \u00e9lm\u00e9nyt. Az emberek gyakran emlegetik, hogy nem csak az \u00edzletes falatok ragadj\u00e1k el \u0151ket itt, hanem az a sz\u00edv\u00e9lyes fogadtat\u00e1s is, amit tapasztalnak. A szem\u00e9lyzet seg\u00edt\u0151k\u00e9szs\u00e9ge gyakran dics\u00e9retet kap, ami nem v\u00e9letlen, hiszen a vend\u00e9gek el\u00e9gedetts\u00e9ge sz\u00e1mukra kiemelten fontos.<\/p>\n<p>Egy mediterr\u00e1n este lehet\u0151s\u00e9gei<\/p>\n<p>Mediterr\u00e1n \u00e9telek, kellemes dallamok, j\u00f3 t\u00e1rsas\u00e1g&#8230; csak egy dolog hi\u00e1nyzik: egy kis besz\u00e9lget\u00e9s a focir\u00f3l. A spanyol \u00e9s a magyar kult\u00far\u00e1ban is kiemelt szerepe van a futballnak, ez\u00e9rt egy ilyen est\u00e9n elker\u00fclhetetlen\u00fcl sz\u00f3ba ker\u00fclhet a sport. Vajon egy helyi csapat spanyol l\u00e9gi\u00f3sai melyik tapas falatokat kedvelik a legjobban? Ez a soksz\u00edn\u0171 \u00e9lm\u00e9ny Budapest belv\u00e1ros\u00e1ban k\u00f6nnyed\u00e9n el\u00e9rhet\u0151, nem sz\u00fcks\u00e9ges felemelkedni a rep\u00fcl\u0151g\u00e9pen kereszt\u00fcl Spanyolorsz\u00e1gba. J\u00f3 t\u00e1rsas\u00e1gban egy kellemes besz\u00e9lget\u00e9s meglep\u0151 utakra vezethet.<\/p>\n<p>A magyar f\u0151v\u00e1ros belv\u00e1rosa nemcsak a kult\u00fara szerelmeseinek, hanem azoknak is sz\u00f3l, akik \u00faj gasztron\u00f3miai \u00e9lm\u00e9nyeket keresnek. Legyen sz\u00f3 bar\u00e1ti \u00f6sszej\u00f6vetelr\u0151l, csal\u00e1di vacsor\u00e1r\u00f3l vagy \u00e9ppen egy romantikus tal\u00e1lkoz\u00f3r\u00f3l, a spanyol vend\u00e9gl\u00e1t\u00e1s \u00f3ri\u00e1si \u00e9lm\u00e9nyt ny\u00fajt. Mire v\u00e1rsz m\u00e9g? Csatlakozz a spanyol est\u00e9k vil\u00e1g\u00e1ba, \u00e9s hozd el a mediterr\u00e1n \u00e9let\u00e9rz\u00e9st az otthonodba!<\/p>\n","protected":false},"excerpt":{"rendered":"A legfrissebb h\u00edrek\u00e9rt k\u00f6vess minket a Csakfoci Google News oldal\u00e1n is! Apr\u00f3 falatok nagy \u00e9lm\u00e9nyekkel A tapasok k\u00fcl\u00f6nleges&hellip;\n","protected":false},"author":2,"featured_media":217064,"comment_status":"","ping_status":"","sticky":false,"template":"","format":"standard","meta":{"footnotes":"","_share_on_mastodon":"0"},"categories":[22],"tags":[73,44,42,40,43,41,7867],"class_list":["post-217063","post","type-post","status-publish","format-standard","has-post-thumbnail","category-budapest","tag-budapest","tag-hu","tag-hungarian","tag-hungary","tag-magyar","tag-magyarorszag","tag-pr"],"share_on_mastodon":{"url":"https:\/\/pubeurope.com\/@hu\/117139156841639929","error":""},"_links":{"self":[{"href":"https:\/\/www.europesays.com\/hu\/wp-json\/wp\/v2\/posts\/217063","targetHints":{"allow":["GET"]}}],"collection":[{"href":"https:\/\/www.europesays.com\/hu\/wp-json\/wp\/v2\/posts"}],"about":[{"href":"https:\/\/www.europesays.com\/hu\/wp-json\/wp\/v2\/types\/post"}],"author":[{"embeddable":true,"href":"https:\/\/www.europesays.com\/hu\/wp-json\/wp\/v2\/users\/2"}],"replies":[{"embeddable":true,"href":"https:\/\/www.europesays.com\/hu\/wp-json\/wp\/v2\/comments?post=217063"}],"version-history":[{"count":0,"href":"https:\/\/www.europesays.com\/hu\/wp-json\/wp\/v2\/posts\/217063\/revisions"}],"wp:featuredmedia":[{"embeddable":true,"href":"https:\/\/www.europesays.com\/hu\/wp-json\/wp\/v2\/media\/217064"}],"wp:attachment":[{"href":"https:\/\/www.europesays.com\/hu\/wp-json\/wp\/v2\/media?parent=217063"}],"wp:term":[{"taxonomy":"category","embeddable":true,"href":"https:\/\/www.europesays.com\/hu\/wp-json\/wp\/v2\/categories?post=217063"},{"taxonomy":"post_tag","embeddable":true,"href":"https:\/\/www.europesays.com\/hu\/wp-json\/wp\/v2\/tags?post=217063"}],"curies":[{"name":"wp","href":"https:\/\/api.w.org\/{rel}","templated":true}]}}