{"id":217341,"date":"2026-08-22T17:35:12","date_gmt":"2026-08-22T17:35:12","guid":{"rendered":"https:\/\/www.europesays.com\/hu\/217341\/"},"modified":"2026-08-22T17:35:12","modified_gmt":"2026-08-22T17:35:12","slug":"meghalt-lakat-t-karoly-sportujsagiro-a-regi-nap-tv-utolso-foszerkesztoje","status":"publish","type":"post","link":"https:\/\/www.europesays.com\/hu\/217341\/","title":{"rendered":"Meghalt Lakat T. K\u00e1roly sport\u00fajs\u00e1g\u00edr\u00f3, a r\u00e9gi Nap TV utols\u00f3 f\u0151szerkeszt\u0151je"},"content":{"rendered":"<p class=\"\">\n    Hetvenhat \u00e9ves kor\u00e1ban, augusztus 20-\u00e1n elhunyt Lakat T. K\u00e1roly sport\u00fajs\u00e1g\u00edr\u00f3, labdar\u00fag\u00f3-szak\u00edr\u00f3, \u00edrja az MTI az Indexre hivatkozva.\n  <\/p>\n<p class=\"\">\n    A Szepesi- \u00e9s Ez\u00fcstgerely-d\u00edjas \u00fajs\u00e1g\u00edr\u00f3, a Magyar Sport\u00fajs\u00e1g\u00edr\u00f3k Sz\u00f6vets\u00e9g\u00e9nek \u00e9letm\u0171d\u00edjasa a N\u00e9psportn\u00e1l kezdte h\u00edrlap\u00edr\u00f3i p\u00e1ly\u00e1j\u00e1t, majd a K\u00e9pes Sport \u00e9s a Nemzeti Sport munkat\u00e1rsa, rovatvezet\u0151je, kolumnist\u00e1ja volt. A sportnapilapos id\u0151szak ut\u00e1n a Sport plusz szerz\u0151je lett, hal\u00e1l\u00e1ig alkotott a hetilapn\u00e1l, a Nap TV-n\u00e9l pedig m\u0171sorvezet\u0151k\u00e9nt, 2009-es megsz\u00fcntet\u00e9s\u00e9ig f\u0151szerkeszt\u0151k\u00e9nt dolgozott.\n  <\/p>\n<p class=\"\">\n    A Nap TV Gy\u00e1rf\u00e1s Tam\u00e1s v\u00e1llalkoz\u00e1sa volt, f\u0151k\u00e9nt arr\u00f3l volt ismert, hogy a 90-es \u00e9s 2000-es \u00e9vekben a k\u00f6zt\u00e9v\u00e9re gy\u00e1rtott reggeli k\u00f6z\u00e9leti m\u0171sort Nap-kelte c\u00edmmel, b\u00edr\u00e1l\u00f3i szerint balliber\u00e1lis r\u00e9szrehajl\u00e1ssal, olyan m\u0171sorvezet\u0151kkel, mint Betlen J\u00e1nos, Verebes Istv\u00e1n, Forr\u00f3 Tam\u00e1s, Havas Henrik, B\u00e1n\u00f3 Andr\u00e1s, Pallagi Ferenc, Acz\u00e9l Endre, Orosz J\u00f3zsef \u00e9s Lakat T. K\u00e1roly. 2006 febru\u00e1rj\u00e1ban m\u00e9g <a href=\"https:\/\/www.youtube.com\/watch?v=GiBmfm3kbBM\" target=\"_blank\" rel=\"nofollow noopener\">f\u00e9l\u00f3r\u00e1s interj\u00fat adott nekik<\/a> Orb\u00e1n Viktor, majd 2006 \u0151sz\u00e9n, az \u0151sz\u00f6di besz\u00e9d kisziv\u00e1rg\u00e1s\u00e1nak idej\u00e9n a Fidesz-KDNP bejelentette, hogy elfogults\u00e1ga miatt <a href=\"https:\/\/444.hu\/2024\/10\/05\/2006-ban-meg-a-fidesz-bojkottalta-a-kozmediat\" target=\"_blank\" rel=\"nofollow noopener\">bojkott\u00e1lja a m\u0171sort<\/a>.\n  <\/p>\n<p class=\"\">\n    Lakat T. K\u00e1roly t\u00f6bb k\u00f6nyvet \u00edrt, k\u00f6zt\u00fck a legend\u00e1s labdar\u00fag\u00f3edz\u0151nek, Lakat K\u00e1rolynak eml\u00e9ket \u00e1ll\u00edt\u00f3 Ap\u00e1m reg\u00e9ny\u00e9t &#8211; emelte ki a h\u00edrad\u00e1s.\n  <\/p>\n","protected":false},"excerpt":{"rendered":"Hetvenhat \u00e9ves kor\u00e1ban, augusztus 20-\u00e1n elhunyt Lakat T. K\u00e1roly sport\u00fajs\u00e1g\u00edr\u00f3, labdar\u00fag\u00f3-szak\u00edr\u00f3, \u00edrja az MTI az Indexre hivatkozva. A&hellip;\n","protected":false},"author":2,"featured_media":217342,"comment_status":"","ping_status":"","sticky":false,"template":"","format":"standard","meta":{"footnotes":"","_share_on_mastodon":"0"},"categories":[14],"tags":[58621,3486,38140,147,44,42,40,58622,58606,43,19550,41,54513,4362,37752,66,45,131],"class_list":["post-217341","post","type-post","status-publish","format-standard","has-post-thumbnail","category-sport","tag-apam-regenye","tag-fidesz-kdnp","tag-gyarfas-tamas","tag-gyasz","tag-hu","tag-hungarian","tag-hungary","tag-kepes-sport","tag-lakat-t-karoly","tag-magyar","tag-magyar-sportujsagirok-szovetsege","tag-magyarorszag","tag-nap-tv","tag-nemzeti-sport","tag-nepsport","tag-orban-viktor","tag-sport","tag-sports"],"share_on_mastodon":{"url":"https:\/\/pubeurope.com\/@hu\/117140371674674314","error":""},"_links":{"self":[{"href":"https:\/\/www.europesays.com\/hu\/wp-json\/wp\/v2\/posts\/217341","targetHints":{"allow":["GET"]}}],"collection":[{"href":"https:\/\/www.europesays.com\/hu\/wp-json\/wp\/v2\/posts"}],"about":[{"href":"https:\/\/www.europesays.com\/hu\/wp-json\/wp\/v2\/types\/post"}],"author":[{"embeddable":true,"href":"https:\/\/www.europesays.com\/hu\/wp-json\/wp\/v2\/users\/2"}],"replies":[{"embeddable":true,"href":"https:\/\/www.europesays.com\/hu\/wp-json\/wp\/v2\/comments?post=217341"}],"version-history":[{"count":0,"href":"https:\/\/www.europesays.com\/hu\/wp-json\/wp\/v2\/posts\/217341\/revisions"}],"wp:featuredmedia":[{"embeddable":true,"href":"https:\/\/www.europesays.com\/hu\/wp-json\/wp\/v2\/media\/217342"}],"wp:attachment":[{"href":"https:\/\/www.europesays.com\/hu\/wp-json\/wp\/v2\/media?parent=217341"}],"wp:term":[{"taxonomy":"category","embeddable":true,"href":"https:\/\/www.europesays.com\/hu\/wp-json\/wp\/v2\/categories?post=217341"},{"taxonomy":"post_tag","embeddable":true,"href":"https:\/\/www.europesays.com\/hu\/wp-json\/wp\/v2\/tags?post=217341"}],"curies":[{"name":"wp","href":"https:\/\/api.w.org\/{rel}","templated":true}]}}