{"id":218231,"date":"2026-08-23T15:51:09","date_gmt":"2026-08-23T15:51:09","guid":{"rendered":"https:\/\/www.europesays.com\/hu\/218231\/"},"modified":"2026-08-23T15:51:09","modified_gmt":"2026-08-23T15:51:09","slug":"hvg360-bayreuthban-napirenden-van-wagner-antiszemitizmusa-es-az-is-hogy-nemetorszagban-1945-ota-nem-voltak-ekkora-veszelyben-a-zsidok","status":"publish","type":"post","link":"https:\/\/www.europesays.com\/hu\/218231\/","title":{"rendered":"hvg360: Bayreuthban napirenden van Wagner antiszemitizmusa \u00e9s az is, hogy N\u00e9metorsz\u00e1gban 1945 \u00f3ta nem voltak ekkora vesz\u00e9lyben a zsid\u00f3k"},"content":{"rendered":"<p>Az \u00f6tlet eredeti volt. S b\u00e1tor is egyben. Hiszen Bayreuthban, a Richard Wagner eml\u00e9k\u00e9nek szentelt \u00fcnnepi j\u00e1t\u00e9kok el\u00e9 rendezni egy koncertet, amelyen a zsid\u00f3 sz\u00e1rmaz\u00e1s\u00fa Gustav Mahler, valamint az Auschwitzban meggyilkolt, szint\u00e9n zsid\u00f3 Pavel Haas m\u0171veit adj\u00e1k el\u0151, m\u00e1r \u00f6nmag\u00e1ban rendhagy\u00f3. Majd felk\u00e9rni a sz\u00f3kimond\u00e1s\u00e1r\u00f3l k\u00f6zismert, s sokszor kellemetlen dolgokr\u00f3l is hat\u00e1rozottan besz\u00e9l\u0151, a zsid\u00f3s\u00e1g\u00e1t ny\u00edltan v\u00e1llal\u00f3 Michel Friedman publicist\u00e1t, k\u00f6z\u00edr\u00f3t \u00e9s politikust, hogy tartson el\u0151ad\u00e1st Wagner \u00e9s a zsid\u00f3s\u00e1g t\u00e9mak\u00f6r\u00e9ben, az m\u00e1r szinte rendbont\u00f3. Els\u0151 nekifut\u00e1sra \u00fagy t\u0171nt, nem is siker\u00fcl. <\/p>\n<p>Olyannyira nem k\u00eds\u00e9rte egy\u00f6ntet\u0171 lelkesed\u00e9s Katharina Wagner, a komponista d\u00e9dunok\u00e1ja, az \u00fcnnepi j\u00e1t\u00e9kok szervez\u0151je \u00e9s arca elgondol\u00e1s\u00e1t a Wagner-h\u00edv\u0151k egy r\u00e9sz\u00e9ben, hogy vissza is vonta a felk\u00e9r\u00e9st. Ami azt\u00e1n \u00fajabb megr\u00f6k\u00f6ny\u00f6d\u00e9st v\u00e1ltott ki az ellenkez\u0151 oldalon, s v\u00e9g\u00fcl a kik\u00fcld\u00f6tt, majd visszak\u00e9rt megh\u00edv\u00f3t \u00fajra kik\u00fcldt\u00e9k. Friedman pedig besz\u00e9lt. De az el\u0151ad\u00e1sa sokkal ink\u00e1bb a zsid\u00f3s\u00e1g mai helyzet\u00e9vel foglalkozott, mint Wagnerrel. Kihagyni persze nem lehetett, l\u00e9v\u00e9n <\/p>\n<p class=\"highlighted\">a kultur\u00e1lis antiszemitizmus k\u00f6zponti alakja \u00e9ppen a nagy zeneszerz\u0151, akinek zsid\u00f3s\u00e1gellenes n\u00e9zetei k\u00f6zismertek. <\/p>\n<p>Hiszen \u0151 vetette pap\u00edrra a XIX. sz\u00e1zad k\u00f6zep\u00e9n, hogy szerinte a zsid\u00f3k a felel\u0151sek a n\u00e9met kult\u00fara t\u00f6nkret\u00e9tel\u00e9\u00e9rt.<\/p>\n<p>A Hitler-kapcsolat<\/p>\n<p>\u00c9rthet\u0151, hogy Hitler fiatalkor\u00e1t\u00f3l nagy Wagner-rajong\u00f3 volt, eszmet\u00e1rsat felfedezve a zeneszerz\u0151ben. K\u00e9s\u0151bb pedig, m\u00e1r N\u00e9metorsz\u00e1g urak\u00e9nt az \u00fcnnepi j\u00e1t\u00e9kok \u2013 s egyben a Wagner-ut\u00f3dok \u2013 \u00e1lland\u00f3 d\u00edszvend\u00e9gek\u00e9nt emelte politikai szintre, kv\u00e1zi k\u00f6telez\u0151 \u00e9rv\u00e9ny\u0171v\u00e9 Wagner antiszemitizmus\u00e1t. <\/p>\n","protected":false},"excerpt":{"rendered":"Az \u00f6tlet eredeti volt. S b\u00e1tor is egyben. Hiszen Bayreuthban, a Richard Wagner eml\u00e9k\u00e9nek szentelt \u00fcnnepi j\u00e1t\u00e9kok el\u00e9&hellip;\n","protected":false},"author":2,"featured_media":218232,"comment_status":"","ping_status":"","sticky":false,"template":"","format":"standard","meta":{"footnotes":"","_share_on_mastodon":"0"},"categories":[8],"tags":[8641,13101,58806,42,573,43,34,58805,94,93,92],"class_list":["post-218231","post","type-post","status-publish","format-standard","has-post-thumbnail","category-vilag","tag-adolf-hitler","tag-antiszemitizmus","tag-bayreuth","tag-hungarian","tag-kultura","tag-magyar","tag-news","tag-richard-wagner","tag-vilag","tag-world","tag-world-news"],"share_on_mastodon":{"url":"https:\/\/pubeurope.com\/@hu\/117145625234132845","error":""},"_links":{"self":[{"href":"https:\/\/www.europesays.com\/hu\/wp-json\/wp\/v2\/posts\/218231","targetHints":{"allow":["GET"]}}],"collection":[{"href":"https:\/\/www.europesays.com\/hu\/wp-json\/wp\/v2\/posts"}],"about":[{"href":"https:\/\/www.europesays.com\/hu\/wp-json\/wp\/v2\/types\/post"}],"author":[{"embeddable":true,"href":"https:\/\/www.europesays.com\/hu\/wp-json\/wp\/v2\/users\/2"}],"replies":[{"embeddable":true,"href":"https:\/\/www.europesays.com\/hu\/wp-json\/wp\/v2\/comments?post=218231"}],"version-history":[{"count":0,"href":"https:\/\/www.europesays.com\/hu\/wp-json\/wp\/v2\/posts\/218231\/revisions"}],"wp:featuredmedia":[{"embeddable":true,"href":"https:\/\/www.europesays.com\/hu\/wp-json\/wp\/v2\/media\/218232"}],"wp:attachment":[{"href":"https:\/\/www.europesays.com\/hu\/wp-json\/wp\/v2\/media?parent=218231"}],"wp:term":[{"taxonomy":"category","embeddable":true,"href":"https:\/\/www.europesays.com\/hu\/wp-json\/wp\/v2\/categories?post=218231"},{"taxonomy":"post_tag","embeddable":true,"href":"https:\/\/www.europesays.com\/hu\/wp-json\/wp\/v2\/tags?post=218231"}],"curies":[{"name":"wp","href":"https:\/\/api.w.org\/{rel}","templated":true}]}}