{"id":218396,"date":"2026-08-23T19:00:20","date_gmt":"2026-08-23T19:00:20","guid":{"rendered":"https:\/\/www.europesays.com\/hu\/218396\/"},"modified":"2026-08-23T19:00:20","modified_gmt":"2026-08-23T19:00:20","slug":"index-fomo-csunyan-megalazta-rettego-zenesztarsait-a-hiphop-nagyagyuja","status":"publish","type":"post","link":"https:\/\/www.europesays.com\/hu\/218396\/","title":{"rendered":"Index &#8211; FOMO &#8211; Cs\u00fany\u00e1n megal\u00e1zta retteg\u0151 zen\u00e9szt\u00e1rsait a hiphop nagy\u00e1gy\u00faja"},"content":{"rendered":"<p id=\"docs-internal-guid-5fc54405-7fff-9e1e-3fe0-dda7f83d8e4c\">A 61 \u00e9ves zenemogul \u2013 aki nemr\u00e9g egymilli\u00e1rd doll\u00e1ros vagyon\u00e1val hivatalosan is felker\u00fclt <a href=\"https:\/\/index.hu\/gazdasag\/2026\/03\/11\/donald-trump-elon-musk-forbes-vagyonnovekedes-milliardos-lista\/\" id=\"hyperlink_0778458895deedecab4e882a2bbec7a8\" target=\"_blank\" title=\"Kij\u00f6tt a Forbes milli\u00e1rdoslist\u00e1ja, hatalmas vagyonra tett szert Donald Trump\" rel=\"nofollow noopener\">a Forbes 2026-os milli\u00e1rdoslist\u00e1j\u00e1ra<\/a> \u2013 hossz\u00fa t\u00e1v\u00fa \u00fczlett\u00e1rs\u00e1val, Jimmy Iovine-nal k\u00f6z\u00f6sen <a href=\"https:\/\/www.nytimes.com\/2026\/08\/23\/business\/jimmy-iovine-dr-dre-beats-usc.html\" id=\"hyperlink_76d9e3072fe78cb1c6e095a53d6cf643\" rel=\"nofollow noopener\" target=\"_blank\">besz\u00e9lt<\/a> a zenei j\u00f6v\u0151r\u0151l. Dre \u00fagy l\u00e1tja, a mostani AI-elleness\u00e9g k\u00eds\u00e9rtetiesen eml\u00e9keztet a kor\u00e1bbi technol\u00f3giai forradalmakra:<\/p>\n<p>Nem l\u00e1tom fenyeget\u00e9snek. Szerintem csak azok l\u00e1tj\u00e1k vesz\u00e9lynek, akiknek eleve nehez\u00fckre esik az alkot\u00e1s. N\u00e9h\u00e1ny napja vit\u00e1ztam err\u0151l p\u00e1r emberrel, akik teljesen ellenezt\u00e9k az AI-t, \u00e9n meg mondtam nekik: \u00bbPont \u00fagy hangzotok, mint akik anno a dobg\u00e9p vagy a szintetiz\u00e1tor megjelen\u00e9se ellen tiltakoztak\u00ab<\/p>\n<p>\u2013 fogalmazott, majd hozz\u00e1tette: szerinte ez csak egy \u00faj eszk\u00f6z a kreativit\u00e1shoz, n\u00e9h\u00e1nyan pedig egyszer\u0171en f\u00e9lnek az \u00faj dolgok megtanul\u00e1s\u00e1t\u00f3l.<\/p>\n<p>Dre azt is el\u00e1rulta, hogy maga is haszn\u00e1lja a technol\u00f3gi\u00e1t a st\u00fadi\u00f3ban \u2013 els\u0151sorban arra, hogy megn\u00e9zze, az algoritmus mit tud kihozni az \u00e1ltala frissen elk\u00e9sz\u00edtett zenei alapokb\u00f3l. Iovine hozz\u00e1tette: koll\u00e9g\u00e1juk, Timbaland szint\u00e9n be\u00e9p\u00edtette az eszk\u00f6zt\u00e1r\u00e1ba a mesters\u00e9ges intelligenci\u00e1t, \u00e9s szerinte a zeneiparban rengeteg olyan \u201erejt\u0151zk\u00f6d\u0151\u201d producer dolgozik ma, akik m\u00e1r r\u00e9g haszn\u00e1lj\u00e1k az AI-t, csak nem merik nyilv\u00e1nosan felv\u00e1llalni.<\/p>\n<p>Hogy a st\u00fadi\u00f3n k\u00edv\u00fcl mire haszn\u00e1lja a leg\u00fajabb chatbotokat, arra Dr. Dre egy egyszer\u0171 p\u00e9ld\u00e1t hozott: legut\u00f3bb azt k\u00e9rdezte az AI-t\u00f3l, hogyan lehet egyszerre izmot \u00e9p\u00edteni \u00e9s zs\u00edrt \u00e9getni.<\/p>\n<p>A producer laza hozz\u00e1\u00e1ll\u00e1sa \u00e9les kontrasztban \u00e1ll a zeneipar hivatalos \u00e1ll\u00e1spontj\u00e1val. Az elm\u00falt h\u00f3napokban a nagy kiad\u00f3k \u00e9s f\u00fcggetlen jogkezel\u0151k sorra ind\u00edtottak szerz\u0151i jogi pereket az enged\u00e9ly n\u00e9lk\u00fcl tan\u00edtott zenei AI-modellek ellen, az Apple Music \u00e9s a Spotify pedig m\u00e1r bejelentette a mesters\u00e9ges intelligenci\u00e1val gener\u00e1lt dalok \u00e9s el\u0151ad\u00f3i profilok k\u00f6telez\u0151 megjel\u00f6l\u00e9s\u00e9t.<\/p>\n<p>\n                          (Bor\u00edt\u00f3k\u00e9p:\u00a0Dr. Dre Los Angelesben 2024. m\u00e1rcius 19-\u00e9n. Fot\u00f3: Christopher Polk \/ Variety \/ Getty Images)\n                        <\/p>\n<p><a href=\"https:\/\/dex.hu\/x.php?id=googlepref_desktop&amp;url=https:\/\/google.com\/preferences\/source?q=https:\/\/index.hu\" class=\"google-pref-banner \" id=\"googlePrefBanner\" rel=\"nofollow noopener\" target=\"_blank\"><\/p>\n<p>    Itt \u00e1ll\u00edtsa be, hogy az Index az els\u0151k k\u00f6z\u00f6tt legyen a Google-tal\u00e1latokban!<\/p>\n<p><\/a><\/p>\n<p>      <a class=\"\" href=\"https:\/\/indexadhu.hit.gemius.pl\/hitredir?id=d7.rQk91pCyMn7AhP950spbfLW9UV09Vz2WGFmgcDGv.N7&amp;stparam=ubqqhsgonq&amp;fastid=iaaimdmjgovrqxgmpnrdbsbmcajp&amp;nc=0&amp;url=https:\/\/aisummitbudapest.hu\/\" target=\"_blank\" rel=\"nofollow noopener\"><img decoding=\"async\" src=\"https:\/\/www.europesays.com\/hu\/wp-content\/uploads\/2026\/08\/1787511617_575_69486391_58fec5c1ccb7a721181e512a7783d891_wm.jpg\" width=\"100%\"\/><\/a><\/p>\n<p><img loading=\"lazy\" decoding=\"async\" src=\"https:\/\/www.europesays.com\/hu\/wp-content\/uploads\/2026\/08\/1787511618_868_redot.gif\" border=\"0\" height=\"0\" width=\"0\"\/><\/p>\n<p>                <a href=\"https:\/\/konyvek.index.hu\/\" target=\"_blank\" rel=\"nofollow noopener\"><br \/>\n                <img decoding=\"async\" src=\"https:\/\/index.hu\/assets\/images\/konyvajanlo\/book_indapress\/book_indapress_logo.svg\" loading=\"lazy\" alt=\"Inda Press Kiad\u00f3\"\/><br \/>\n                <\/a><\/p>\n<p>                <img decoding=\"async\" src=\"https:\/\/www.europesays.com\/hu\/wp-content\/uploads\/2026\/08\/1787511619_366_whatsnext.png\" loading=\"lazy\" alt=\"What's next is now!\"\/><\/p>\n<p>Mi lenne, ha a j\u00f6v\u0151 nem csak t\u00f6rt\u00e9nne veled, hanem te alak\u00edtan\u00e1d? Ez a k\u00f6nyv seg\u00edt felk\u00e9sz\u00fclni, sosem tapasztalt m\u00f3don. Tedd meg az els\u0151 l\u00e9p\u00e9st most.  <\/p>\n<p>                <a class=\"book_index_btn\" href=\"https:\/\/indexadhu.hit.gemius.pl\/hitredir?id=nSCbubuYpDWJZLZs0TssLrbt33Lk5kbipuiZrkg89G3.g7&amp;stparam=vcfjpqgmbf&amp;fastid=lplbwtajxrtlabdtadgtgveqxwlp&amp;nc=0&amp;url=https:\/\/www.indapresskiado.hu\/products\/whats-next-is-now-tervezd-a-jelent\" target=\"_blank\" rel=\"nofollow noopener\">MEGVESZEM<\/a><\/p>\n<p>    <img decoding=\"async\" src=\"https:\/\/www.europesays.com\/hu\/wp-content\/uploads\/2026\/08\/1787511620_164_redot.gif\"\/><\/p>\n<p>    <img decoding=\"async\" src=\"https:\/\/index.hu\/assets\/images\/social-follow\/logo-big.svg\" alt=\"Index.hu logo\"\/><\/p>\n<p>K\u00f6vesse az Indexet Facebookon is!<\/p>\n<p>    <a href=\"https:\/\/facebook.com\/Indexhu\" target=\"_blank\" rel=\"nofollow noopener\"><\/p>\n<p>        K\u00f6vetem!<br \/>\n    <\/a><\/p>\n","protected":false},"excerpt":{"rendered":"A 61 \u00e9ves zenemogul \u2013 aki nemr\u00e9g egymilli\u00e1rd doll\u00e1ros vagyon\u00e1val hivatalosan is felker\u00fclt a Forbes 2026-os milli\u00e1rdoslist\u00e1j\u00e1ra \u2013&hellip;\n","protected":false},"author":2,"featured_media":218397,"comment_status":"","ping_status":"","sticky":false,"template":"","format":"standard","meta":{"footnotes":"","_share_on_mastodon":"0"},"categories":[21],"tags":[282,53133,198,58826,137,185,199,44,42,40,43,41,283,138,13521],"class_list":["post-218396","post","type-post","status-publish","format-standard","has-post-thumbnail","category-hiressegek","tag-ai","tag-aisummit2026","tag-celebrities","tag-dr-dre","tag-entertainment","tag-fomo","tag-hiressegek","tag-hu","tag-hungarian","tag-hungary","tag-magyar","tag-magyarorszag","tag-mesterseges-intelligencia","tag-szorakozas","tag-zeneipar"],"share_on_mastodon":{"url":"https:\/\/pubeurope.com\/@hu\/117146369065338827","error":""},"_links":{"self":[{"href":"https:\/\/www.europesays.com\/hu\/wp-json\/wp\/v2\/posts\/218396","targetHints":{"allow":["GET"]}}],"collection":[{"href":"https:\/\/www.europesays.com\/hu\/wp-json\/wp\/v2\/posts"}],"about":[{"href":"https:\/\/www.europesays.com\/hu\/wp-json\/wp\/v2\/types\/post"}],"author":[{"embeddable":true,"href":"https:\/\/www.europesays.com\/hu\/wp-json\/wp\/v2\/users\/2"}],"replies":[{"embeddable":true,"href":"https:\/\/www.europesays.com\/hu\/wp-json\/wp\/v2\/comments?post=218396"}],"version-history":[{"count":0,"href":"https:\/\/www.europesays.com\/hu\/wp-json\/wp\/v2\/posts\/218396\/revisions"}],"wp:featuredmedia":[{"embeddable":true,"href":"https:\/\/www.europesays.com\/hu\/wp-json\/wp\/v2\/media\/218397"}],"wp:attachment":[{"href":"https:\/\/www.europesays.com\/hu\/wp-json\/wp\/v2\/media?parent=218396"}],"wp:term":[{"taxonomy":"category","embeddable":true,"href":"https:\/\/www.europesays.com\/hu\/wp-json\/wp\/v2\/categories?post=218396"},{"taxonomy":"post_tag","embeddable":true,"href":"https:\/\/www.europesays.com\/hu\/wp-json\/wp\/v2\/tags?post=218396"}],"curies":[{"name":"wp","href":"https:\/\/api.w.org\/{rel}","templated":true}]}}