{"id":218422,"date":"2026-08-23T19:34:16","date_gmt":"2026-08-23T19:34:16","guid":{"rendered":"https:\/\/www.europesays.com\/hu\/218422\/"},"modified":"2026-08-23T19:34:16","modified_gmt":"2026-08-23T19:34:16","slug":"index-futball-futball-1059","status":"publish","type":"post","link":"https:\/\/www.europesays.com\/hu\/218422\/","title":{"rendered":"Index &#8211; Futball &#8211; Futball"},"content":{"rendered":"<p>                <a href=\"https:\/\/index.hu\/szerzo\/borbely_laszlo\" rel=\"nofollow noopener\" target=\"_blank\"><br \/>\n                        <img decoding=\"async\" class=\"szerzo-kep\" src=\"https:\/\/www.europesays.com\/hu\/wp-content\/uploads\/2026\/08\/1787513653_626_36250517_2770519_39ff35a56125eb86cdcab5b48845ab2f_wm.png\" alt=\"- bl\u00e1 -\"\/><br \/>\n                <\/a><\/p>\n<p>\n                Gul\u00e1csi P\u00e9ter csapata, a Villarreal 2\u20132-es d\u00f6ntetlent j\u00e1tszott az Atl\u00e9tico Madrid vend\u00e9gek\u00e9nt a spanyol labdar\u00fag\u00f3-bajnoks\u00e1g m\u00e1sodik fordul\u00f3j\u00e1nak vas\u00e1rnapi j\u00e1t\u00e9knapj\u00e1n.            <\/p>\n<p>Az MTI azzal ind\u00edtja besz\u00e1mol\u00f3j\u00e1t, hogy az 58-szoros magyar v\u00e1logatott kapus az els\u0151 fordul\u00f3hoz hasonl\u00f3an ez\u00fattal is a kispadr\u00f3l n\u00e9zte az \u00f6sszecsap\u00e1st, amelynek g\u00f3l n\u00e9lk\u00fcli els\u0151 f\u00e9lidej\u00e9t k\u00f6vet\u0151en az 59. percben h\u00e1tr\u00e1nyba ker\u00fclt.<\/p>\n<p>Az el\u0151z\u0151 id\u00e9ny bronz\u00e9rmese azonban Gerard Moreno \u00e9s Georges Mikautadze b\u00fcntet\u0151ivel ford\u00edtott, ut\u00f3bbi el\u0151tt emberel\u0151nybe is ker\u00fclt, de nem tudta kihaszn\u00e1lni a lehet\u0151s\u00e9get, mert az Atl\u00e9tico a 86. percben egyenl\u00edtett, \u00edgy a Racing Santander elleni ut\u00e1n a m\u00e1sodik m\u00e9rk\u0151z\u00e9s\u00e9n is 2\u20132-es d\u00f6ntetlent j\u00e1tszott.<\/p>\n<p>A Villarreal az el\u0151z\u0151 id\u00e9ny eredm\u00e9nyeit is figyelembe v\u00e9ve sorozatban \u00f6t\u00f6dik idegenbeli m\u00e9rk\u0151z\u00e9s\u00e9n maradt gy\u0151zelem n\u00e9lk\u00fcl, n\u00e9gy d\u00f6ntetlen mellett egyszer kikapott.<\/p>\n<p>                        La Liga 2026\u20132027, 2. fordul\u00f3:<\/p>\n<p>                        Atl\u00e9tico Madrid\u2013Villarreal 2\u20132 (0\u20130)<br \/>\n                        Getafe\u2013Racing Santander 19.30<br \/>\n                        Elche\u2013FC Barcelona 21.30<\/p>\n<p>\n                          szombaton j\u00e1tszott\u00e1k:\n                        <\/p>\n<p>                        Athletic Bilbao\u2013Sevilla 1\u20133 (0\u20131)<br \/>\n                        Valencia\u2013Celta Vigo 0\u20130<br \/>\n                        Espanyol\u2013Real Madrid 1\u20132 (1\u20131)<\/p>\n<p>\n                          p\u00e9nteken j\u00e1tszott\u00e1k:\n                        <\/p>\n<p>                        Real Betis\u2013Real Sociedad 1\u20130 (0\u20130)<\/p>\n<p>\n                          cs\u00fct\u00f6rt\u00f6k\u00f6n j\u00e1tszott\u00e1k:\n                        <\/p>\n<p>                        Rayo Vallecano\u2013Deportivo Alav\u00e9s 1\u20131 (0\u20130)<\/p>\n<p>\n                          h\u00e9tf\u0151n j\u00e1tssz\u00e1k:\n                        <\/p>\n<p>                        Osasuna\u2013Levante 19.30<br \/>\n                        M\u00e1laga\u2013Deportivo A Coruna 21.30<\/p>\n<p>\n                          Az 1. fordul\u00f3 h\u00e1tral\u00e9v\u0151 m\u00e9rk\u0151z\u00e9sei:\n                        <\/p>\n<p>\n                          kedd:\n                        <\/p>\n<p>                        Valencia\u2013Real Betis 21.00<\/p>\n<p>\n                          szerda:\n                        <\/p>\n<p>                        Real Madrid\u2013Real Sociedad 21.00<\/p>\n<p>\n                          cs\u00fct\u00f6rt\u00f6k:\n                        <\/p>\n<p>                        Celta Vigo\u2013Osasusna 20.30<br \/>\n                        FC Barcelona\u2013Athletic Bilbao 21.00<\/p>\n<p><a href=\"https:\/\/dex.hu\/x.php?id=googlepref_desktop&amp;url=https:\/\/google.com\/preferences\/source?q=https:\/\/index.hu\" class=\"google-pref-banner \" id=\"googlePrefBanner\" rel=\"nofollow noopener\" target=\"_blank\"><\/p>\n<p>    Itt \u00e1ll\u00edtsa be, hogy az Index az els\u0151k k\u00f6z\u00f6tt legyen a Google-tal\u00e1latokban!<\/p>\n<p><\/a><\/p>\n<p>                <a href=\"https:\/\/konyvek.index.hu\/\" target=\"_blank\" rel=\"nofollow noopener\"><br \/>\n                <img decoding=\"async\" src=\"https:\/\/index.hu\/assets\/images\/konyvajanlo\/book_indapress\/book_indapress_logo.svg\" loading=\"lazy\" alt=\"Inda Press Kiad\u00f3\"\/><br \/>\n                <\/a><\/p>\n<p>                <img decoding=\"async\" src=\"https:\/\/www.europesays.com\/hu\/wp-content\/uploads\/2026\/08\/1787513654_394_rossi.png\" loading=\"lazy\" alt=\"Rossi\"\/><\/p>\n<p>Ismerd meg a magyar labdar\u00fag\u00e1s h\u0151s\u00e9nek eml\u00e9kezetes pillanatait!<br \/>Folytassa, Mister!<\/p>\n<p>                <a class=\"book_index_btn\" href=\"https:\/\/indexadhu.hit.gemius.pl\/hitredir\/id=nSCbubuYpDWJZLZs0TssLrbt33Lk5kbipuiZrkg89G3.g7\/stparam=uciklwjurk\/fastid=efdamtuhsxcjschvtzobuxredglq\/nc=0\/url=https:\/\/www.indapresskiado.hu\/products\/marco-rossi?_pos=1&amp;_psq=rossi&amp;_ss=e&amp;_v=1.0\" target=\"_blank\" rel=\"nofollow noopener\">MEGVESZEM<\/a><\/p>\n<p>    <img loading=\"lazy\" decoding=\"async\" src=\"https:\/\/www.europesays.com\/hu\/wp-content\/uploads\/2026\/08\/1787513656_310_nc=0.gif\" border=\"0\" height=\"0\" width=\"0\"\/><\/p>\n<p>    <img decoding=\"async\" src=\"https:\/\/index.hu\/assets\/images\/social-follow\/logo-big.svg\" alt=\"Index.hu logo\"\/><\/p>\n<p>K\u00f6vesse az Indexet Facebookon is!<\/p>\n<p>    <a href=\"https:\/\/facebook.com\/Indexhu\" target=\"_blank\" rel=\"nofollow noopener\"><\/p>\n<p>        K\u00f6vetem!<br \/>\n    <\/a><\/p>\n","protected":false},"excerpt":{"rendered":"Gul\u00e1csi P\u00e9ter csapata, a Villarreal 2\u20132-es d\u00f6ntetlent j\u00e1tszott az Atl\u00e9tico Madrid vend\u00e9gek\u00e9nt a spanyol labdar\u00fag\u00f3-bajnoks\u00e1g m\u00e1sodik fordul\u00f3j\u00e1nak vas\u00e1rnapi&hellip;\n","protected":false},"author":2,"featured_media":218423,"comment_status":"","ping_status":"","sticky":false,"template":"","format":"standard","meta":{"footnotes":"","_share_on_mastodon":"0"},"categories":[14],"tags":[4522,12175,44,42,40,2466,43,41,45,131,6881],"class_list":["post-218422","post","type-post","status-publish","format-standard","has-post-thumbnail","category-sport","tag-atletico-madrid","tag-gulacsi-peter","tag-hu","tag-hungarian","tag-hungary","tag-la-liga","tag-magyar","tag-magyarorszag","tag-sport","tag-sports","tag-villarreal"],"share_on_mastodon":{"url":"https:\/\/pubeurope.com\/@hu\/117146502580326759","error":""},"_links":{"self":[{"href":"https:\/\/www.europesays.com\/hu\/wp-json\/wp\/v2\/posts\/218422","targetHints":{"allow":["GET"]}}],"collection":[{"href":"https:\/\/www.europesays.com\/hu\/wp-json\/wp\/v2\/posts"}],"about":[{"href":"https:\/\/www.europesays.com\/hu\/wp-json\/wp\/v2\/types\/post"}],"author":[{"embeddable":true,"href":"https:\/\/www.europesays.com\/hu\/wp-json\/wp\/v2\/users\/2"}],"replies":[{"embeddable":true,"href":"https:\/\/www.europesays.com\/hu\/wp-json\/wp\/v2\/comments?post=218422"}],"version-history":[{"count":0,"href":"https:\/\/www.europesays.com\/hu\/wp-json\/wp\/v2\/posts\/218422\/revisions"}],"wp:featuredmedia":[{"embeddable":true,"href":"https:\/\/www.europesays.com\/hu\/wp-json\/wp\/v2\/media\/218423"}],"wp:attachment":[{"href":"https:\/\/www.europesays.com\/hu\/wp-json\/wp\/v2\/media?parent=218422"}],"wp:term":[{"taxonomy":"category","embeddable":true,"href":"https:\/\/www.europesays.com\/hu\/wp-json\/wp\/v2\/categories?post=218422"},{"taxonomy":"post_tag","embeddable":true,"href":"https:\/\/www.europesays.com\/hu\/wp-json\/wp\/v2\/tags?post=218422"}],"curies":[{"name":"wp","href":"https:\/\/api.w.org\/{rel}","templated":true}]}}