{"id":218769,"date":"2026-08-24T06:12:13","date_gmt":"2026-08-24T06:12:13","guid":{"rendered":"https:\/\/www.europesays.com\/hu\/218769\/"},"modified":"2026-08-24T06:12:13","modified_gmt":"2026-08-24T06:12:13","slug":"index-futball-futball-1064","status":"publish","type":"post","link":"https:\/\/www.europesays.com\/hu\/218769\/","title":{"rendered":"Index &#8211; Futball &#8211; Futball"},"content":{"rendered":"<p>        <img decoding=\"async\" src=\"https:\/\/www.europesays.com\/hu\/wp-content\/uploads\/2026\/08\/71166819_830d08a9f8a23cb610ee117fcb5ffa26_wm.jpg\" alt=\"GettyImages-2291186014\"\/><\/p>\n<p>                <a href=\"https:\/\/index.hu\/szerzo\/gall_andras\" rel=\"nofollow noopener\" target=\"_blank\"><br \/>\n                        <img decoding=\"async\" class=\"szerzo-kep\" src=\"https:\/\/www.europesays.com\/hu\/wp-content\/uploads\/2026\/08\/1787551930_197_36705317_2803649_b2de33d2f01831d93a6627e720d23a6b_wm.png\" alt=\"- cga -\"\/><br \/>\n                <\/a><\/p>\n<p>\n                A Trabzonspor\u2013Ferencv\u00e1ros Eur\u00f3pa-liga-p\u00e1rharc els\u0151 felvon\u00e1s\u00e1t \u00fagy nyerte meg cs\u00fct\u00f6rt\u00f6k\u00f6n idegenben 1\u20130-ra a Fradi, hogy Mohamed Szalah, a t\u00f6r\u00f6k\u00f6k egyiptomi szt\u00e1rja csak \u00e1rny\u00e9ka volt \u00f6nmag\u00e1nak. Vas\u00e1rnap azonban, a Basaksehir elleni bajnokin ber\u00fagta els\u0151 g\u00f3ljait \u00faj csapata sz\u00edneiben, mindj\u00e1rt kett\u0151t, de n\u00e9gy is lehetett volna az a kett\u0151. Jelz\u00e9s arra vonatkoz\u00f3an, hogy j\u00f3 lesz vigy\u00e1zni cs\u00fct\u00f6rt\u00f6k\u00f6n a 20.30-kor kezd\u0151d\u0151 visszav\u00e1g\u00f3n a Groupama Aren\u00e1ban.            <\/p>\n<p>Mohamed Salah a ny\u00e1ron \u00e9rkezett a t\u00f6r\u00f6k Trabzonspor csapat\u00e1hoz a Liverpoolt\u00f3l k\u00e9t \u00e9vre, \u00e9vi 20 milli\u00f3 fontos \u00e1lomfizet\u00e9s fej\u00e9ben. Els\u0151 k\u00e9t meccs\u00e9n azonban csal\u00f3d\u00e1st okozott a 34 \u00e9ves sz\u00e9ls\u0151; nem tudott g\u00f3lt szerezni els\u0151 bajnokij\u00e1n, majd a Fradi ellen sem.<\/p>\n<p>Vas\u00e1rnap el\u0151sz\u00f6r volt kezd\u0151 a t\u00f6r\u00f6k bajnoks\u00e1gban, \u00e9s gyorsan be is tal\u00e1lt a Basaksehir ellen, a v\u00e9d\u0151 csak a g\u00f3lvonal m\u00f6g\u00fcl tudta kikotorni a labd\u00e1t.<\/p>\n<p lang=\"en\" dir=\"ltr\">\ud83c\udfa5 Mohamed Salah vs Istanbul Ba\u015fak\u015fehir FK<\/p>\n<p>A wonderful performance by the Egyptian King as he scores his first goals in a Trabzonspor shirt \ud83c\uddea\ud83c\uddec\ud83d\udc51 <a href=\"https:\/\/t.co\/mf2lAOO7Dv\" rel=\"nofollow\">pic.twitter.com\/mf2lAOO7Dv<\/a><\/p>\n<p>\u2014 Salah Updates (@SalahUpdates) <a href=\"https:\/\/x.com\/SalahUpdates\/status\/2091622353419554975?ref_src=twsrc%5Etfw\" rel=\"nofollow\">August 23, 2026<\/a> <\/p>\n<p>Azt\u00e1n dupl\u00e1zott az egyiptomi, s\u0151t m\u00e9g r\u00fagott k\u00e9t sz\u00e9p emel\u0151s g\u00f3lt, de az els\u0151t l\u00f6k\u00e9s, a m\u00e1sodikat les miatt nem adt\u00e1k meg. Mondjuk az a les el\u00e9g nehezen \u00e9szlelhet\u0151.<\/p>\n<p lang=\"en\" dir=\"ltr\">\ud83c\udfa5 Mohamed Salah vs Istanbul Ba\u015fak\u015fehir FK<\/p>\n<p>A wonderful performance by the Egyptian King as he scores his first goals in a Trabzonspor shirt \ud83c\uddea\ud83c\uddec\ud83d\udc51 <a href=\"https:\/\/t.co\/mf2lAOO7Dv\" rel=\"nofollow\">pic.twitter.com\/mf2lAOO7Dv<\/a><\/p>\n<p>\u2014 Salah Updates (@SalahUpdates) <a href=\"https:\/\/x.com\/SalahUpdates\/status\/2091622353419554975?ref_src=twsrc%5Etfw\" rel=\"nofollow\">August 23, 2026<\/a> <\/p>\n<p>A Ferencv\u00e1ros cs\u00fct\u00f6rt\u00f6k\u00f6n 20.30 \u00f3rakor fogadja a Trabzonsport az Eur\u00f3pa-lig\u00e1ban, az idegenben megszerzett 1\u20130-s el\u0151ny birtok\u00e1ban.<\/p>\n<p>\n                          (Bor\u00edt\u00f3k\u00e9p: Mohamed Salah, a Trabzonspor j\u00e1t\u00e9kosa akci\u00f3ban a Trabzonspor\u2013\u0130stanbul Ba\u015fak\u015fehir t\u00f6r\u00f6k Szuperliga-m\u00e9rk\u0151z\u00e9sen 2026. augusztus 23-\u00e1n. Fot\u00f3: Hakan Burak Altun\u00f6z \/ Anadolu \/ Getty Images)\n                        <\/p>\n<p><a href=\"https:\/\/dex.hu\/x.php?id=googlepref_desktop&amp;url=https:\/\/google.com\/preferences\/source?q=https:\/\/index.hu\" class=\"google-pref-banner \" id=\"googlePrefBanner\" rel=\"nofollow noopener\" target=\"_blank\"><\/p>\n<p>    Itt \u00e1ll\u00edtsa be, hogy az Index az els\u0151k k\u00f6z\u00f6tt legyen a Google-tal\u00e1latokban!<\/p>\n<p><\/a><\/p>\n<p>                <a href=\"https:\/\/konyvek.index.hu\/\" target=\"_blank\" rel=\"nofollow noopener\"><br \/>\n                <img decoding=\"async\" src=\"https:\/\/index.hu\/assets\/images\/konyvajanlo\/book_indapress\/book_indapress_logo.svg\" loading=\"lazy\" alt=\"Inda Press Kiad\u00f3\"\/><br \/>\n                <\/a><\/p>\n<p>                <img decoding=\"async\" src=\"https:\/\/www.europesays.com\/hu\/wp-content\/uploads\/2026\/08\/1787551931_340_rossi.png\" loading=\"lazy\" alt=\"Rossi\"\/><\/p>\n<p>Ismerd meg a magyar labdar\u00fag\u00e1s h\u0151s\u00e9nek eml\u00e9kezetes pillanatait!<br \/>Folytassa, Mister!<\/p>\n<p>                <a class=\"book_index_btn\" href=\"https:\/\/indexadhu.hit.gemius.pl\/hitredir\/id=nSCbubuYpDWJZLZs0TssLrbt33Lk5kbipuiZrkg89G3.g7\/stparam=uciklwjurk\/fastid=efdamtuhsxcjschvtzobuxredglq\/nc=0\/url=https:\/\/www.indapresskiado.hu\/products\/marco-rossi?_pos=1&amp;_psq=rossi&amp;_ss=e&amp;_v=1.0\" target=\"_blank\" rel=\"nofollow noopener\">MEGVESZEM<\/a><\/p>\n<p>    <img loading=\"lazy\" decoding=\"async\" src=\"https:\/\/www.europesays.com\/hu\/wp-content\/uploads\/2026\/08\/1787551933_666_nc=0.gif\" border=\"0\" height=\"0\" width=\"0\"\/><\/p>\n<p>    <img decoding=\"async\" src=\"https:\/\/index.hu\/assets\/images\/social-follow\/logo-big.svg\" alt=\"Index.hu logo\"\/><\/p>\n<p>K\u00f6vesse az Indexet Facebookon is!<\/p>\n<p>    <a href=\"https:\/\/facebook.com\/Indexhu\" target=\"_blank\" rel=\"nofollow noopener\"><\/p>\n<p>        K\u00f6vetem!<br \/>\n    <\/a><\/p>\n<p><script async src=\"https:\/\/platform.twitter.com\/widgets.js\" charset=\"utf-8\"><\/script><\/p>\n","protected":false},"excerpt":{"rendered":"A Trabzonspor\u2013Ferencv\u00e1ros Eur\u00f3pa-liga-p\u00e1rharc els\u0151 felvon\u00e1s\u00e1t \u00fagy nyerte meg cs\u00fct\u00f6rt\u00f6k\u00f6n idegenben 1\u20130-ra a Fradi, hogy Mohamed Szalah, a t\u00f6r\u00f6k\u00f6k&hellip;\n","protected":false},"author":2,"featured_media":218770,"comment_status":"","ping_status":"","sticky":false,"template":"","format":"standard","meta":{"footnotes":"","_share_on_mastodon":"0"},"categories":[14],"tags":[50838,47,46,377,500,44,42,40,43,41,17314,7084,45,131,6629],"class_list":["post-218769","post","type-post","status-publish","format-standard","has-post-thumbnail","category-sport","tag-basaksehir","tag-europa-liga","tag-ferencvaros","tag-fradi","tag-ftc","tag-hu","tag-hungarian","tag-hungary","tag-magyar","tag-magyarorszag","tag-mohamed-salah","tag-mohamed-szalah","tag-sport","tag-sports","tag-trabzonspor"],"share_on_mastodon":{"url":"https:\/\/pubeurope.com\/@hu\/117149010892177726","error":""},"_links":{"self":[{"href":"https:\/\/www.europesays.com\/hu\/wp-json\/wp\/v2\/posts\/218769","targetHints":{"allow":["GET"]}}],"collection":[{"href":"https:\/\/www.europesays.com\/hu\/wp-json\/wp\/v2\/posts"}],"about":[{"href":"https:\/\/www.europesays.com\/hu\/wp-json\/wp\/v2\/types\/post"}],"author":[{"embeddable":true,"href":"https:\/\/www.europesays.com\/hu\/wp-json\/wp\/v2\/users\/2"}],"replies":[{"embeddable":true,"href":"https:\/\/www.europesays.com\/hu\/wp-json\/wp\/v2\/comments?post=218769"}],"version-history":[{"count":0,"href":"https:\/\/www.europesays.com\/hu\/wp-json\/wp\/v2\/posts\/218769\/revisions"}],"wp:featuredmedia":[{"embeddable":true,"href":"https:\/\/www.europesays.com\/hu\/wp-json\/wp\/v2\/media\/218770"}],"wp:attachment":[{"href":"https:\/\/www.europesays.com\/hu\/wp-json\/wp\/v2\/media?parent=218769"}],"wp:term":[{"taxonomy":"category","embeddable":true,"href":"https:\/\/www.europesays.com\/hu\/wp-json\/wp\/v2\/categories?post=218769"},{"taxonomy":"post_tag","embeddable":true,"href":"https:\/\/www.europesays.com\/hu\/wp-json\/wp\/v2\/tags?post=218769"}],"curies":[{"name":"wp","href":"https:\/\/api.w.org\/{rel}","templated":true}]}}