{"id":218820,"date":"2026-08-24T07:08:09","date_gmt":"2026-08-24T07:08:09","guid":{"rendered":"https:\/\/www.europesays.com\/hu\/218820\/"},"modified":"2026-08-24T07:08:09","modified_gmt":"2026-08-24T07:08:09","slug":"igy-all-az-f1-es-pontverseny-a-holland-nagydij-utan","status":"publish","type":"post","link":"https:\/\/www.europesays.com\/hu\/218820\/","title":{"rendered":"\u00cdgy \u00e1ll az F1-es pontverseny a Holland Nagyd\u00edj ut\u00e1n"},"content":{"rendered":"<p>This website is unofficial and is not associated in any way with the Formula 1 companies. F1, FORMULA ONE, FORMULA 1, FIA FORMULA ONE WORLD CHAMPIONSHIP, GRAND PRIX and related marks are trade marks of Formula One Licensing B.V.<\/p>\n<p>Ez a weboldal nem a Forma-1 hivatalos weboldala, \u00e9s semmif\u00e9le kapcsolatban nem \u00e1ll a Formula 1 v\u00e1llalataival. Az F1, FORMULA ONE, FORMULA 1, FIA FORMULA ONE WORLD CHAMPIONSHIP, GRAND PRIX \u00e9s a hozz\u00e1juk kapcsol\u00f3d\u00f3 egy\u00e9b kifejez\u00e9sek \u00a0a Formula One Licensing B.V. bejegyzett v\u00e9djegyei.<\/p>\n<p>Minden jog fenntartva! | F1VIL\u00c1G.HU<\/p>\n","protected":false},"excerpt":{"rendered":"This website is unofficial and is not associated in any way with the Formula 1 companies. F1, FORMULA&hellip;\n","protected":false},"author":2,"featured_media":218821,"comment_status":"","ping_status":"","sticky":false,"template":"","format":"standard","meta":{"footnotes":"","_share_on_mastodon":"0"},"categories":[14],"tags":[638,8190,55361,44,42,40,10952,1309,640,43,41,1310,494,58897,45,131,22272],"class_list":["post-218820","post","type-post","status-publish","format-standard","has-post-thumbnail","category-sport","tag-ferrari","tag-george-russell","tag-holland-nagydij","tag-hu","tag-hungarian","tag-hungary","tag-kimi-antonelli","tag-lando-norris","tag-lewis-hamilton","tag-magyar","tag-magyarorszag","tag-mclaren","tag-mercedes","tag-pontverseny","tag-sport","tag-sports","tag-tabella"],"share_on_mastodon":{"url":"https:\/\/pubeurope.com\/@hu\/117149230860076662","error":""},"_links":{"self":[{"href":"https:\/\/www.europesays.com\/hu\/wp-json\/wp\/v2\/posts\/218820","targetHints":{"allow":["GET"]}}],"collection":[{"href":"https:\/\/www.europesays.com\/hu\/wp-json\/wp\/v2\/posts"}],"about":[{"href":"https:\/\/www.europesays.com\/hu\/wp-json\/wp\/v2\/types\/post"}],"author":[{"embeddable":true,"href":"https:\/\/www.europesays.com\/hu\/wp-json\/wp\/v2\/users\/2"}],"replies":[{"embeddable":true,"href":"https:\/\/www.europesays.com\/hu\/wp-json\/wp\/v2\/comments?post=218820"}],"version-history":[{"count":0,"href":"https:\/\/www.europesays.com\/hu\/wp-json\/wp\/v2\/posts\/218820\/revisions"}],"wp:featuredmedia":[{"embeddable":true,"href":"https:\/\/www.europesays.com\/hu\/wp-json\/wp\/v2\/media\/218821"}],"wp:attachment":[{"href":"https:\/\/www.europesays.com\/hu\/wp-json\/wp\/v2\/media?parent=218820"}],"wp:term":[{"taxonomy":"category","embeddable":true,"href":"https:\/\/www.europesays.com\/hu\/wp-json\/wp\/v2\/categories?post=218820"},{"taxonomy":"post_tag","embeddable":true,"href":"https:\/\/www.europesays.com\/hu\/wp-json\/wp\/v2\/tags?post=218820"}],"curies":[{"name":"wp","href":"https:\/\/api.w.org\/{rel}","templated":true}]}}