{"id":219097,"date":"2026-08-24T11:32:10","date_gmt":"2026-08-24T11:32:10","guid":{"rendered":"https:\/\/www.europesays.com\/hu\/219097\/"},"modified":"2026-08-24T11:32:10","modified_gmt":"2026-08-24T11:32:10","slug":"nem-veletlen-hogy-sok-egykori-gyereksztar-el-szomoru-eletet-es-hal-korai-halalt-sorra-szolalnak-fel-a-szineszek-hayden-panettiere-halala-kapcsan","status":"publish","type":"post","link":"https:\/\/www.europesays.com\/hu\/219097\/","title":{"rendered":"&#8222;Nem v\u00e9letlen, hogy sok egykori gyerekszt\u00e1r \u00e9l szomor\u00fa \u00e9letet \u00e9s hal korai hal\u00e1lt&#8221; \u2013 sorra sz\u00f3lalnak fel a sz\u00edn\u00e9szek Hayden Panettiere hal\u00e1la kapcs\u00e1n"},"content":{"rendered":"<p>Sorra sz\u00f3lalnak fel az egykori gyereksz\u00edn\u00e9szek Hayden Panettiere\u00a0<a target=\"_blank\" href=\"https:\/\/24.hu\/kultura\/2026\/08\/17\/meghalt-hayden-panettiere-breaking\/\" rel=\"nofollow noopener\">m\u00falt heti hal\u00e1la<\/a> kapcs\u00e1n. A fiatalon ismertt\u00e9 v\u00e1lt sz\u00edn\u00e9szn\u0151 36 \u00e9vesen hunyt el, a<a target=\"_blank\" href=\"https:\/\/24.hu\/kultura\/2026\/08\/17\/hayden-panettiere-halala-rendorseg-tajekoztatas\/\" rel=\"nofollow noopener\"> rend\u0151rs\u00e9g az \u00fcgyben elmondta<\/a>: az el\u0151zetes nyomoz\u00e1s nem t\u00e1rt fel semmilyen b\u0171ncselekm\u00e9nyre utal\u00f3 jelet vagy gyan\u00fas k\u00f6r\u00fclm\u00e9nyt.<\/p>\n<p>Panettiere anyja kor\u00e1bban maga is szappanopera-sz\u00edn\u00e9szn\u0151 volt; sz\u0151ke, k\u00e9k szem\u0171 kisl\u00e1ny\u00e1ban a show-bizniszben edz\u0151d\u00f6tt \u00e9desanya nagyon hamar megl\u00e1tta a potenci\u00e1lt: Panettiere nyolc h\u00f3napos kor\u00e1ban m\u00e1r babamodellk\u00e9nt deb\u00fct\u00e1lt a kamer\u00e1k el\u0151tt, tizenegy h\u00f3napos kor\u00e1ban kapta els\u0151 szerep\u00e9t egy j\u00e1t\u00e9kvonat-rekl\u00e1mban, \u00f6t\u00e9vesen pedig beker\u00fclt a One Life to Live c\u00edm\u0171 szappanoper\u00e1ba, amelyben h\u00e1rom \u00e9ven \u00e1t j\u00e1tszott. <a target=\"_blank\" href=\"https:\/\/24.hu\/kultura\/2026\/08\/17\/hayden-panettiere-meghalt-film-hosok-klicsko\/\" rel=\"nofollow noopener\">Itt \u00edrtunk b\u0151vebben az \u00e9let\u00e9r\u0151l<\/a>.<\/p>\n<p>Kor\u00e1bbi gyereksz\u00edn\u00e9szek most arra sz\u00f3l\u00edtott\u00e1k fel Hollywoodot, hogy v\u00e9dje meg a gyereksz\u00edn\u00e9szeit:<\/p>\n<p>Nem v\u00e9letlen, hogy oly sok egykori, k\u00fcl\u00f6n\u00f6sen kor\u00e1n szexualiz\u00e1lt n\u0151i gyerekszt\u00e1r \u00e9l m\u00e9lyen szomor\u00fa \u00e9letet, \u00e9s hal korai hal\u00e1lt. A pap\u00edron remek\u00fcl kin\u00e9z\u0151 \u00bbrendszerek\u00ab nem v\u00e9dtek meg minket annyira, amennyire kellett volna<\/p>\n<p>\u2013 <a target=\"_blank\" href=\"https:\/\/www.hollywoodreporter.com\/movies\/movie-news\/anna-paquin-melissa-gilbert-protection-child-actors-hayden-panettiere-1236679362\/\" rel=\"nofollow noopener\">\u00edrta Anna Paquin p\u00e9nteken az Instagramon<\/a>. \u0150 11 \u00e9vesen v\u00e1lt h\u00edress\u00e9, amikor 1993-ban deb\u00fct\u00e1lt a Zongoralecke c\u00edm\u0171 filmben, ami\u00e9rt Oscar-d\u00edjat kapott a legjobb n\u0151i mell\u00e9kszerepl\u0151 kateg\u00f3ri\u00e1ban.<\/p>\n<p><a id=\"galeria-1\" class=\"m-nextGallery _ce_measure_widget _ce_measure_link\" href=\"https:\/\/24.hu\/elet-stilus\/2026\/08\/24\/hayden-panettiere-anna-paquin-meghalt\/?gallery=1\/1\/gettyimages-784256.jpg\" data-ce-measure-widget=\"gallery-open\" rel=\"nofollow noopener\" target=\"_blank\"><\/p>\n<p>\t\t<img loading=\"lazy\" decoding=\"async\" width=\"3000\" height=\"2182\" src=\"https:\/\/www.europesays.com\/hu\/wp-content\/uploads\/2026\/08\/1787571130_495_gettyimages-784256.jpg\" class=\"m-nextGallery__featureImage wp-image-4797642\" alt=\"\"  \/>\t<\/p>\n<p><\/a><\/p>\n<p>\u00a0<\/p>\n<p>Az elm\u00falt \u00e9vekben nem Panettiere volt az egyetlen fiatalon elhunyt szt\u00e1r. Michelle Trachtenberg 2025 febru\u00e1rj\u00e1ban, <a target=\"_blank\" href=\"https:\/\/24.hu\/kultura\/2025\/02\/26\/michelle-trachtenberg-meghalt\/\" rel=\"nofollow noopener\">39 \u00e9vesen halt meg<\/a>, Daveigh Chase <a target=\"_blank\" href=\"https:\/\/24.hu\/kultura\/2026\/06\/17\/daveigh-chase-meghalt-breaking-a-kor-lilo-es-stitch\/\" rel=\"nofollow noopener\">pedig j\u00faliusban, 35 \u00e9ves kor\u00e1ban<\/a>. Paquin posztj\u00e1ban r\u00f3luk is megeml\u00e9kezett:\u00a0\u201eNyugodj b\u00e9k\u00e9ben, HP, MT, DC \u00e9s m\u00e9g sokan m\u00e1sok. Furcsa kis klubhoz tartozunk, \u00e9s mindannyian meg\u00e9rdemlitek a t\u00e1mogat\u00e1st, f\u00fcggetlen\u00fcl att\u00f3l, hogy az ipar\u00e1gunk milyen \u00e9rz\u00e9seket kelt benn\u00fcnk\u201d \u2013 folytatta Paquin. \u201e\u00cdrjatok nekem nyugodtan priv\u00e1t \u00fczenetet. Hiszek nektek, \u00e9s mellettetek fogok \u00e1llni. Nem vagytok egyed\u00fcl. T\u00e1mogassuk egym\u00e1st! Ez tal\u00e1n kev\u00e9sb\u00e9 ijeszt\u0151v\u00e9 teszi a nyilv\u00e1nos beismer\u00e9st.\u201d<\/p>\n<p>A True Blood \u2013 Inni \u00e9s \u00e9lni hagyni c\u00edm\u0171 sorozat egykori szerepl\u0151je egy m\u00e1sik bejegyz\u00e9s\u00e9ben hozz\u00e1tette: \u201eM\u00e9g egy dolog: feln\u0151ttk\u00e9nt volt szerencs\u00e9m olyan produkci\u00f3kban dolgozni, ahol hihetetlen\u00fcl gondosan \u00fcgyeltek a fiatal sz\u00edn\u00e9szek j\u00f3ll\u00e9t\u00e9re \u00e9s ment\u00e1lis eg\u00e9szs\u00e9g\u00e9re. K\u00fcl\u00f6n\u00f6sen az intenz\u00edv tartalmakn\u00e1l. Lehets\u00e9ges holisztikusan gondoskodni a gyerekekr\u0151l a forgat\u00e1son, \u00e9s k\u00f6zben komplex, n\u00e9ha felkavar\u00f3 t\u00f6rt\u00e9neteket mes\u00e9lni. De ennek kell a produkci\u00f3 legf\u0151bb priorit\u00e1s\u00e1nak lennie.\u201d<\/p>\n<p>Melissa Gilbert szombaton tett k\u00f6zz\u00e9 egy hossz\u00fa bejegyz\u00e9st a Substacken, amelyben azt k\u00e9rdezte:<\/p>\n<p>Mi\u00e9rt t\u00e1vozott el ez a h\u00e1rom kedves, rendk\u00edv\u00fcl tehets\u00e9ges, \u00e9l\u00e9nk \u00e9s \u00e9leter\u0151s fiatal n\u0151?<\/p>\n<p>Gilbert mind\u00f6ssze kilenc \u00e9vesen kapta meg az \u00e1tt\u00f6r\u00e9st jelent\u0151 szerep\u00e9t, amikor 1974 \u00e9s 1983 k\u00f6z\u00f6tt Laura Ingalls Wildert alak\u00edtotta A farm, ahol \u00e9l\u00fcnk c\u00edm\u0171 sorozatban.<\/p>\n<p>\u201eHaydent nem ismertem szem\u00e9lyesen, Mishyvel \u00e9s Daveigh-jel pedig csak r\u00f6vid ideig dolgoztam egy\u00fctt. Az\u00e9rt \u00e9rzem ezt szem\u00e9lyes \u00fcgynek, mert \u00e9n is olyan voltam, mint \u0151k\u201d \u2013 \u00edrta Gilbert. \u201eMindannyian ugyanazon t\u00f6rzs tagjai vagyunk: a volt gyermeksz\u00edn\u00e9szn\u0151k\u00e9. \u00c9s amikor egyik\u00fcnk meghal, az \u00e1ram\u00fct\u00e9sk\u00e9nt fut v\u00e9gig mindannyiunkon. Amikor h\u00e1rman is ilyen r\u00f6vid id\u0151n bel\u00fcl meghalnak k\u00f6z\u00fcl\u00fcnk, akkor valami nagyon-nagyon nincs rendben. Mindannyian ismerj\u00fck azokat a t\u00f6rt\u00e9neteket, hogy a sz\u00f3rakoztat\u00f3ipar hogyan haszn\u00e1lja ki, b\u00e1ntalmazza, zs\u00e1km\u00e1nyolja ki, majd haj\u00edtja el a legfiatalabbjait, de valamilyen okn\u00e1l fogva ez a tendencia egyre rosszabb\u00e1 v\u00e1lik.\u201d<\/p>\n<p>Rose McGowan, a Sikoly \u00e9s a B\u0171b\u00e1jos boszork\u00e1k sz\u00edn\u00e9szn\u0151je <a target=\"_blank\" href=\"https:\/\/pagesix.com\/2026\/08\/22\/celebrity-news\/rose-mcgowan-calls-to-end-child-stardom-after-hayden-panettieres-death\/\" rel=\"nofollow noopener\">Instagram-vide\u00f3ban eml\u00e9kezett meg<\/a> Panettiere-r\u0151l, melyben arra k\u00e9rte a sz\u00fcl\u0151ket \u00e9s a sz\u00f3rakoztat\u00f3ipart, hogy ne engedjenek gyerekeket a show-bizniszbe, mondv\u00e1n, ebben semmi sem norm\u00e1lis, \u00e9s rem\u00e9li, Panettiere lelke megszabadul azokt\u00f3l, akik ezt a p\u00e1ly\u00e1t el\u0151k\u00e9sz\u00edtett\u00e9k sz\u00e1m\u00e1ra.<\/p>\n<p>A k\u00e9t sz\u00edn\u00e9szn\u0151 sosem szerepelt egy\u00fctt egy filmben, mindketten felt\u0171ntek a Sikoly k\u00fcl\u00f6nb\u00f6z\u0151 r\u00e9szeiben. McGowan az 1996-os eredeti Wes Craven-filmben, Panettiere pedig a 2011-es negyedik \u00e9s a 2023-as hatodik r\u00e9szn\u00e9l.<\/p>\n<p>A Disney Channel egykori szt\u00e1rja, a 37 \u00e9ves Alexa PenaVega is felid\u00e9zte Panettiere mellett Michelle Trachtenberget \u00e9s Daveigh Chase-t kedden k\u00f6zz\u00e9tett bejegyz\u00e9s\u00e9ben, \u00e9s arra k\u00e9rte k\u00f6vet\u0151it, hogy \u00f6lelj\u00e9k meg szeretteiket. Elmond\u00e1sa szerint olyan l\u00e1nyokkal n\u0151tt fel, akikkel egy\u00fctt \u00e9ltek \u00e1t egy izgalmas, ugyanakkor rendk\u00edv\u00fcl neh\u00e9z vil\u00e1got, \u00e9s nem mindenkinek jutott ki az a t\u00e1mogat\u00e1s, amire sz\u00fcks\u00e9ge lett volna.<\/p>\n","protected":false},"excerpt":{"rendered":"Sorra sz\u00f3lalnak fel az egykori gyereksz\u00edn\u00e9szek Hayden Panettiere\u00a0m\u00falt heti hal\u00e1la kapcs\u00e1n. A fiatalon ismertt\u00e9 v\u00e1lt sz\u00edn\u00e9szn\u0151 36 \u00e9vesen&hellip;\n","protected":false},"author":2,"featured_media":219098,"comment_status":"","ping_status":"","sticky":false,"template":"","format":"standard","meta":{"footnotes":"","_share_on_mastodon":"0"},"categories":[21],"tags":[58944,198,14450,137,612,35631,199,44,42,40,43,41,212,58945,138],"class_list":["post-219097","post","type-post","status-publish","format-standard","has-post-thumbnail","category-hiressegek","tag-anna-paquin","tag-celebrities","tag-daveigh-chase","tag-entertainment","tag-filmtv","tag-hayden-panettiere","tag-hiressegek","tag-hu","tag-hungarian","tag-hungary","tag-magyar","tag-magyarorszag","tag-meghalt","tag-michelle-trachtenberg","tag-szorakozas"],"share_on_mastodon":{"url":"https:\/\/pubeurope.com\/@hu\/117150269250013170","error":""},"_links":{"self":[{"href":"https:\/\/www.europesays.com\/hu\/wp-json\/wp\/v2\/posts\/219097","targetHints":{"allow":["GET"]}}],"collection":[{"href":"https:\/\/www.europesays.com\/hu\/wp-json\/wp\/v2\/posts"}],"about":[{"href":"https:\/\/www.europesays.com\/hu\/wp-json\/wp\/v2\/types\/post"}],"author":[{"embeddable":true,"href":"https:\/\/www.europesays.com\/hu\/wp-json\/wp\/v2\/users\/2"}],"replies":[{"embeddable":true,"href":"https:\/\/www.europesays.com\/hu\/wp-json\/wp\/v2\/comments?post=219097"}],"version-history":[{"count":0,"href":"https:\/\/www.europesays.com\/hu\/wp-json\/wp\/v2\/posts\/219097\/revisions"}],"wp:featuredmedia":[{"embeddable":true,"href":"https:\/\/www.europesays.com\/hu\/wp-json\/wp\/v2\/media\/219098"}],"wp:attachment":[{"href":"https:\/\/www.europesays.com\/hu\/wp-json\/wp\/v2\/media?parent=219097"}],"wp:term":[{"taxonomy":"category","embeddable":true,"href":"https:\/\/www.europesays.com\/hu\/wp-json\/wp\/v2\/categories?post=219097"},{"taxonomy":"post_tag","embeddable":true,"href":"https:\/\/www.europesays.com\/hu\/wp-json\/wp\/v2\/tags?post=219097"}],"curies":[{"name":"wp","href":"https:\/\/api.w.org\/{rel}","templated":true}]}}