{"id":219281,"date":"2026-08-24T14:34:10","date_gmt":"2026-08-24T14:34:10","guid":{"rendered":"https:\/\/www.europesays.com\/hu\/219281\/"},"modified":"2026-08-24T14:34:10","modified_gmt":"2026-08-24T14:34:10","slug":"index-belfold-navracsics-tibor-nyilatkozott-az-uj-politikai-mozgalmarol-elmondta-hogy-mit-szolt-hozza-orban-viktor","status":"publish","type":"post","link":"https:\/\/www.europesays.com\/hu\/219281\/","title":{"rendered":"Index &#8211; Belf\u00f6ld &#8211; Navracsics Tibor nyilatkozott az \u00faj politikai mozgalm\u00e1r\u00f3l, elmondta, hogy mit sz\u00f3lt hozz\u00e1 Orb\u00e1n Viktor"},"content":{"rendered":"<p>Augusztus 24-\u00e9n kora reggel a <a href=\"https:\/\/index.hu\/belfold\/2026\/08\/23\/kossuth-radio-duna-mediaszolgaltato-kozszolgalati-media-ujraindul\/\" id=\"hyperlink_3e0b437f4422ba6b6d96cd9ad65c489b\" target=\"_blank\" title=\"H\u00e9tf\u0151t\u0151l \u00faj m\u0171sorstrukt\u00far\u00e1val t\u00e9r vissza a Kossuth r\u00e1di\u00f3\" rel=\"nofollow noopener\">meg\u00fajult Kossuth r\u00e1di\u00f3 st\u00fadi\u00f3j\u00e1ban<\/a> Beny\u00f3 Rita m\u0171sorvezet\u0151 besz\u00e9lgetett Navracsics Tibor kor\u00e1bbi ter\u00fcletfejleszt\u00e9si miniszterrel.<\/p>\n<p>A besz\u00e9lget\u00e9s f\u0151 aprop\u00f3j\u00e1t\u00a0<a href=\"https:\/\/index.hu\/belfold\/2026\/08\/20\/augusztus-20-magyarorszag-budapest-tuzijatek-program-koncert\/szent-istvan-intelmeivel-hirdetett-uj-tarsadalmi-parbeszedet-navracsics-tibor\/\" id=\"hyperlink_32e4c92ca9ea06bf5eb692971e8d80a5\" target=\"_blank\" title=\"Szent Istv\u00e1n intelmeivel hirdetett \u00faj t\u00e1rsadalmi p\u00e1rbesz\u00e9det Navracsics Tibor\" rel=\"nofollow noopener\">az augusztus 20-\u00e1n bejelentett<\/a>, Polg\u00e1ri Demokrat\u00e1k elnevez\u00e9s\u0171 mozgalma adta, amelyhez\u00a0<a href=\"https:\/\/index.hu\/belfold\/2026\/08\/21\/ferencz-orsolya-navracsics-tibor-polgari-demokratak-interju\/\" id=\"hyperlink_742fea2f4ec3aa6ea01f385b857e10ab\" target=\"_self\" title=\"Ferencz Orsolya a Fidesz-korm\u00e1nyz\u00e1sr\u00f3l: Voltak nagyon s\u00falyos hib\u00e1k, s\u0151t b\u0171n\u00f6k\" data-recommendation=\"bekezdes_utan\" data-recommendation-preview=\"{&quot;og:title&quot;:&quot;Ferencz Orsolya a Fidesz-korm\u00e1nyz\u00e1sr\u00f3l: Voltak nagyon s\u00falyos hib\u00e1k, s\\u0151t b\\u0171n\u00f6k&quot;,&quot;og:description&quot;:&quot;A volt \\u0171rbiztos azt mondja, sz\u00edvb\\u0151l drukkol a Tisz\u00e1nak, L\u00e1z\u00e1r J\u00e1nos lemond\u00e1s\u00e1r\u00f3l is megsz\u00f3lalt.&quot;,&quot;og:image&quot;:&quot;\\\/\\\/kep.cdn.indexvas.hu\\\/1\\\/0\\\/6991\\\/69916\\\/699167\\\/69916789_5158573_ea96b3619e34a36e24bf121c45ab2fdb_wm.jpg&quot;}\" data-recommendation-id=\"6266221\" rel=\"nofollow noopener\">Ferencz Orsolya<\/a> \u00e9s Porga Gyula, Veszpr\u00e9m polg\u00e1rmestere is csatlakozott. Arra a k\u00e9rd\u00e9sre, hogy Orb\u00e1n Viktor r\u00e1b\u00f3lintott-e a kezdem\u00e9nyez\u00e9sre, Navracsics kit\u00e9r\u0151 v\u00e1laszt adott, mondv\u00e1n, err\u0151l mag\u00e1t a p\u00e1rteln\u00f6k\u00f6t kell megk\u00e9rdezni.<\/p>\n<p>                        Tov\u00e1bb m\u00e9ly\u00fcltek az \u00e1rkok a hatalom \u00e9s az ellenz\u00e9k k\u00f6z\u00f6tt<\/p>\n<p>A mozgalom c\u00e9ljair\u00f3l m\u00e1r valamivel konkr\u00e9tabban besz\u00e9lt: szerinte a polg\u00e1ri demokr\u00e1cia h\u00edveit szeretn\u00e9k megsz\u00f3l\u00edtani, politikai oldalt\u00f3l f\u00fcggetlen\u00fcl. Navracsics Tibor szerint erre az\u00e9rt is sz\u00fcks\u00e9g van, mert b\u00e1r az \u00faj, Tisza P\u00e1rt vezette korm\u00e1ny nemzetegyes\u00edt\u00e9st \u00edg\u00e9rt, az elm\u00falt sz\u00e1z napban tov\u00e1bb m\u00e9ly\u00fcltek az \u00e1rkok a hatalom \u00e9s az ellenz\u00e9k k\u00f6z\u00f6tt.<\/p>\n<p>Amikor a m\u0171sorvezet\u0151 a fideszes korm\u00e1nyz\u00e1s elm\u00falt 16 \u00e9v\u00e9ben viselt szem\u00e9lyes felel\u0151ss\u00e9g\u00e9r\u0151l k\u00e9rdezte, Navracsics hat\u00e1rozottan visszautas\u00edtotta, hogy b\u0171ncselekm\u00e9nyek sorozat\u00e1r\u00f3l vagy maffia\u00e1llamr\u00f3l lett volna sz\u00f3.<\/p>\n<p>Hangs\u00falyozta, hogy az eur\u00f3pai civiliz\u00e1ci\u00f3 elutas\u00edtja a kollekt\u00edv felel\u0151ss\u00e9g elv\u00e9t, \u00e9s vit\u00e1ba sz\u00e1llt a m\u0171sorvezet\u0151vel, kiemelve: a politikai \u00e9s a b\u00fcntet\u0151jogi felel\u0151ss\u00e9get k\u00fcl\u00f6n kell v\u00e1lasztani. Mint mondta,<\/p>\n<p>az elm\u00falt harminc \u00e9vben mindig ugyanazokat az \u00e9rt\u00e9keket k\u00e9pviselte, \u00e9s a hib\u00e1i ellen\u00e9re sem v\u00e1ltoztak meg a meggy\u0151z\u0151d\u00e9sei.<\/p>\n<p>A volt t\u00e1rcavezet\u0151 azzal az \u00e1ll\u00edt\u00e1ssal sem \u00e9rt egyet, hogy az \u00e1prilisi v\u00e1laszt\u00e1sokkal rendszerv\u00e1lt\u00e1s t\u00f6rt\u00e9nt volna Magyarorsz\u00e1gon. Szerinte a Fidesz rendszere nem volt autokr\u00e1cia, hiszen a hatalmon l\u00e9v\u0151ket szabad v\u00e1laszt\u00e1sokon le lehetett v\u00e1ltani.<\/p>\n<p>Ezt szerinte az is bizony\u00edtja, hogy a korm\u00e1nyp\u00e1rt az id\u00e9n \u00e1prilisban elszenvedett veres\u00e9ge ut\u00e1n \u2013 a kor\u00e1bbi riogat\u00e1sokkal ellent\u00e9tben \u2013 elismerte az eredm\u00e9nyt, \u00e9s b\u00e9k\u00e9sen \u00e1tadta a hatalmat, \u00edrja a <a href=\"https:\/\/telex.hu\/belfold\/2026\/08\/24\/navracsics-tibor-magyar-radio-polgari-demokratak\" id=\"hyperlink_11e52ac67cb01f4863c0fc42044b1bcf\" rel=\"nofollow noopener\" target=\"_blank\">Telex<\/a>.<\/p>\n<p>                        A polg\u00e1rokkal keresik a kapcsolatot<\/p>\n<p>A m\u0171sorvezet\u0151 felid\u00e9zte Havasi Bertalannak, a Fidesz kommunik\u00e1ci\u00f3s igazgat\u00f3j\u00e1nak <a href=\"https:\/\/index.hu\/belfold\/2026\/08\/24\/fidesz-havasi-bertalan-partszakadas-ferencz-orsolya-navracsics-tibor\/\" id=\"hyperlink_23de846cf61f692d187be6ed3eadc41d\" target=\"_blank\" title=\"Havasi Bertalan megadta a magyar\u00e1zatot, hogy Orb\u00e1n Viktor mi\u00e9rt nem szerepel t\u00f6bbet p\u00e1rteln\u00f6kk\u00e9nt\" rel=\"nofollow noopener\">friss, \u00e9les hangv\u00e9tel\u0171 nyilatkozat\u00e1t<\/a>, amelyben kiz\u00e1rta az egy\u00fcttm\u0171k\u00f6d\u00e9st a korm\u00e1nyz\u00f3 Tisza P\u00e1rttal, \u00e9s utalt <a href=\"https:\/\/index.hu\/belfold\/2026\/08\/23\/bata-koszegi-krisztian-mohacsi-csata-emlektabla-avatas-kezfogas-kover-laszlo\/\" id=\"hyperlink_84b08ab5f29819db0d73ce286467d70e\" target=\"_blank\" title=\"\u201eEnn\u00e9l t\u00f6bb m\u00e9lt\u00f3s\u00e1got v\u00e1rn\u00e1nk\u201d \u2013 K\u0151szegi Kriszti\u00e1n szerint K\u00f6v\u00e9r L\u00e1szl\u00f3 nem volt hajland\u00f3 kezet fogni vele\" data-recommendation=\"bekezdes_utan\" data-recommendation-preview=\"{\" og:title=\"\" rel=\"nofollow noopener\">K\u00f6v\u00e9r L\u00e1szl\u00f3 h\u00e9tv\u00e9gi viselked\u00e9s\u00e9re is<\/a>, amikor a volt h\u00e1zeln\u00f6k nem fogott kezet egy korm\u00e1nyp\u00e1rti k\u00e9pvisel\u0151vel.<\/p>\n<p>Arra a felvet\u00e9sre, hogy a Fidesz harcias kommunik\u00e1ci\u00f3ja mellett hogyan lehet \u00e9rdemi p\u00e1rbesz\u00e9det folytatni, Navracsics azt mondta: \u0151k els\u0151sorban a polg\u00e1rokkal, nem pedig a politikai szerepl\u0151kkel keresik a kapcsolatot. C\u00e9ljuk, hogy az \u00e1prilisi szavazatukt\u00f3l f\u00fcggetlen\u00fcl \u00f6sszefogj\u00e1k mindazokat, akik elk\u00f6telezettek a polg\u00e1ri gondolat mellett.<\/p>\n<p>\n                          (Bor\u00edt\u00f3k\u00e9p: Navracsics Tibor 2025. \u00e1prilis 24-\u00e9n. Fot\u00f3:\u00a0T\u00f6vissi Bence \/ Index)\u00a0\n                        <\/p>\n<p><a href=\"https:\/\/dex.hu\/x.php?id=googlepref_desktop&amp;url=https:\/\/google.com\/preferences\/source?q=https:\/\/index.hu\" class=\"google-pref-banner \" id=\"googlePrefBanner\" rel=\"nofollow noopener\" target=\"_blank\"><\/p>\n<p>    Itt \u00e1ll\u00edtsa be, hogy az Index az els\u0151k k\u00f6z\u00f6tt legyen a Google-tal\u00e1latokban!<\/p>\n<p><\/a><\/p>\n<p>    <img decoding=\"async\" src=\"https:\/\/index.hu\/assets\/images\/social-follow\/logo-big.svg\" alt=\"Index.hu logo\"\/><\/p>\n<p>K\u00f6vesse az Indexet Facebookon is!<\/p>\n<p>    <a href=\"https:\/\/facebook.com\/Indexhu\" target=\"_blank\" rel=\"nofollow noopener\"><\/p>\n<p>        K\u00f6vetem!<br \/>\n    <\/a><\/p>\n","protected":false},"excerpt":{"rendered":"Augusztus 24-\u00e9n kora reggel a meg\u00fajult Kossuth r\u00e1di\u00f3 st\u00fadi\u00f3j\u00e1ban Beny\u00f3 Rita m\u0171sorvezet\u0151 besz\u00e9lgetett Navracsics Tibor kor\u00e1bbi ter\u00fcletfejleszt\u00e9si miniszterrel.&hellip;\n","protected":false},"author":2,"featured_media":219282,"comment_status":"","ping_status":"","sticky":false,"template":"","format":"standard","meta":{"footnotes":"","_share_on_mastodon":"0"},"categories":[33],"tags":[80,20466,2054,3486,38,35,37,44,42,40,9293,43,41,1753,34,58182,58968,945,36,24525,39],"class_list":["post-219281","post","type-post","status-publish","format-standard","has-post-thumbnail","category-hirek","tag-belfold","tag-benyo-rita","tag-ferencz-orsolya","tag-fidesz-kdnp","tag-focimek","tag-headlines","tag-hirek","tag-hu","tag-hungarian","tag-hungary","tag-kossuth-radio","tag-magyar","tag-magyarorszag","tag-navracsics-tibor","tag-news","tag-polgari-demokratak","tag-porga-gyula","tag-tisza-part","tag-top-stories","tag-valasztasi-vereseg","tag-vezeto-hirek"],"share_on_mastodon":{"url":"https:\/\/pubeurope.com\/@hu\/117150985498751598","error":""},"_links":{"self":[{"href":"https:\/\/www.europesays.com\/hu\/wp-json\/wp\/v2\/posts\/219281","targetHints":{"allow":["GET"]}}],"collection":[{"href":"https:\/\/www.europesays.com\/hu\/wp-json\/wp\/v2\/posts"}],"about":[{"href":"https:\/\/www.europesays.com\/hu\/wp-json\/wp\/v2\/types\/post"}],"author":[{"embeddable":true,"href":"https:\/\/www.europesays.com\/hu\/wp-json\/wp\/v2\/users\/2"}],"replies":[{"embeddable":true,"href":"https:\/\/www.europesays.com\/hu\/wp-json\/wp\/v2\/comments?post=219281"}],"version-history":[{"count":0,"href":"https:\/\/www.europesays.com\/hu\/wp-json\/wp\/v2\/posts\/219281\/revisions"}],"wp:featuredmedia":[{"embeddable":true,"href":"https:\/\/www.europesays.com\/hu\/wp-json\/wp\/v2\/media\/219282"}],"wp:attachment":[{"href":"https:\/\/www.europesays.com\/hu\/wp-json\/wp\/v2\/media?parent=219281"}],"wp:term":[{"taxonomy":"category","embeddable":true,"href":"https:\/\/www.europesays.com\/hu\/wp-json\/wp\/v2\/categories?post=219281"},{"taxonomy":"post_tag","embeddable":true,"href":"https:\/\/www.europesays.com\/hu\/wp-json\/wp\/v2\/tags?post=219281"}],"curies":[{"name":"wp","href":"https:\/\/api.w.org\/{rel}","templated":true}]}}