{"id":219403,"date":"2026-08-24T16:39:07","date_gmt":"2026-08-24T16:39:07","guid":{"rendered":"https:\/\/www.europesays.com\/hu\/219403\/"},"modified":"2026-08-24T16:39:07","modified_gmt":"2026-08-24T16:39:07","slug":"telex-a-valasztas-ota-a-felere-csokkent-a-fidesz-kdnp-frakcio-letszama-a-pecsi-kozgyulesben","status":"publish","type":"post","link":"https:\/\/www.europesays.com\/hu\/219403\/","title":{"rendered":"Telex: A v\u00e1laszt\u00e1s \u00f3ta a fel\u00e9re cs\u00f6kkent a Fidesz\u2013KDNP-frakci\u00f3 l\u00e9tsz\u00e1ma a p\u00e9csi k\u00f6zgy\u0171l\u00e9sben"},"content":{"rendered":"<p><img decoding=\"async\" src=\"https:\/\/www.europesays.com\/hu\/wp-content\/uploads\/2026\/08\/1787582279-temp-ugjde5hrli7a7adgbho_hero-normal:xl.jpg\"  loading=\"eager\" alt=\"A v\u00e1laszt\u00e1s \u00f3ta a fel\u00e9re cs\u00f6kkent a Fidesz\u2013KDNP-frakci\u00f3 l\u00e9tsz\u00e1ma a p\u00e9csi k\u00f6zgy\u0171l\u00e9sben\" class=\"placeholder_\"\/><\/p>\n<p>Czir\u00e1ki Attila (b) a parlamenti v\u00e1laszt\u00e1son is Fidesz\u2013KDNP-t\u00e1mogat\u00e1ssal indult. Nem jutott be az orsz\u00e1ggy\u0171l\u00e9sbe, \u00edgy \u00f6nkorm\u00e1nyzati k\u00e9pvisel\u0151 maradt. Vesz\u00edtett Hopp\u00e1l P\u00e9ter (j) is, aki visszavonult a politik\u00e1t\u00f3l. A m\u00e1rciusi k\u00f6z\u00f6s kamp\u00e1nyrendezv\u00e9ny\u00fck vend\u00e9ge Guly\u00e1s Gergely volt, aki ugyan k\u00e9pvisel\u0151 lett, de a frakci\u00f3vezet\u0151i posztr\u00f3l lemondott \u2013 Fot\u00f3: G\u0171th Ervin \/ Telex<\/p>\n<p>\u00c1ll\u00edtsd be a Telexet megb\u00edzhat\u00f3 forr\u00e1snak!<\/p>\n<p>\u00c1prilis 12. \u00f3ta folyamatosan cs\u00f6kkent a Fidesz\u2013KDNP-frakci\u00f3 l\u00e9tsz\u00e1ma a p\u00e9csi k\u00f6zgy\u0171l\u00e9sben, Csizmadia P\u00e9ter frakci\u00f3vezet\u0151nek h\u00e9tf\u0151n m\u00e1r a <a href=\"https:\/\/www.facebook.com\/csizmadia.pecs\/posts\/pfbid02tGdspfhViSqwDGTeTAxeG7ajUn1ekTEm4r3yNnjyKUhkcsRjAQSXTsg8wBVF94Tl\" target=\"_blank\" rel=\"nofollow noopener\">negyedik t\u00e1voz\u00f3t kellett bejelenteni<\/a>. A leg\u00fajabb kil\u00e9p\u0151 <a href=\"https:\/\/telex.hu\/cimke\/cziraki-attila\" class=\"\" rel=\"nofollow noopener\" target=\"_blank\">Czir\u00e1ki Attila<\/a>, aki az egykori korm\u00e1nyp\u00e1rtok t\u00e1mogat\u00e1s\u00e1val indult a tavaszi parlamenti v\u00e1laszt\u00e1son. A civilben sz\u00edvgy\u00f3gy\u00e1sz professzor hatalmas ar\u00e1nyban kapott ki tisz\u00e1s kih\u00edv\u00f3j\u00e1t\u00f3l: Ruzsa Di\u00e1na kardiol\u00f3gus a voksok 63 sz\u00e1zal\u00e9k\u00e1t szerezte meg, m\u00edg Czir\u00e1ki csak 30 sz\u00e1zal\u00e9kot kapott. \u00cdgy a professzor politikai karrierje nem az orsz\u00e1ggy\u0171l\u00e9sben, hanem helyben folytat\u00f3dott.<\/p>\n<p>A 2024-es \u00f6nkorm\u00e1nyzati v\u00e1laszt\u00e1s eredm\u00e9nyek\u00e9nt a 24 f\u0151s p\u00e9csi k\u00f6zgy\u0171l\u00e9sben \u00e9rdekesen alakultak az er\u0151viszonyok, ugyanis nagy f\u00f6l\u00e9nnyel nyert az ellenz\u00e9ki polg\u00e1rmester, P\u00e9terffy Attila. Viszont a legt\u00f6bb k\u00e9pvisel\u0151je a Fidesz\u2013KDNP-nek lett: ez 8 k\u00e9pvisel\u0151t jelentett. Heten egy\u00e9ni v\u00e1laszt\u00f3ker\u00fcletet tudtak nyerni, a frakci\u00f3vezet\u0151-polg\u00e1rmesterjel\u00f6lt pedig kompenz\u00e1ci\u00f3s list\u00e1r\u00f3l jutott be. Czir\u00e1ki Attila 2024-ben \u00fajonc politikai szerepl\u0151 volt \u00e9s csup\u00e1n \u00f6t szavazattal nyert az egy\u00e9ni v\u00e1laszt\u00f3ker\u00fclet\u00e9ben.<\/p>\n<p>A 8 f\u0151s volt korm\u00e1nyp\u00e1rti frakci\u00f3 l\u00e9tsz\u00e1ma id\u00e9n m\u00e1jusban indult apad\u00e1snak. Legel\u0151sz\u00f6r H\u00e1ber Istv\u00e1n Ervin <a href=\"https:\/\/telex.hu\/belfold\/2026\/05\/21\/fidesz-pecs-frakcio-haber-istvan-kilepes\" class=\"\" rel=\"nofollow noopener\" target=\"_blank\">j\u00f6tt r\u00e1<\/a>, hogy f\u00fcggetlenk\u00e9nt, Fidesz-c\u00edmke n\u00e9lk\u00fcl k\u00f6nnyebb dolga lesz a civil \u00e9letben. J\u00falius elej\u00e9n azt\u00e1n a helyi KDNP vezet\u0151je, Kamar\u00e1s P\u00e9ter <a href=\"https:\/\/telex.hu\/belfold\/2026\/07\/02\/kamaras-peter-kdnp-pecs-baranya-kilepes-szili-katalin\" class=\"\" rel=\"nofollow noopener\" target=\"_blank\">l\u00e9pett ki a frakci\u00f3b\u00f3l \u00e9s p\u00e1rtb\u00f3l<\/a>. Majd m\u00e9g ugyanabban a h\u00f3napban Nagy Klaudia jelentette be, hogy hosszas m\u00e9rlegel\u00e9s ut\u00e1n ink\u00e1bb \u0151 is a <a href=\"https:\/\/www.facebook.com\/nagyklaudia.pecs\/posts\/pfbid08bqE583U2SL1A5k9xasRji6udpFaHshJvTigapbXAaBdHXyoa8XuWbBKo44PvypMl\" target=\"_blank\" rel=\"nofollow noopener\">f\u00fcggetlened\u00e9s ir\u00e1ny\u00e1ba l\u00e9p<\/a>. H\u00e1berral ellent\u00e9tben \u0151k a korm\u00e1nyp\u00e1rtokkal szemben is megfogalmaztak n\u00e9mi kritik\u00e1t, a meg\u00fajul\u00e1si sz\u00e1nd\u00e9k hi\u00e1ny\u00e1val \u00e9s a rossz helyzet\u00e9rt\u00e9kel\u00e9ssel indokolt\u00e1k a kil\u00e9p\u00e9s\u00fcket.<\/p>\n<p>Kerest\u00fck Czir\u00e1kit, hogy \u0151 mivel indokolja a kil\u00e9p\u00e9s\u00e9t, ha v\u00e1laszol, akkor arr\u00f3l besz\u00e1molunk. Mindenesetre a kamp\u00e1nyt\u00e9m\u00e1j\u00e1t nem engedte el a professzor: nemr\u00e9g az Eg\u00e9szs\u00e9g\u00fcgyi Miniszt\u00e9riumban egy \u00faj p\u00e9csi sz\u00edvcentrumr\u00f3l <a href=\"https:\/\/www.facebook.com\/dr.cziraki.attila.pecs\/posts\/pfbid0xcueMZJ1JeZ4aXYQrWA2KtyFL6SDKZD4n5h6STfrRntmhzrSjk77ZQJFshnQCskSl\" target=\"_blank\" rel=\"nofollow noopener\">egyeztetett<\/a>. A p\u00e9csi Fidesz\u2013KDNP-frakci\u00f3 vezet\u0151je szerint ugyanakkor Czir\u00e1ki r\u00e9szben \u00e9ppen a sz\u00edvcentrum \u00fcgy\u00e9vel indokolta a kil\u00e9p\u00e9s\u00e9t, amiben p\u00e1rtpolitikai kereteken t\u00falmutat\u00f3 egy\u00fcttm\u0171k\u00f6d\u00e9sre van sz\u00fcks\u00e9g.<\/p>\n<p>A cikk szerz\u0151je a P\u00e9csr\u0151l sz\u00f3l\u00f3 Mecseki M\u00fczli h\u00edrlev\u00e9l szerkeszt\u0151je, amire <a href=\"https:\/\/mecsekimuzli.com\/\" target=\"_blank\" rel=\"nofollow noopener\">itt lehet feliratkozni<\/a>.<\/p>\n<p>Partnereinkt\u0151l<\/p>\n<p>\u00c1ll\u00edtsd be a Telexet megb\u00edzhat\u00f3 forr\u00e1snak!<\/p>\n<p>K\u00f6vess minket Facebookon is!<\/p>\n<p> Tov\u00e1bbi \u00e9l\u0151 \u00e1rfolyamok! <\/p>\n","protected":false},"excerpt":{"rendered":"Czir\u00e1ki Attila (b) a parlamenti v\u00e1laszt\u00e1son is Fidesz\u2013KDNP-t\u00e1mogat\u00e1ssal indult. Nem jutott be az orsz\u00e1ggy\u0171l\u00e9sbe, \u00edgy \u00f6nkorm\u00e1nyzati k\u00e9pvisel\u0151 maradt.&hellip;\n","protected":false},"author":2,"featured_media":219404,"comment_status":"","ping_status":"","sticky":false,"template":"","format":"standard","meta":{"footnotes":"","_share_on_mastodon":"0"},"categories":[6],"tags":[80,58991,4675,3486,44,42,40,5616,3811,43,41,2277],"class_list":["post-219403","post","type-post","status-publish","format-standard","has-post-thumbnail","category-magyarorszag","tag-belfold","tag-csizmadia-peter","tag-cziraki-attila","tag-fidesz-kdnp","tag-hu","tag-hungarian","tag-hungary","tag-kilepes","tag-kozgyules","tag-magyar","tag-magyarorszag","tag-pecs"],"share_on_mastodon":{"url":"https:\/\/pubeurope.com\/@hu\/117151476430988382","error":""},"_links":{"self":[{"href":"https:\/\/www.europesays.com\/hu\/wp-json\/wp\/v2\/posts\/219403","targetHints":{"allow":["GET"]}}],"collection":[{"href":"https:\/\/www.europesays.com\/hu\/wp-json\/wp\/v2\/posts"}],"about":[{"href":"https:\/\/www.europesays.com\/hu\/wp-json\/wp\/v2\/types\/post"}],"author":[{"embeddable":true,"href":"https:\/\/www.europesays.com\/hu\/wp-json\/wp\/v2\/users\/2"}],"replies":[{"embeddable":true,"href":"https:\/\/www.europesays.com\/hu\/wp-json\/wp\/v2\/comments?post=219403"}],"version-history":[{"count":0,"href":"https:\/\/www.europesays.com\/hu\/wp-json\/wp\/v2\/posts\/219403\/revisions"}],"wp:featuredmedia":[{"embeddable":true,"href":"https:\/\/www.europesays.com\/hu\/wp-json\/wp\/v2\/media\/219404"}],"wp:attachment":[{"href":"https:\/\/www.europesays.com\/hu\/wp-json\/wp\/v2\/media?parent=219403"}],"wp:term":[{"taxonomy":"category","embeddable":true,"href":"https:\/\/www.europesays.com\/hu\/wp-json\/wp\/v2\/categories?post=219403"},{"taxonomy":"post_tag","embeddable":true,"href":"https:\/\/www.europesays.com\/hu\/wp-json\/wp\/v2\/tags?post=219403"}],"curies":[{"name":"wp","href":"https:\/\/api.w.org\/{rel}","templated":true}]}}