{"id":219450,"date":"2026-08-24T17:20:18","date_gmt":"2026-08-24T17:20:18","guid":{"rendered":"https:\/\/www.europesays.com\/hu\/219450\/"},"modified":"2026-08-24T17:20:18","modified_gmt":"2026-08-24T17:20:18","slug":"index-tech-tudomany-kina-peldatlan-tempoban-all-at-a-mesterseges-intelligenciara-a-munkahelyek-is-veszelybe-kerulhetnek","status":"publish","type":"post","link":"https:\/\/www.europesays.com\/hu\/219450\/","title":{"rendered":"Index &#8211; Tech-Tudom\u00e1ny &#8211; K\u00edna p\u00e9ld\u00e1tlan temp\u00f3ban \u00e1ll \u00e1t a mesters\u00e9ges intelligenci\u00e1ra, a munkahelyek is vesz\u00e9lybe ker\u00fclhetnek"},"content":{"rendered":"<p>Jelent\u0151sen n\u0151tt a <a href=\"https:\/\/index.hu\/belfold\/2026\/08\/09\/mesterseges-intelligencia-ai-act-europai-unio-ai-summit-2026-ismeretterjesztes\/\" id=\"hyperlink_43b5bd5c6b2ee8acadc7d2dcbba9cf8e\" target=\"_blank\" title=\"Ember vagy g\u00e9p? \u00daj szab\u00e1lyok igaz\u00edtanak el a mesters\u00e9ges intelligencia vil\u00e1g\u00e1ban\" rel=\"nofollow noopener\">mesters\u00e9ges intelligencia (AI) alkalmaz\u00e1sa<\/a> a k\u00ednai iparban: tavaly az ipari v\u00e1llalatok 47,5 sz\u00e1zal\u00e9ka haszn\u00e1lt MI-modelleket vagy <a href=\"https:\/\/index.hu\/techtud\/2026\/08\/12\/aisummit2026-mesterseges-intelligencia-ai-mi\/\" id=\"hyperlink_c1f1eaf0be875ce30f0a4ef69eeaabd4\" target=\"_blank\" title=\"Tizenegy h\u00f3napnyi munk\u00e1t v\u00e1ltott ki 30 \u00f3ra alatt a mesters\u00e9ges intelligencia\" rel=\"nofollow noopener\">AI-\u00fcgyn\u00f6k\u00f6ket<\/a>, szemben a 2024-ben m\u00e9rt 9,6 sz\u00e1zal\u00e9kkal \u2013 der\u00fcl ki az International Data Corporation (IDC) informatikai \u00e9s t\u00e1vk\u00f6zl\u00e9si piackutat\u00f3 v\u00e1llalat adataib\u00f3l, \u00edrja az MTI.<\/p>\n<p>Az AI gyors t\u00e9rnyer\u00e9se egyre er\u0151teljesebben alak\u00edtja \u00e1t a k\u00ednai munkaer\u0151piacot, mik\u00f6zben a foglalkoztat\u00e1si helyzet k\u00fcl\u00f6n\u00f6sen a fiatalok k\u00f6r\u00e9ben jelent kih\u00edv\u00e1st. K\u00edn\u00e1ban a v\u00e1rosi munkan\u00e9lk\u00fclis\u00e9gi r\u00e1ta 5 sz\u00e1zal\u00e9k k\u00f6r\u00fcl alakul, a 16-24 \u00e9ves, oktat\u00e1sban nem r\u00e9szt vev\u0151 fiatalok k\u00f6r\u00e9ben azonban ennek mintegy h\u00e1romszorosa.<\/p>\n<p>                        A tartalomgy\u00e1rt\u00e1sban \u00e9s a fizikai munkak\u00f6r\u00f6kben is gyorsan terjed az AI<\/p>\n<p>A technol\u00f3gia alkalmaz\u00e1sa k\u00fcl\u00f6n\u00f6sen a szoftverfejleszt\u00e9sben, a ford\u00edt\u00e1sban \u00e9s a tartalomgy\u00e1rt\u00e1sban terjed gyorsan, mik\u00f6zben az automatiz\u00e1ci\u00f3 egyre t\u00f6bb fizikai munkak\u00f6rt is \u00e9rint. A generat\u00edv AI t\u00e9rnyer\u00e9se a k\u00ednai r\u00f6vidfilmes ipar\u00e1gban is \u00e9rz\u00e9kelhet\u0151: k\u00ednai sajt\u00f3besz\u00e1mol\u00f3k szerint az \u00e9l\u0151 szerepl\u0151s, mobiltelefonokra k\u00e9sz\u00edtett r\u00f6vid- \u00e9s vertik\u00e1lis sorozatok sz\u00e1ma az idei els\u0151 negyed\u00e9vben mintegy 75 sz\u00e1zal\u00e9kkal cs\u00f6kkent \u00e9ves \u00f6sszevet\u00e9sben.<\/p>\n<p><a href=\"https:\/\/index.hu\/techtud\/2026\/08\/24\/aisummit-2026-kina-humanoid-robot-futas-vilagrekord-usain-bolt-humanoid-robot-vilagjatekok\/\" id=\"hyperlink_fda4d7cc973a2cf9ca33cfef719977ae\" target=\"_blank\" title=\"Usain Bolt vil\u00e1grekordj\u00e1t is lepip\u00e1lta egy humanoid robot, majd nekiv\u00e1g\u00f3dott egy szivacsnak\" rel=\"nofollow noopener\">Humanoid robotok<\/a>at m\u00e1r csomagv\u00e1logat\u00e1sra, forgalomir\u00e1ny\u00edt\u00e1sra \u00e9s k\u00e1v\u00e9k\u00e9sz\u00edt\u00e9sre is alkalmaznak,<\/p>\n<p>mik\u00f6zben az \u00e9telkisz\u00e1ll\u00edt\u00f3 robotok terjed\u00e9se hosszabb t\u00e1von a fut\u00e1rok munk\u00e1j\u00e1ra is hat\u00e1ssal lehet. A technol\u00f3gia fejl\u0151d\u00e9s\u00e9vel egyes, kor\u00e1bban speci\u00e1lis k\u00e9pzetts\u00e9get ig\u00e9nyl\u0151 feladatok is egyre k\u00f6nnyebben automatiz\u00e1lhat\u00f3k.<\/p>\n<p>                        A k\u00ednai korm\u00e1ny \u00f6szt\u00f6nzi a mesters\u00e9ges intelligencia haszn\u00e1lat\u00e1t<\/p>\n<p>A k\u00ednai korm\u00e1ny az \u201eMI Plusz\u201d kezdem\u00e9nyez\u00e9s \u00e9s a 2030-ig tart\u00f3 \u00f6t\u00e9ves terv keret\u00e9ben \u00f6szt\u00f6nzi a mesters\u00e9ges intelligencia sz\u00e9les k\u00f6r\u0171 alkalmaz\u00e1s\u00e1t a gazdas\u00e1gban, egyebek mellett a termel\u00e9kenys\u00e9g n\u00f6vel\u00e9se \u00e9s az orsz\u00e1g technol\u00f3giai versenyk\u00e9pess\u00e9g\u00e9nek er\u0151s\u00edt\u00e9se \u00e9rdek\u00e9ben.<\/p>\n<p>Az AI t\u00e9rnyer\u00e9se a termel\u00e9kenys\u00e9g n\u00f6veked\u00e9se mellett munkahelyek megsz\u0171n\u00e9s\u00e9vel is j\u00e1rhat, tov\u00e1bb nehez\u00edtve a foglalkoztat\u00e1s b\u0151v\u00fcl\u00e9s\u00e9t. A munkahelyekkel kapcsolatos bizonytalans\u00e1g a fogyaszt\u00e1st is visszafoghatja, mik\u00f6zben a gazdas\u00e1got az ingatlanpiac elh\u00faz\u00f3d\u00f3 visszaes\u00e9se is terheli.<\/p>\n<p>Hosszabb t\u00e1von ugyanakkor az automatiz\u00e1ci\u00f3 enyh\u00edtheti a n\u00e9pess\u00e9g \u00f6reged\u00e9s\u00e9b\u0151l \u00e9s cs\u00f6kken\u00e9s\u00e9b\u0151l fakad\u00f3 munkaer\u0151hi\u00e1nyt. El\u0151rejelz\u00e9sek szerint 2050-re K\u00edn\u00e1ban kevesebb mint k\u00e9t munkak\u00e9pes kor\u00fa feln\u0151tt jut majd egy nyugd\u00edjasra. Szak\u00e9rt\u0151k szerint az automatiz\u00e1ci\u00f3 r\u00e9szben ellens\u00falyozhatja a munkak\u00e9pes kor\u00fa n\u00e9pess\u00e9g cs\u00f6kken\u00e9s\u00e9nek hat\u00e1sait.<\/p>\n<p><a href=\"https:\/\/dex.hu\/x.php?id=googlepref_desktop&amp;url=https:\/\/google.com\/preferences\/source?q=https:\/\/index.hu\" class=\"google-pref-banner \" id=\"googlePrefBanner\" rel=\"nofollow noopener\" target=\"_blank\"><\/p>\n<p>    Itt \u00e1ll\u00edtsa be, hogy az Index az els\u0151k k\u00f6z\u00f6tt legyen a Google-tal\u00e1latokban!<\/p>\n<p><\/a><\/p>\n<p>      <a class=\"\" href=\"https:\/\/indexadhu.hit.gemius.pl\/hitredir?id=d7.rQk91pCyMn7AhP950spbfLW9UV09Vz2WGFmgcDGv.N7&amp;stparam=ubqqhsgonq&amp;fastid=iaaimdmjgovrqxgmpnrdbsbmcajp&amp;nc=0&amp;url=https:\/\/aisummitbudapest.hu\/\" target=\"_blank\" rel=\"nofollow noopener\"><img decoding=\"async\" src=\"https:\/\/www.europesays.com\/hu\/wp-content\/uploads\/2026\/08\/1787592015_944_69486391_58fec5c1ccb7a721181e512a7783d891_wm.jpg\" width=\"100%\"\/><\/a><\/p>\n<p><img loading=\"lazy\" decoding=\"async\" src=\"https:\/\/www.europesays.com\/hu\/wp-content\/uploads\/2026\/08\/1787592017_969_redot.gif\" border=\"0\" height=\"0\" width=\"0\"\/><\/p>\n<p>                <a href=\"https:\/\/konyvek.index.hu\/\" target=\"_blank\" rel=\"nofollow noopener\"><br \/>\n                <img decoding=\"async\" src=\"https:\/\/index.hu\/assets\/images\/konyvajanlo\/book_indapress\/book_indapress_logo.svg\" loading=\"lazy\" alt=\"Inda Press Kiad\u00f3\"\/><br \/>\n                <\/a><\/p>\n<p>                <img decoding=\"async\" src=\"https:\/\/www.europesays.com\/hu\/wp-content\/uploads\/2026\/08\/1787592018_769_whatsnext.png\" loading=\"lazy\" alt=\"What's next is now!\"\/><\/p>\n<p>Mi lenne, ha a j\u00f6v\u0151 nem csak t\u00f6rt\u00e9nne veled, hanem te alak\u00edtan\u00e1d? Ez a k\u00f6nyv seg\u00edt felk\u00e9sz\u00fclni, sosem tapasztalt m\u00f3don. Tedd meg az els\u0151 l\u00e9p\u00e9st most.  <\/p>\n<p>                <a class=\"book_index_btn\" href=\"https:\/\/indexadhu.hit.gemius.pl\/hitredir?id=nSCbubuYpDWJZLZs0TssLrbt33Lk5kbipuiZrkg89G3.g7&amp;stparam=vcfjpqgmbf&amp;fastid=lplbwtajxrtlabdtadgtgveqxwlp&amp;nc=0&amp;url=https:\/\/www.indapresskiado.hu\/products\/whats-next-is-now-tervezd-a-jelent\" target=\"_blank\" rel=\"nofollow noopener\">MEGVESZEM<\/a><\/p>\n<p>    <img decoding=\"async\" src=\"https:\/\/www.europesays.com\/hu\/wp-content\/uploads\/2026\/08\/1787592018_683_redot.gif\"\/><\/p>\n<p>    <img decoding=\"async\" src=\"https:\/\/index.hu\/assets\/images\/social-follow\/logo-big.svg\" alt=\"Index.hu logo\"\/><\/p>\n<p>K\u00f6vesse az Indexet Facebookon is!<\/p>\n<p>    <a href=\"https:\/\/facebook.com\/Indexhu\" target=\"_blank\" rel=\"nofollow noopener\"><\/p>\n<p>        K\u00f6vetem!<br \/>\n    <\/a><\/p>\n","protected":false},"excerpt":{"rendered":"Jelent\u0151sen n\u0151tt a mesters\u00e9ges intelligencia (AI) alkalmaz\u00e1sa a k\u00ednai iparban: tavaly az ipari v\u00e1llalatok 47,5 sz\u00e1zal\u00e9ka haszn\u00e1lt MI-modelleket&hellip;\n","protected":false},"author":2,"featured_media":219451,"comment_status":"","ping_status":"","sticky":false,"template":"","format":"standard","meta":{"footnotes":"","_share_on_mastodon":"0"},"categories":[8],"tags":[53133,8825,42,3048,104,43,283,34,357,3037,94,93,92],"class_list":["post-219450","post","type-post","status-publish","format-standard","has-post-thumbnail","category-vilag","tag-aisummit2026","tag-humanoid-robot","tag-hungarian","tag-ipar","tag-kina","tag-magyar","tag-mesterseges-intelligencia","tag-news","tag-tech-tudomany","tag-vallalat","tag-vilag","tag-world","tag-world-news"],"share_on_mastodon":{"url":"https:\/\/pubeurope.com\/@hu\/117151637903893858","error":""},"_links":{"self":[{"href":"https:\/\/www.europesays.com\/hu\/wp-json\/wp\/v2\/posts\/219450","targetHints":{"allow":["GET"]}}],"collection":[{"href":"https:\/\/www.europesays.com\/hu\/wp-json\/wp\/v2\/posts"}],"about":[{"href":"https:\/\/www.europesays.com\/hu\/wp-json\/wp\/v2\/types\/post"}],"author":[{"embeddable":true,"href":"https:\/\/www.europesays.com\/hu\/wp-json\/wp\/v2\/users\/2"}],"replies":[{"embeddable":true,"href":"https:\/\/www.europesays.com\/hu\/wp-json\/wp\/v2\/comments?post=219450"}],"version-history":[{"count":0,"href":"https:\/\/www.europesays.com\/hu\/wp-json\/wp\/v2\/posts\/219450\/revisions"}],"wp:featuredmedia":[{"embeddable":true,"href":"https:\/\/www.europesays.com\/hu\/wp-json\/wp\/v2\/media\/219451"}],"wp:attachment":[{"href":"https:\/\/www.europesays.com\/hu\/wp-json\/wp\/v2\/media?parent=219450"}],"wp:term":[{"taxonomy":"category","embeddable":true,"href":"https:\/\/www.europesays.com\/hu\/wp-json\/wp\/v2\/categories?post=219450"},{"taxonomy":"post_tag","embeddable":true,"href":"https:\/\/www.europesays.com\/hu\/wp-json\/wp\/v2\/tags?post=219450"}],"curies":[{"name":"wp","href":"https:\/\/api.w.org\/{rel}","templated":true}]}}