{"id":220180,"date":"2026-08-25T08:27:10","date_gmt":"2026-08-25T08:27:10","guid":{"rendered":"https:\/\/www.europesays.com\/hu\/220180\/"},"modified":"2026-08-25T08:27:10","modified_gmt":"2026-08-25T08:27:10","slug":"az-agrarminiszterium-visszavonta-a-meszaros-lorinc-pulykafeldolgozo-cegenek-odaitelt-unios-tamogatast","status":"publish","type":"post","link":"https:\/\/www.europesays.com\/hu\/220180\/","title":{"rendered":"Az agr\u00e1rminiszt\u00e9rium visszavonta a M\u00e9sz\u00e1ros L\u0151rinc pulykafeldolgoz\u00f3 c\u00e9g\u00e9nek oda\u00edt\u00e9lt uni\u00f3s t\u00e1mogat\u00e1st"},"content":{"rendered":"<p class=\"\">\n    A M\u00e9sz\u00e1ros Csoport sajt\u00f3k\u00f6zlem\u00e9nyben \u00edrta meg, hogy az Agr\u00e1r- \u00e9s \u00c9lelmiszergazdas\u00e1g\u00e9rt Felel\u0151s Miniszt\u00e9rium 2026. j\u00falius 23-\u00e1n visszavonta a pulykafeldolgoz\u00e1ssal foglalkoz\u00f3 Gallicoop Zrt.-nek kor\u00e1bban meg\u00edt\u00e9lt uni\u00f3s t\u00e1mogat\u00e1st, \u00e9s kiz\u00e1rta a c\u00e9get a p\u00e1ly\u00e1zatb\u00f3l. A Gallicoop jogi \u00faton t\u00e1madja meg a d\u00f6nt\u00e9st.\n  <\/p>\n<p class=\"\">\n    A M\u00e9sz\u00e1ros L\u0151rinc \u00e9rdekelts\u00e9g\u00e9be tartoz\u00f3 c\u00e9g m\u00e9g 2026. m\u00e1rcius 4-\u00e9n kapott \u00e9rtes\u00edt\u00e9st a miniszt\u00e9riumt\u00f3l, hogy elnyerte az \u00c9lelmiszeripar Bajnokai Programban r\u00e9sztvev\u0151 v\u00e1llalkoz\u00e1sok \u00fczemeinek fejleszt\u00e9s\u00e9re ki\u00edrt uni\u00f3s p\u00e1ly\u00e1zati forr\u00e1sokat. A p\u00e9nzt v\u00e1g\u00f3h\u00eddi, \u00fczemi kapacit\u00e1sb\u0151v\u00edt\u00e9sre \u00e9s ezekhez kapcsol\u00f3d\u00f3 technol\u00f3giai, besz\u00e1ll\u00edt\u00f3i fejleszt\u00e9sekre ford\u00edtott\u00e1k volna.\n  <\/p>\n<p>    <a href=\"https:\/\/www.europesays.com\/hu\/wp-content\/uploads\/2026\/08\/8FtKN2SSFF3JGWB1s.jpeg\" class=\"uwwrama _1chu0ywg _8b6bx65\" rel=\"nofollow\"><\/p>\n<p>  <img decoding=\"async\" loading=\"lazy\" src=\"https:\/\/www.europesays.com\/hu\/wp-content\/uploads\/2026\/08\/8FtKN2SSFF3JGWB1s.jpeg\"   class=\"_672m2jd _1chu0ywo ta3a4c1ey ta3a4c1aa he2knv4 ta3a4c1ey ta3a4czs\" style=\"--_672m2j6:1.50;--_672m2j5:1024px 683px\" alt=\"\"\/><\/p>\n<p>      <\/a><\/p>\n<p>\n              M\u00e9sz\u00e1ros L\u0151rinc\n            <\/p>\n<p>\n              Fot\u00f3:<br \/>\n                Kondella Misi Photography\/Flatlight Creatives Kft\n            <\/p>\n<p class=\"MsoNormal\">\n    A sajt\u00f3k\u00f6zlem\u00e9nyben M\u00e9sz\u00e1ros\u00e9k a Gallicoop k\u00f6zel 1600 munkav\u00e1llal\u00f3j\u00e1nak meg\u00e9lhet\u00e9s\u00e9re is hivatkoztak. \u201eHa \u2013 felt\u00e9telez\u00e9seink szerint \u2013 politikai okokb\u00f3l hoz a magyar korm\u00e1ny magyar agr\u00e1rv\u00e1llalattal \u00e9s az abban dolgoz\u00f3 magyar emberekkel szemben nem szakmai d\u00f6nt\u00e9seket, annak egyenes k\u00f6vetkezm\u00e9nye lesz, hogy a c\u00e9g versenyh\u00e1tr\u00e1nyba ker\u00fclhet a n\u00e9met, francia, lengyel v\u00e1llalatokkal szemben, kiszorulva \u00edgy az exportpiacokr\u00f3l. Emiatt viszont a munkahelyi stabiliz\u00e1l\u00e1s helyett 1600 munkav\u00e1llal\u00f3 sors\u00e1t sodorhatja vesz\u00e9lybe, amely a magyar korm\u00e1nynak nem lehet az \u00e9rdeke.\u201d\n  <\/p>\n<p class=\"MsoNormal\">\n    A B\u00e9k\u00e9s megyei 2. sz\u00e1m\u00fa v\u00e1laszt\u00f3ker\u00fcletben mand\u00e1tumot szerzett tisz\u00e1s parlamenti k\u00e9pvisel\u0151t, Gomb\u00e1r D\u00e1vid P\u00e1lt pedig n\u00e9v szerint is eml\u00edtett\u00e9k, mert a v\u00e1laszt\u00e1sig a Gallicoop munkav\u00e1llal\u00f3ja volt.\n  <\/p>\n<p class=\"MsoNormal\">\n    \u201eMegd\u00f6bben\u00e9s\u00fcnket tov\u00e1bb fokozza, hogy egy olyan miniszt\u00e9riumr\u00f3l van sz\u00f3, amelynek minisztere, B\u00f3na Szabolcs miniszter \u00far, aki szint\u00e9n \u00e1llatteny\u00e9szt\u00e9ssel \u00e9s n\u00f6v\u00e9nytermeszt\u00e9ssel is foglalkozik, teh\u00e1t pontosan tudja, tudnia kellene, hogy a magyar agr\u00e1r- \u00e9s \u00e9lelmiszeriparban a versenyk\u00e9pess\u00e9get \u00e9s a fejl\u0151d\u00e9st szolg\u00e1l\u00f3 beruh\u00e1z\u00e1sok jelent\u0151s r\u00e9sze t\u00e1mogat\u00e1si forr\u00e1sok bevon\u00e1s\u00e1val val\u00f3sulhat csak meg.\u201d\n  <\/p>\n<p class=\"MsoNormal\">\n    M\u00e9sz\u00e1ros L\u0151rinc mag\u00e1nt\u0151kealap-kezel\u0151je 2020 szeptember\u00e9ben <a href=\"https:\/\/444.hu\/2020\/09\/11\/meszarose-lett-az-orszag-legnagyobb-pulykafeldolgozoja\" target=\"_blank\" rel=\"nofollow noopener\">v\u00e1s\u00e1rolta be mag\u00e1t<\/a> a szarvasi Gallicoopba. A korm\u00e1ny 2024 december\u00e9ben <a href=\"https:\/\/444.hu\/2024\/12\/10\/unios-penzt-adna-meszaros-lorinc-pulykafeldolgozojanak-a-kormany\" target=\"_blank\" rel=\"nofollow noopener\">hat\u00e1rozott arr\u00f3l<\/a>, hogy Nagy Istv\u00e1n akkori agr\u00e1rminiszternek meg kell vizsg\u00e1lnia, kaphat-e uni\u00f3s t\u00e1mogat\u00e1st az \u00c9lelmiszeripar Bajnokai Programban r\u00e9sztvev\u0151k\u00e9nt kijel\u00f6lt c\u00e9g.\n  <\/p>\n","protected":false},"excerpt":{"rendered":"A M\u00e9sz\u00e1ros Csoport sajt\u00f3k\u00f6zlem\u00e9nyben \u00edrta meg, hogy az Agr\u00e1r- \u00e9s \u00c9lelmiszergazdas\u00e1g\u00e9rt Felel\u0151s Miniszt\u00e9rium 2026. j\u00falius 23-\u00e1n visszavonta a&hellip;\n","protected":false},"author":2,"featured_media":220181,"comment_status":"","ping_status":"","sticky":false,"template":"","format":"standard","meta":{"footnotes":"","_share_on_mastodon":"0"},"categories":[6],"tags":[59144,16744,59145,63,44,42,40,43,41,14871,2949],"class_list":["post-220180","post","type-post","status-publish","format-standard","has-post-thumbnail","category-magyarorszag","tag-agrar-es-elelmiszergazdasagert-felelos-miniszterium","tag-agrarminiszterium","tag-gallicoop","tag-gazdasag","tag-hu","tag-hungarian","tag-hungary","tag-magyar","tag-magyarorszag","tag-meszaros-csoport","tag-meszaros-lorinc"],"share_on_mastodon":{"url":"https:\/\/pubeurope.com\/@hu\/117155204156304343","error":""},"_links":{"self":[{"href":"https:\/\/www.europesays.com\/hu\/wp-json\/wp\/v2\/posts\/220180","targetHints":{"allow":["GET"]}}],"collection":[{"href":"https:\/\/www.europesays.com\/hu\/wp-json\/wp\/v2\/posts"}],"about":[{"href":"https:\/\/www.europesays.com\/hu\/wp-json\/wp\/v2\/types\/post"}],"author":[{"embeddable":true,"href":"https:\/\/www.europesays.com\/hu\/wp-json\/wp\/v2\/users\/2"}],"replies":[{"embeddable":true,"href":"https:\/\/www.europesays.com\/hu\/wp-json\/wp\/v2\/comments?post=220180"}],"version-history":[{"count":0,"href":"https:\/\/www.europesays.com\/hu\/wp-json\/wp\/v2\/posts\/220180\/revisions"}],"wp:featuredmedia":[{"embeddable":true,"href":"https:\/\/www.europesays.com\/hu\/wp-json\/wp\/v2\/media\/220181"}],"wp:attachment":[{"href":"https:\/\/www.europesays.com\/hu\/wp-json\/wp\/v2\/media?parent=220180"}],"wp:term":[{"taxonomy":"category","embeddable":true,"href":"https:\/\/www.europesays.com\/hu\/wp-json\/wp\/v2\/categories?post=220180"},{"taxonomy":"post_tag","embeddable":true,"href":"https:\/\/www.europesays.com\/hu\/wp-json\/wp\/v2\/tags?post=220180"}],"curies":[{"name":"wp","href":"https:\/\/api.w.org\/{rel}","templated":true}]}}