{"id":220188,"date":"2026-08-25T08:36:10","date_gmt":"2026-08-25T08:36:10","guid":{"rendered":"https:\/\/www.europesays.com\/hu\/220188\/"},"modified":"2026-08-25T08:36:10","modified_gmt":"2026-08-25T08:36:10","slug":"index-futball-futball-1073","status":"publish","type":"post","link":"https:\/\/www.europesays.com\/hu\/220188\/","title":{"rendered":"Index &#8211; Futball &#8211; Futball"},"content":{"rendered":"<p>A londoni derbi pikant\u00e9ri\u00e1j\u00e1t az szolg\u00e1ltatta, hogy a Chelsea \u00e9l\u00e9re a ny\u00e1ron Xabi Alons\u00f3t, a Fulham\u00e9re pedig az \u0151t a Real Madridn\u00e1l id\u00e9ny k\u00f6zben v\u00e1lt\u00f3, de ugyancsak megbuk\u00f3 <a href=\"https:\/\/index.hu\/sport\/futball\/2026\/07\/08\/premier-league-2026-2027-fulham-edzoi-kinevezes-alvaro-arbeloa-real-madrd-hivatalos\/\" id=\"hyperlink_4719a6ebba68a1d6d4ad7025f91f7326\" target=\"_blank\" title=\"A Real Madridt\u00f3l t\u00e1voz\u00f3 vezet\u0151edz\u0151 Londonban folytatja a karrierj\u00e9t \u2013 hivatalos\" data-recommendation=\"bekezdes_utan\" data-recommendation-preview=\"{&quot;og:title&quot;:&quot;A Real Madridt\u00f3l t\u00e1voz\u00f3 vezet\\u0151edz\\u0151 Londonban folytatja a karrierj\u00e9t \u2013 hivatalos&quot;,&quot;og:description&quot;:&quot;\u00c9pp a miatta lev\u00e1ltott Xabi Alonso ellen mutatkozhat be a Premier League-ben.&quot;,&quot;og:image&quot;:&quot;\\\/\\\/kep.cdn.indexvas.hu\\\/1\\\/0\\\/7036\\\/70367\\\/703673\\\/70367365_5191401_d1f7c7e8a75986caa64e4423717752e2_wm.jpg&quot;}\" data-recommendation-id=\"6242099\" rel=\"nofollow noopener\">\u00c1lvaro Arbelo\u00e1t<\/a> nevezt\u00e9k ki.<\/p>\n<p>Az \u00f6sszecsap\u00e1st a vend\u00e9g \u201ek\u00e9kek\u201d pazarul kezdt\u00e9k, a brazil Joao Pedro m\u00e1r az els\u0151 percben eredm\u00e9nyes volt Cole Palmer passz\u00e1b\u00f3l, \u00e9s b\u00e1r Joshua King a j\u00e1t\u00e9kr\u00e9sz derek\u00e1n egyenl\u00edtett, az id\u00e9ny el\u0151tt 117 milli\u00f3 font\u00e9rt szerz\u0151dtetett Morgan Rogers r\u00e9v\u00e9n \u00edgy is a Chelsea vonulhatott el\u0151nnyel a pihen\u0151re (1\u20132).<\/p>\n<p>A fordul\u00e1st k\u00f6vet\u0151en Joao Pedro visszaadta Cole Palmernek a k\u00f6lcs\u00f6nt, de gyorsan j\u00f6tt a sz\u00e9p\u00edt\u00e9s az ugyancsak a Realt\u00f3l \u00e9rkezett\u00a0Gonzalo Garc\u00eda r\u00e9v\u00e9n (2\u20133), \u00edgy a vend\u00e9gcsapa tcsak a lef\u00faj\u00e1s pillanat\u00e1ban nyugodhatott meg.<\/p>\n<p>A Chelsea ezzel m\u00e1rcius eleje ut\u00e1n el\u0151sz\u00f6r nyert bajnokit idegenben.<\/p>\n<p>                        Premier League 2026\u20132027, 1. fordul\u00f3:<\/p>\n<p>                        Fulham\u2013Chelsea 2\u20133 (1\u20132)<\/p>\n<p>\n                          vas\u00e1rnap j\u00e1tszott\u00e1k:\n                        <\/p>\n<p>                        Newcastle United\u2013Liverpool FC 2\u20132 (1\u20130)<br \/>\n                        Brighton\u2013Aston Villa 4\u20130 (4\u20130)<br \/>\n                        Manchester City\u2013AFC Bournemouth 2\u20131 (0\u20131)<\/p>\n<p>\n                          szombaton j\u00e1tszott\u00e1k:\n                        <\/p>\n<p>                        Brentford\u2013Tottenham Hotspur 3\u20130 (2\u20130)<br \/>\n                        Everton\u2013Crystal Palace 2\u20130 (1\u20130)<br \/>\n                        Ipswich Town\u2013Sunderland 2\u20131 (1\u20131)<br \/>\n                        Nottingham Forest\u2013Leeds United 0\u20131 (0\u20130)<br \/>\n                        Hull City\u2013Manchester United 2\u20130 (2\u20130)<\/p>\n<p>\n                          p\u00e9nteken j\u00e1tszott\u00e1k:\n                        <\/p>\n<p>                        Arsenal\u2013Coventry City 3\u20130 (2\u20130)<\/p>\n<p>\n                          (Bor\u00edt\u00f3k\u00e9p: Cole Palmer 2026. augusztus 14-\u00e9n. Fot\u00f3: John Walton \/ PA Images \/ Getty Images)\n                        <\/p>\n<p><a href=\"https:\/\/dex.hu\/x.php?id=googlepref_desktop&amp;url=https:\/\/google.com\/preferences\/source?q=https:\/\/index.hu\" class=\"google-pref-banner \" id=\"googlePrefBanner\" rel=\"nofollow noopener\" target=\"_blank\"><\/p>\n<p>    Itt \u00e1ll\u00edtsa be, hogy az Index az els\u0151k k\u00f6z\u00f6tt legyen a Google-tal\u00e1latokban!<\/p>\n<p><\/a><\/p>\n<p>                <a href=\"https:\/\/konyvek.index.hu\/\" target=\"_blank\" rel=\"nofollow noopener\"><br \/>\n                <img decoding=\"async\" src=\"https:\/\/index.hu\/assets\/images\/konyvajanlo\/book_indapress\/book_indapress_logo.svg\" loading=\"lazy\" alt=\"Inda Press Kiad\u00f3\"\/><br \/>\n                <\/a><\/p>\n<p>                <img decoding=\"async\" src=\"https:\/\/www.europesays.com\/hu\/wp-content\/uploads\/2026\/08\/1787646968_605_rossi.png\" loading=\"lazy\" alt=\"Rossi\"\/><\/p>\n<p>Ismerd meg a magyar labdar\u00fag\u00e1s h\u0151s\u00e9nek eml\u00e9kezetes pillanatait!<br \/>Folytassa, Mister!<\/p>\n<p>                <a class=\"book_index_btn\" href=\"https:\/\/indexadhu.hit.gemius.pl\/hitredir\/id=nSCbubuYpDWJZLZs0TssLrbt33Lk5kbipuiZrkg89G3.g7\/stparam=uciklwjurk\/fastid=efdamtuhsxcjschvtzobuxredglq\/nc=0\/url=https:\/\/www.indapresskiado.hu\/products\/marco-rossi?_pos=1&amp;_psq=rossi&amp;_ss=e&amp;_v=1.0\" target=\"_blank\" rel=\"nofollow noopener\">MEGVESZEM<\/a><\/p>\n<p>    <img loading=\"lazy\" decoding=\"async\" src=\"https:\/\/www.europesays.com\/hu\/wp-content\/uploads\/2026\/08\/1787646970_111_nc=0.gif\" border=\"0\" height=\"0\" width=\"0\"\/><\/p>\n<p>    <img decoding=\"async\" src=\"https:\/\/index.hu\/assets\/images\/social-follow\/logo-big.svg\" alt=\"Index.hu logo\"\/><\/p>\n<p>K\u00f6vesse az Indexet Facebookon is!<\/p>\n<p>    <a href=\"https:\/\/facebook.com\/Indexhu\" target=\"_blank\" rel=\"nofollow noopener\"><\/p>\n<p>        K\u00f6vetem!<br \/>\n    <\/a><\/p>\n","protected":false},"excerpt":{"rendered":"A londoni derbi pikant\u00e9ri\u00e1j\u00e1t az szolg\u00e1ltatta, hogy a Chelsea \u00e9l\u00e9re a ny\u00e1ron Xabi Alons\u00f3t, a Fulham\u00e9re pedig az&hellip;\n","protected":false},"author":2,"featured_media":220189,"comment_status":"","ping_status":"","sticky":false,"template":"","format":"standard","meta":{"footnotes":"","_share_on_mastodon":"0"},"categories":[14],"tags":[6103,7353,26059,10643,44,42,40,59147,43,41,698,45,131,34444],"class_list":["post-220188","post","type-post","status-publish","format-standard","has-post-thumbnail","category-sport","tag-alvaro-arbeloa","tag-chelsea","tag-cole-palmer","tag-fulham","tag-hu","tag-hungarian","tag-hungary","tag-joao-pedro","tag-magyar","tag-magyarorszag","tag-premier-league","tag-sport","tag-sports","tag-xabi-alonso"],"share_on_mastodon":{"url":"https:\/\/pubeurope.com\/@hu\/117155239637970463","error":""},"_links":{"self":[{"href":"https:\/\/www.europesays.com\/hu\/wp-json\/wp\/v2\/posts\/220188","targetHints":{"allow":["GET"]}}],"collection":[{"href":"https:\/\/www.europesays.com\/hu\/wp-json\/wp\/v2\/posts"}],"about":[{"href":"https:\/\/www.europesays.com\/hu\/wp-json\/wp\/v2\/types\/post"}],"author":[{"embeddable":true,"href":"https:\/\/www.europesays.com\/hu\/wp-json\/wp\/v2\/users\/2"}],"replies":[{"embeddable":true,"href":"https:\/\/www.europesays.com\/hu\/wp-json\/wp\/v2\/comments?post=220188"}],"version-history":[{"count":0,"href":"https:\/\/www.europesays.com\/hu\/wp-json\/wp\/v2\/posts\/220188\/revisions"}],"wp:featuredmedia":[{"embeddable":true,"href":"https:\/\/www.europesays.com\/hu\/wp-json\/wp\/v2\/media\/220189"}],"wp:attachment":[{"href":"https:\/\/www.europesays.com\/hu\/wp-json\/wp\/v2\/media?parent=220188"}],"wp:term":[{"taxonomy":"category","embeddable":true,"href":"https:\/\/www.europesays.com\/hu\/wp-json\/wp\/v2\/categories?post=220188"},{"taxonomy":"post_tag","embeddable":true,"href":"https:\/\/www.europesays.com\/hu\/wp-json\/wp\/v2\/tags?post=220188"}],"curies":[{"name":"wp","href":"https:\/\/api.w.org\/{rel}","templated":true}]}}