{"id":220194,"date":"2026-08-25T08:41:05","date_gmt":"2026-08-25T08:41:05","guid":{"rendered":"https:\/\/www.europesays.com\/hu\/220194\/"},"modified":"2026-08-25T08:41:05","modified_gmt":"2026-08-25T08:41:05","slug":"dobbenetes-magyarazatot-adott-a-16-eves-fiu-aki-megkotozte-es-egy-zsakban-kihajitotta-a-beteg-kutyajat-a-hernad-folyonal","status":"publish","type":"post","link":"https:\/\/www.europesays.com\/hu\/220194\/","title":{"rendered":"D\u00f6bbenetes magyar\u00e1zatot adott a 16 \u00e9ves fi\u00fa, aki megk\u00f6t\u00f6zte, \u00e9s egy zs\u00e1kban kihaj\u00edtotta a beteg kuty\u00e1j\u00e1t a Hern\u00e1d foly\u00f3n\u00e1l"},"content":{"rendered":"<p>Megk\u00f6t\u00f6zte, \u00e9s kidobta a kuty\u00e1j\u00e1t egy 16 \u00e9ves fi\u00fa a Hern\u00e1d foly\u00f3n\u00e1l. Az Encsi Rend\u0151rkapit\u00e1nys\u00e1g \u00e1llatk\u00ednz\u00e1s miatt ind\u00edtott nyomoz\u00e1st a hern\u00e1dc\u00e9cei fiatallal szemben. A Borsod-Aba\u00faj-Zempl\u00e9n V\u00e1rmegyei Rend\u0151r-f\u0151kapit\u00e1nys\u00e1g t\u00e1j\u00e9koztat\u00e1sa szerint a fi\u00fa \u00f6sszek\u00f6t\u00f6zte a kuty\u00e1ja l\u00e1bait, majd egy zs\u00e1kba helyezte \u00e9s a foly\u00f3 partj\u00e1n\u00e1l hagyta.<\/p>\n<p>A legyeng\u00fclt \u00e1llapotban l\u00e9v\u0151 \u00e1llatot v\u00edzit\u00far\u00e1z\u00f3 emberek tal\u00e1lt\u00e1k meg a parton, majd \u00e1llatorvoshoz vitt\u00e9k \u00e9s biztons\u00e1gba helyezt\u00e9k. Az \u00e1llatk\u00ednz\u00e1ssal gyan\u00fas\u00edtott 16 \u00e9ves fi\u00fa beismerte a b\u0171n\u00f6ss\u00e9g\u00e9t a kihallgat\u00e1sa sor\u00e1n.<\/p>\n<p>Azt mondta, hogy a h\u00e1zi\u00e1llatuk beteg volt, \u00e9s att\u00f3l tartott, hogy testv\u00e9rei valamilyen fert\u0151z\u00e9st kapnak el t\u0151le. Ez\u00e9rt d\u00f6nt\u00f6tt \u00fagy, hogy \u00edgy szabadul meg a kuty\u00e1jukt\u00f3l.<\/p>\n","protected":false},"excerpt":{"rendered":"Megk\u00f6t\u00f6zte, \u00e9s kidobta a kuty\u00e1j\u00e1t egy 16 \u00e9ves fi\u00fa a Hern\u00e1d foly\u00f3n\u00e1l. Az Encsi Rend\u0151rkapit\u00e1nys\u00e1g \u00e1llatk\u00ednz\u00e1s miatt ind\u00edtott&hellip;\n","protected":false},"author":2,"featured_media":220195,"comment_status":"","ping_status":"","sticky":false,"template":"","format":"standard","meta":{"footnotes":"","_share_on_mastodon":"0"},"categories":[6],"tags":[3525,1078,6839,44,42,40,917,43,41],"class_list":["post-220194","post","type-post","status-publish","format-standard","has-post-thumbnail","category-magyarorszag","tag-allatkinzas","tag-bunugy","tag-hernad","tag-hu","tag-hungarian","tag-hungary","tag-kutya","tag-magyar","tag-magyarorszag"],"share_on_mastodon":{"url":"https:\/\/pubeurope.com\/@hu\/117155260328405106","error":""},"_links":{"self":[{"href":"https:\/\/www.europesays.com\/hu\/wp-json\/wp\/v2\/posts\/220194","targetHints":{"allow":["GET"]}}],"collection":[{"href":"https:\/\/www.europesays.com\/hu\/wp-json\/wp\/v2\/posts"}],"about":[{"href":"https:\/\/www.europesays.com\/hu\/wp-json\/wp\/v2\/types\/post"}],"author":[{"embeddable":true,"href":"https:\/\/www.europesays.com\/hu\/wp-json\/wp\/v2\/users\/2"}],"replies":[{"embeddable":true,"href":"https:\/\/www.europesays.com\/hu\/wp-json\/wp\/v2\/comments?post=220194"}],"version-history":[{"count":0,"href":"https:\/\/www.europesays.com\/hu\/wp-json\/wp\/v2\/posts\/220194\/revisions"}],"wp:featuredmedia":[{"embeddable":true,"href":"https:\/\/www.europesays.com\/hu\/wp-json\/wp\/v2\/media\/220195"}],"wp:attachment":[{"href":"https:\/\/www.europesays.com\/hu\/wp-json\/wp\/v2\/media?parent=220194"}],"wp:term":[{"taxonomy":"category","embeddable":true,"href":"https:\/\/www.europesays.com\/hu\/wp-json\/wp\/v2\/categories?post=220194"},{"taxonomy":"post_tag","embeddable":true,"href":"https:\/\/www.europesays.com\/hu\/wp-json\/wp\/v2\/tags?post=220194"}],"curies":[{"name":"wp","href":"https:\/\/api.w.org\/{rel}","templated":true}]}}