{"id":220200,"date":"2026-08-25T08:44:14","date_gmt":"2026-08-25T08:44:14","guid":{"rendered":"https:\/\/www.europesays.com\/hu\/220200\/"},"modified":"2026-08-25T08:44:14","modified_gmt":"2026-08-25T08:44:14","slug":"retro-radio-ridley-scott-nem-filmes-vagyok-hanem-influenszer","status":"publish","type":"post","link":"https:\/\/www.europesays.com\/hu\/220200\/","title":{"rendered":"Retro R\u00e1di\u00f3 | Ridley Scott: \u201eNem filmes vagyok, hanem influenszer\u201d"},"content":{"rendered":"<p>A legend\u00e1s brit filmrendez\u0151, Ridley Scott \u00fagy v\u00e9li, p\u00e1lyafut\u00e1sa sor\u00e1n nem csup\u00e1n filmeket k\u00e9sz\u00edtett, hanem trendeket is teremtett. A 88 \u00e9ves alkot\u00f3 ez\u00e9rt ma m\u00e1r ink\u00e1bb influenszerk\u00e9nt tekint mag\u00e1ra, mint egyszer\u0171en filmrendez\u0151k\u00e9nt \u2013 \u00edrja a Variety.<\/p>\n<p>                    \t<img decoding=\"async\" src=\"https:\/\/www.europesays.com\/hu\/wp-content\/uploads\/2026\/08\/Ridley_Scott2_GettyImages.jpg\"\/><\/p>\n<p>\u201eMinden alkalommal sebezhet\u0151 vagy\u201d \u2013 mondta Scott a The Times c\u00edm\u0171 lapnak adott interj\u00faban, amikor arr\u00f3l k\u00e9rdezt\u00e9k, mi az a k\u00f6z\u00f6s sz\u00e1l, amely v\u00e9gigvonul munk\u00e1ss\u00e1g\u00e1n.<br \/>\u201eEmellett soha nem akarom ism\u00e9telni \u00f6nmagamat, \u00e9s minden filmem c\u00e9lba tal\u00e1lt. Gyakran megel\u0151ztem a koromat, \u00e9s amikor megel\u0151z\u00f6d a korodat, akkor trendeket teremtesz. Sz\u00f3val nem egyszer\u0171en filmes vagyok, hanem influenszer\u201d \u2013 tette hozz\u00e1 a rendez\u0151.<\/p>\n<p>A h\u00e1romszoros Oscar-jel\u00f6lt Scott az elm\u00falt \u00e9vtizedekben val\u00f3ban jelent\u0151s hat\u00e1st gyakorolt Hollywoodra. Olyan, m\u00e1ig meghat\u00e1roz\u00f3 klasszikusokat rendezett, mint a Sz\u00e1rnyas fejvad\u00e1sz, az Alien \u2013 A nyolcadik utas: a Hal\u00e1l, a Thelma \u00e9s Louise, valamint a Gladi\u00e1tor.<\/p>\n<p>Scott\u00a0 az interj\u00faban arr\u00f3l is besz\u00e9lt, hogy p\u00e1lyafut\u00e1sa sor\u00e1n akad m\u00e9g n\u00e9h\u00e1ny olyan c\u00e9l, amelyeket nem siker\u00fclt megval\u00f3s\u00edtania.<br \/>\u201eSoha nem k\u00e9sz\u00edtettem westernt\u201d \u2013 jegyezte meg Scott. \u201eHugh Jackmant v\u00e1lasztottam a Kincses sziget c\u00edm\u0171 adapt\u00e1ci\u00f3m egyik szerep\u00e9re. Szeretn\u00e9k musicalt k\u00e9sz\u00edteni, \u00e9s egy nagyszer\u0171 filmet az afrikai elef\u00e1ntr\u00f3l\u201d \u2013 sorolta a terveit.<\/p>\n<p>A rendez\u0151 k\u00f6vetkez\u0151 filmje a The Dog Stars, amelyben Jacob Elordi, Margaret Qualley \u00e9s Josh Brolin j\u00e1tssza a f\u0151bb szerepeket. Scott Elordit \u201enagy szt\u00e1rnak\u201d tartja, \u00e9s elmond\u00e1sa szerint remek\u00fcl kij\u00f6nnek egym\u00e1ssal.<br \/>A rendez\u0151 arra is utalt, hogy mi\u00e9rt v\u00e1llalta el Peter Heller reg\u00e9nye, a The Dog Stars filmadapt\u00e1ci\u00f3j\u00e1t. \u00dagy \u00e9rzi, Hollywoodban egyre zavar\u00f3bb az egyhang\u00fas\u00e1g, \u00e9s t\u00fal sok hasonl\u00f3 t\u00f6rt\u00e9net k\u00e9sz\u00fcl.<\/p>\n<p>\u201eMost minden egy erd\u0151ben meggyilkolt l\u00e1nyr\u00f3l sz\u00f3l, vagy egy FBI-\u00fcgyn\u00f6kr\u0151l, aki mindenki m\u00e1sn\u00e1l jobb, esetleg egy szuperh\u0151sr\u0151l. M\u00e1s t\u00f6rt\u00e9neteknek is kellene lenni\u00fck, amelyeket el lehet mes\u00e9lni\u201d \u2013 fogalmazott Ridley Scott.<\/p>\n<p>A rendez\u0151 novemberben tiszteletbeli Oscar-d\u00edjat kap az Amerikai Filmm\u0171v\u00e9szeti \u00e9s Filmtudom\u00e1nyi Akad\u00e9mia Korm\u00e1nyz\u00f3i D\u00edj\u00e1tad\u00f3 \u00fcnneps\u00e9g\u00e9n. A kit\u00fcntet\u00e9s tov\u00e1bbi idei d\u00edjazottjai k\u00f6z\u00f6tt szerepel Glenn Close sz\u00edn\u00e9szn\u0151, valamint Floyd Norman, a Disney els\u0151 afroamerikai anim\u00e1tora.<\/p>\n<p>Fot\u00f3: Gareth Cattermole\/Getty Images<\/p>\n","protected":false},"excerpt":{"rendered":"A legend\u00e1s brit filmrendez\u0151, Ridley Scott \u00fagy v\u00e9li, p\u00e1lyafut\u00e1sa sor\u00e1n nem csup\u00e1n filmeket k\u00e9sz\u00edtett, hanem trendeket is teremtett.&hellip;\n","protected":false},"author":2,"featured_media":220201,"comment_status":"","ping_status":"","sticky":false,"template":"","format":"standard","meta":{"footnotes":"","_share_on_mastodon":"0"},"categories":[21],"tags":[5735,5736,5737,5738,198,5740,137,5742,199,44,42,40,43,41,189,5739,840,5733,5734,2379,5741,138],"class_list":["post-220200","post","type-post","status-publish","format-standard","has-post-thumbnail","category-hiressegek","tag-60-as","tag-70-es","tag-80-as","tag-90-es","tag-celebrities","tag-dalok","tag-entertainment","tag-fm","tag-hiressegek","tag-hu","tag-hungarian","tag-hungary","tag-magyar","tag-magyarorszag","tag-radio","tag-regi","tag-retro","tag-retro-radio","tag-retroradio","tag-slager","tag-slagerek","tag-szorakozas"],"share_on_mastodon":{"url":"https:\/\/pubeurope.com\/@hu\/117155270968552468","error":""},"_links":{"self":[{"href":"https:\/\/www.europesays.com\/hu\/wp-json\/wp\/v2\/posts\/220200","targetHints":{"allow":["GET"]}}],"collection":[{"href":"https:\/\/www.europesays.com\/hu\/wp-json\/wp\/v2\/posts"}],"about":[{"href":"https:\/\/www.europesays.com\/hu\/wp-json\/wp\/v2\/types\/post"}],"author":[{"embeddable":true,"href":"https:\/\/www.europesays.com\/hu\/wp-json\/wp\/v2\/users\/2"}],"replies":[{"embeddable":true,"href":"https:\/\/www.europesays.com\/hu\/wp-json\/wp\/v2\/comments?post=220200"}],"version-history":[{"count":0,"href":"https:\/\/www.europesays.com\/hu\/wp-json\/wp\/v2\/posts\/220200\/revisions"}],"wp:featuredmedia":[{"embeddable":true,"href":"https:\/\/www.europesays.com\/hu\/wp-json\/wp\/v2\/media\/220201"}],"wp:attachment":[{"href":"https:\/\/www.europesays.com\/hu\/wp-json\/wp\/v2\/media?parent=220200"}],"wp:term":[{"taxonomy":"category","embeddable":true,"href":"https:\/\/www.europesays.com\/hu\/wp-json\/wp\/v2\/categories?post=220200"},{"taxonomy":"post_tag","embeddable":true,"href":"https:\/\/www.europesays.com\/hu\/wp-json\/wp\/v2\/tags?post=220200"}],"curies":[{"name":"wp","href":"https:\/\/api.w.org\/{rel}","templated":true}]}}