{"id":220319,"date":"2026-08-25T10:34:07","date_gmt":"2026-08-25T10:34:07","guid":{"rendered":"https:\/\/www.europesays.com\/hu\/220319\/"},"modified":"2026-08-25T10:34:07","modified_gmt":"2026-08-25T10:34:07","slug":"kovi-beismerte-nagyot-hibazott","status":"publish","type":"post","link":"https:\/\/www.europesays.com\/hu\/220319\/","title":{"rendered":"Kovi beismerte, nagyot hib\u00e1zott"},"content":{"rendered":"<p>Kov\u00e1cs Istv\u00e1n \u201eKovi\u201d ny\u00edltan beismerte: pontosan tudott arr\u00f3l, hogy egyes producerek, rendez\u0151k \u00e9s szerepl\u0151k s\u00falyos testi \u00e9s lelki traum\u00e1kat okoztak a forgat\u00e1sokon dolgoz\u00f3 l\u00e1nyoknak. A <a href=\"https:\/\/nlc.hu\/sztarok\/20260813\/bochkor-gabor-elo-adasban-hozta-kellemetlen-helyzetbe-kolleginait\/\" rel=\"nofollow noopener\" target=\"_blank\">szakm\u00e1ban ezek ny\u00edlt titoknak<\/a> sz\u00e1m\u00edtottak, a felel\u0151ss\u00e9gre von\u00e1s m\u00e9gis elmaradt.<\/p>\n<p>A k\u00f6nnyebb utat v\u00e1lasztotta a feljelent\u00e9s helyett<\/p>\n<p>\u201eFelv\u00e1llalom, \u00e9n elk\u00f6vettem akkor azt a hib\u00e1t abban az id\u0151szakban, hogy nem fogtam meg a l\u00e1nyok kez\u00e9t, \u00e9s nem mondtam azt valamelyik\u00fcknek, hogy gyere, menj\u00fcnk el a rend\u0151rs\u00e9gre, \u00e9s mondd el, mi t\u00f6rt\u00e9nt\u201d \u2013 mondta Kovi a M\u00e9diapiac st\u00fadi\u00f3j\u00e1ban Boros Tam\u00e1snak.<\/p>\n<p>A <a href=\"https:\/\/nlc.hu\/sztarok\/20260727\/michelle-wild-es-monique-covet-kapcsolata\/\" rel=\"nofollow noopener\" target=\"_blank\">rendez\u0151 elmond\u00e1sa szerint<\/a> a konfliktusok \u00e9s a nyilv\u00e1nos harc helyett a visszavonul\u00e1st v\u00e1lasztotta: ahelyett, hogy a hat\u00f3s\u00e1gokhoz fordult volna az \u00e1ldozatokkal, ink\u00e1bb kisz\u00e1llt a rendez\u00e9sb\u0151l, mert nem akart t\u00f6bb\u00e9 olyan k\u00f6zegben dolgozni, ahol ilyen vissza\u00e9l\u00e9sek megt\u00f6rt\u00e9nhetnek. Ut\u00f3lag azonban m\u00e1r b\u00e1nja a d\u00f6nt\u00e9s\u00e9t, \u00e9s \u00fagy l\u00e1tja, m\u00e1sk\u00e9pp kellett volna cselekednie.<\/p>\n<p>S\u00falyos, terhel\u0151 titkok \u2013 Mi\u00e9rt hallgat ma is, \u00e9s mikor sz\u00f3lalna meg?<\/p>\n<p>Kovi elismerte, hogy ma is olyan s\u00falyos inform\u00e1ci\u00f3k \u00e9s terhel\u0151 r\u00e9szletek birtok\u00e1ban van, amelyek alapj\u00e1n kor\u00e1bban embereket b\u00f6rt\u00f6nbe lehetett volna z\u00e1rni. Ennek ellen\u00e9re konkr\u00e9t neveket jelenleg sem mond a nyilv\u00e1noss\u00e1g el\u0151tt. Ennek oka egyr\u00e9szt a jogi kitetts\u00e9g \u2013 bizony\u00edt\u00e9kok h\u00edj\u00e1n nem akar elh\u00faz\u00f3d\u00f3 r\u00e1galmaz\u00e1si \u00e9s k\u00e1rt\u00e9r\u00edt\u00e9si perekbe keveredni \u2013, m\u00e1sr\u00e9szt az, hogy annyi \u00e9v t\u00e1vlat\u00e1b\u00f3l nem tudja, a b\u00e1ntalmazott n\u0151k k\u00f6z\u00fcl ki mern\u00e9 v\u00e1llalni a szembes\u00edt\u00e9st.<\/p>\n<p>Ugyanakkor vil\u00e1goss\u00e1 tette: ha elindulna egy val\u00f3di felt\u00e1r\u00f3 mozgalom, \u00e9s az \u00e1ldozatok vagy \u00e9rintettek k\u00f6z\u00fcl m\u00e1sok is a nyilv\u00e1noss\u00e1g el\u00e9 l\u00e9pn\u00e9nek, r\u00e1 azonnal lehet sz\u00e1m\u00edtani.<\/p>\n<p>\u201eHa valaki ezt elind\u00edtja, \u00e9n sz\u00edvesen r\u00e9szt veszek benne, t\u00e1mogatom, adom hozz\u00e1 a nevemet, mert nagyon sok mindent tudok\u201d \u2013 jelentette ki, hozz\u00e1t\u00e9ve: ha hivatalos hat\u00f3s\u00e1g vagy nyomoz\u00f3 szerv k\u00e9rdezn\u00e9 ki, nekik b\u00e1rmikor r\u00e9szletesen felt\u00e1rn\u00e1 a m\u00falt legs\u00f6t\u00e9tebb \u00fcgyeit.<\/p>\n<p><img fetchpriority=\"high\" decoding=\"async\" class=\"img-responsive aligncenter size-full wp-image-2175123\" src=\"https:\/\/www.europesays.com\/hu\/wp-content\/uploads\/2026\/08\/kovi.jpeg\" alt=\"Kovi beismerte: \u201eElk\u00f6vettem azt a hib\u00e1t, hogy nem vittem a b\u00e1ntalmazott l\u00e1nyokat a rend\u0151rs\u00e9gre\u201d\" width=\"1280\" height=\"720\"   loading=\"lazy\"\/><\/p>\n<p class=\"wp-caption-text\">(Forr\u00e1s: Olajos Piroska\/fotocentral)<\/p>\n<p>Az \u00e1ldozatok sz\u00e9gyen\u00e9rzete g\u00e1tolja a leleplez\u00e9st<\/p>\n<p>A m\u0171sorban felmer\u00fclt a k\u00e9rd\u00e9s, hogy a nemzetk\u00f6zi MeToo- \u00e9s Weinstein-botr\u00e1nyok mint\u00e1j\u00e1ra mi\u00e9rt nem robbant ki hasonl\u00f3 megtisztul\u00e1si hull\u00e1m a magyar feln\u0151ttfilmes vil\u00e1gban. Kovi szerint ennek legf\u0151bb akad\u00e1lya a b\u00e1ntalmazott n\u0151kben m\u00e9lyen gy\u00f6kerez\u0151 sz\u00e9gyen\u00e9rzet.<br \/>\u00dagy l\u00e1tja, a traum\u00e1t elszenvedett szerepl\u0151k tartanak a megb\u00e9lyegz\u00e9st\u0151l, \u00e9s a mai napig nem mern\u00e9nek egyed\u00fcl ki\u00e1llni a b\u00edr\u00f3s\u00e1gon vagy a nyilv\u00e1noss\u00e1g el\u0151tt, ami n\u00e9lk\u00fcl a szakma bels\u0151 b\u0171nei felt\u00e1ratlanok maradnak.<\/p>\n<p>\u201eLehet, hogy al\u00e1\u00edrtam a hal\u00e1los \u00edt\u00e9letem\u201d<\/p>\n<p>A besz\u00e9lget\u00e9s egyik legfesz\u00fcltebb pillanat\u00e1ban <a href=\"https:\/\/nlc.hu\/sztarok\/20260608\/szereny-korulmenyek-kozott-el-kovi\/\" rel=\"nofollow noopener\" target=\"_blank\">Kovi arra is kit\u00e9rt<\/a>, hogy a m\u00falt titkainak feszeget\u00e9se nem vesz\u00e9lytelen. B\u00e1r f\u00e9lkomolyan megjegyezte, hogy \u201elehet, hogy ezzel most al\u00e1\u00edrtam a hal\u00e1los \u00edt\u00e9letemet\u201d, a t\u00e9ma s\u00falya egy\u00e9rtelm\u0171 maradt.<br \/>A rendez\u0151 szerint a mai forgat\u00e1si strukt\u00far\u00e1kban m\u00e1r elengedhetetlen lenne a f\u00fcggetlen pszichol\u00f3gusok \u00e9s intimit\u00e1s-koordin\u00e1torok k\u00f6telez\u0151 jelenl\u00e9te, akik a szerepl\u0151k testi-lelki \u00e9ps\u00e9g\u00e9t fel\u00fcgyelik \u2013 megel\u0151zve azokat a vissza\u00e9l\u00e9seket, amelyek \u00e9vtizedekkel ezel\u0151tt k\u00f6vetkezm\u00e9nyek n\u00e9lk\u00fcl maradhattak.<\/p>\n<p>Szt\u00e1rr\u00e1 v\u00e1l\u00e1s: tehets\u00e9g vagy a megal\u00e1z\u00e1s \u00e9s a f\u00e1jdalom elvisel\u00e9se?<\/p>\n<p>A st\u00fadi\u00f3ban k\u00edm\u00e9letlen k\u00e9rd\u00e9sek z\u00e1poroztak arra vonatkoz\u00f3an is, hogy val\u00f3j\u00e1ban mi jelentette a szakmai el\u0151rel\u00e9p\u00e9st. A m\u0171sorvezet\u0151 felid\u00e9zte az RTL+ dokumentumfilmj\u00e9t, amelyben elhangzott: Monique Covet nemzetk\u00f6zi karrierj\u00e9nek igazi \u00e1tt\u00f6r\u00e9s\u00e9t egy olyan Rocco Siffredivel forgatott extr\u00e9m jelenet hozta el, amit m\u00e1s l\u00e1nyok a fizikai megterhel\u00e9s miatt nem b\u00edrtak ki. Nem csapja-e ki a biztos\u00edt\u00e9kot, hogy a szt\u00e1rr\u00e1 v\u00e1l\u00e1s felt\u00e9tele nem a tehets\u00e9g, hanem a f\u00e1jdalomt\u0171r\u00e9s \u00e9s a megal\u00e1z\u00f3 helyzetek elvisel\u00e9se volt?<br \/>Kovi azzal \u00e1rnyalta a k\u00e9pet, hogy Monique Covet m\u00e1r a Rocco-f\u00e9le extr\u00e9m forgat\u00e1sok el\u0151tt, egy n\u00e9metorsz\u00e1gi exkluz\u00edv szerz\u0151d\u00e9ssel nemzetk\u00f6zi szt\u00e1r lett, ahol nem kellett f\u00e1jdalmat t\u0171rnie. Elismerte ugyanakkor, hogy a szakm\u00e1ban val\u00f3ban csak azok tudtak cs\u00facsra jutni, akik t\u00f6bbet tudtak ny\u00fajtani egy \u00e1tlagos feln\u0151ttfilmes aktusn\u00e1l, \u00e9s k\u00e9pesek voltak a szerepeket \u00e9s a forgat\u00e1si szitu\u00e1ci\u00f3kat professzion\u00e1lisan kezelni.<\/p>\n<p>Ment\u00e1lis nyomor \u00e9s kiszolg\u00e1ltatotts\u00e1g a kamer\u00e1k el\u0151tt<\/p>\n<p>A m\u0171sorvezet\u0151 t\u00f6bb megr\u00e1z\u00f3 p\u00e9ld\u00e1t is a rendez\u0151 el\u00e9 t\u00e1rt a sz\u00e1ml\u00e1k miatt kamer\u00e1k el\u00e9 \u00e1ll\u00f3 nagymam\u00e1t\u00f3l eg\u00e9szen a gyermekkori traum\u00e1ik el\u0151l menek\u00fcl\u0151, drogokhoz ny\u00fal\u00f3 szerepl\u0151kig. Felmer\u00fclt a k\u00e9rd\u00e9s: nem l\u00e1tta-e a rendez\u0151 a forgat\u00e1sokon az emberi kiszolg\u00e1ltatotts\u00e1got \u00e9s a ment\u00e1lis nyomort, \u00e9s volt-e olyan pont, amikor nemet mondott egy szerepl\u0151re?<br \/>Kovi hat\u00e1rozottan visszautas\u00edtotta, hogy b\u00f3dult vagy ment\u00e1lisan alkalmatlan emberekkel dolgozott volna:<\/p>\n<p>N\u00e1lam a forgat\u00e1sokon m\u00e9g egy s\u00f6rt sem lehetett meginni. Szerz\u0151d\u00e9sben r\u00f6gz\u00edtett\u00fck, hogy tudatm\u00f3dos\u00edt\u00f3 szerek hat\u00e1sa alatt nem \u00e1llhatnak, \u00e9s ha valakin megl\u00e1ttam, hogy b\u00e1rmilyen szer hat\u00e1sa alatt van, azonnal hazak\u00fcldtem.<\/p>\n<p>\u00a0<\/p>\n<p>Azt ugyanakkor elismerte, hogy az anyagi motiv\u00e1ci\u00f3 szinte mindenkin\u00e9l jelen volt, de szerinte a szerepl\u0151k t\u00f6bbs\u00e9ge feln\u0151ttk\u00e9nt, tudatosan d\u00f6nt\u00f6tt a forgat\u00e1sok mellett, a komolyabb ment\u00e1lis felk\u00e9sz\u00fcletlens\u00e9g pedig gyorsan kiz\u00e1rta a tart\u00f3s karriert.<\/p>\n<p>A teljes besz\u00e9lget\u00e9st itt megn\u00e9zheted:<\/p>\n","protected":false},"excerpt":{"rendered":"Kov\u00e1cs Istv\u00e1n \u201eKovi\u201d ny\u00edltan beismerte: pontosan tudott arr\u00f3l, hogy egyes producerek, rendez\u0151k \u00e9s szerepl\u0151k s\u00falyos testi \u00e9s lelki&hellip;\n","protected":false},"author":2,"featured_media":220320,"comment_status":"","ping_status":"","sticky":false,"template":"","format":"standard","meta":{"footnotes":"","_share_on_mastodon":"0"},"categories":[8],"tags":[2181,42,6494,24745,43,34,235,94,93,92],"class_list":["post-220319","post","type-post","status-publish","format-standard","has-post-thumbnail","category-vilag","tag-hiba","tag-hungarian","tag-kovacs-istvan","tag-kovi","tag-magyar","tag-news","tag-sztarok","tag-vilag","tag-world","tag-world-news"],"share_on_mastodon":{"url":"https:\/\/pubeurope.com\/@hu\/117155703897028025","error":""},"_links":{"self":[{"href":"https:\/\/www.europesays.com\/hu\/wp-json\/wp\/v2\/posts\/220319","targetHints":{"allow":["GET"]}}],"collection":[{"href":"https:\/\/www.europesays.com\/hu\/wp-json\/wp\/v2\/posts"}],"about":[{"href":"https:\/\/www.europesays.com\/hu\/wp-json\/wp\/v2\/types\/post"}],"author":[{"embeddable":true,"href":"https:\/\/www.europesays.com\/hu\/wp-json\/wp\/v2\/users\/2"}],"replies":[{"embeddable":true,"href":"https:\/\/www.europesays.com\/hu\/wp-json\/wp\/v2\/comments?post=220319"}],"version-history":[{"count":0,"href":"https:\/\/www.europesays.com\/hu\/wp-json\/wp\/v2\/posts\/220319\/revisions"}],"wp:featuredmedia":[{"embeddable":true,"href":"https:\/\/www.europesays.com\/hu\/wp-json\/wp\/v2\/media\/220320"}],"wp:attachment":[{"href":"https:\/\/www.europesays.com\/hu\/wp-json\/wp\/v2\/media?parent=220319"}],"wp:term":[{"taxonomy":"category","embeddable":true,"href":"https:\/\/www.europesays.com\/hu\/wp-json\/wp\/v2\/categories?post=220319"},{"taxonomy":"post_tag","embeddable":true,"href":"https:\/\/www.europesays.com\/hu\/wp-json\/wp\/v2\/tags?post=220319"}],"curies":[{"name":"wp","href":"https:\/\/api.w.org\/{rel}","templated":true}]}}