{"id":220378,"date":"2026-08-25T11:25:16","date_gmt":"2026-08-25T11:25:16","guid":{"rendered":"https:\/\/www.europesays.com\/hu\/220378\/"},"modified":"2026-08-25T11:25:16","modified_gmt":"2026-08-25T11:25:16","slug":"majka-szerint-egy-villanyszerelo-kis-hijan-annyit-keres-mint-o","status":"publish","type":"post","link":"https:\/\/www.europesays.com\/hu\/220378\/","title":{"rendered":"Majka szerint egy villanyszerel\u0151 kis h\u00edj\u00e1n annyit keres, mint \u0151"},"content":{"rendered":"<p class=\"a-lead mb-8 text-xl lg:text-xl-plus font-medium&#10;                leading-7.5 lg:leading-8\">\n    A t\u00e9v\u00e9s rapper egy pillanatig sem k\u00f6nt\u00f6rfalazott azzal kapcsolatban, milyen szempontok alapj\u00e1n v\u00e1lasztana mag\u00e1nak hivat\u00e1st, ha \u00fajra r\u00e1k\u00e9nyszer\u00fclne. \u00d6n r\u00e1b\u00edzn\u00e1 a villanyszerel\u00e9st Majk\u00e1ra?\n<\/p>\n<p>Bizony\u00e1ra sokan kipr\u00f3b\u00e1ln\u00e1k, milyen Majka b\u0151r\u00e9ben \u00e9lni, hiszen az elvitathatatlan t\u0151le, hogy j\u00f3 orra van ahhoz, hogy kiszagolja, mib\u0151l lesz siker. Nem v\u00e9letlen\u00fcl v\u00e1lasztj\u00e1k m\u00e1r \u00e9vek \u00f3ta <a href=\"https:\/\/story.hu\/napi-friss\/2026\/08\/17\/majka-kozmedia-interju-beszolas-sebestyen-balazs\/n8d3y0n\" id=\"df683b48-309d-436a-a05d-75371786c751\" rel=\"nofollow noopener\" target=\"_blank\">az egyik leg\u00e9rt\u00e9kesebb h\u00edress\u00e9gnek.<\/a> \u00c9s az is s\u00fct r\u00f3la, hogy k\u00f6sz\u00f6ni sz\u00e9pen, el\u00e9gedett az \u00e9let\u00e9vel. Ez\u00e9rt is \u00e9rdekes k\u00e9rd\u00e9s, hogy m\u00e9gis mihez kezdene, ha nem rapper lenne,<\/p>\n<p>\u201eBiztos, hogy valamilyen v\u00e1llalkoz\u00f3 lenn\u00e9k, magamnak dolgozn\u00e9k. Biztos nagyon neh\u00e9z lenne elviselnem b\u00e1rkit is f\u0151n\u00f6kk\u00e9nt az \u00e9letemben, aki mindennap megmondja, hogy mikor mehetek vacsor\u00e1zni, eb\u00e9delni, reggelizni, mikor kell be\u00e9rnem. Ez nekem nem lenne k\u00f6nny\u0171. Ha mondjuk nagyon polg\u00e1ri dolgot kellene n\u00e9znem, akkor val\u00f3sz\u00edn\u0171leg taxis lenn\u00e9k, vagy valami ilyesmi, m\u00e1r sokszor gondoltam erre. Magam d\u00f6nten\u00e9m el, hogy mikor megyek ki a p\u00e1ly\u00e1ra dolgozni, \u00e9s hogy meddig vagyok kint, \u00e9s <a href=\"https:\/\/story.hu\/napi-friss\/2026\/07\/20\/majka-poker-nyeremeny-las-vegas\/17v9rxe\" id=\"9f2b6138-5df1-4883-b5a5-bf84d54df033\" rel=\"nofollow noopener\" target=\"_blank\">annyi p\u00e9nzem lenne<\/a>, amennyire hajtok\u201d \u2013 mondta az <a href=\"https:\/\/www.instagram.com\/reels\/DcT1PJssrex\/\" id=\"e6b58377-b50b-442c-997d-41f25ca80978\" rel=\"nofollow noopener\" target=\"_blank\">Alap h\u00edreknek<\/a> Majka a Strand Fesztiv\u00e1lon.<\/p>\n<p>                        <img class=\"object-contain -landscape mx-auto w-full sm:w-auto\"  src=\"https:\/\/www.europesays.com\/hu\/wp-content\/uploads\/2026\/08\/bZXk9mPaHR0cHM6Ly9pbWFnZXMuc3RvcnkuaHUvMS85dVRrOWxCYUhSMGNITTZMeTl2WTJSdUxtVjFMM0IxYkhOamJYTXZUVVJCW.webp\" alt=\"Majoros P\u00e9ter Majka ha nem rappelne, villanyt szerelne vagy taxizna \" loading=\"lazy\" decoding=\"async\" \/><\/p>\n<p>                    Fotocentral \/ Birton Szabolcs<\/p>\n<p>        Majoros P\u00e9ter Majka ha nem rappelne, villanyt szerelne vagy taxizna <\/p>\n<p>Kevesen tudj\u00e1k, de Majka <a href=\"https:\/\/story.hu\/napi-friss\/2026\/06\/20\/magyar-sztarok-fizetese-penz\/04zffhv\" id=\"983fdcad-0b4c-4451-9043-332b6637b1f5\" rel=\"nofollow noopener\" target=\"_blank\">eredeti v\u00e9gzetts\u00e9ge villanyszerel\u0151<\/a>, \u00e9s ez a szakma is sz\u00f3ba ker\u00fclt a besz\u00e9lget\u00e9sben.<\/p>\n<p>Most, hogy volt n\u00e1lam egy villanyszerel\u0151, \u00e9s elmondta, hogy mennyibe ker\u00fcl megcsin\u00e1lni a lak\u00e1s teljes \u00e1ramkiszolg\u00e1l\u00e1s\u00e1t, azt gondoltam, hogy ez a cs\u00e1v\u00f3 k\u00f6r\u00fclbel\u00fcl \u00fagy keres, mint \u00e9n<\/p>\n<p>\u2013 mosolyodott el a t\u00e9v\u00e9s, aki a szavakkal az\u00e9rt feltehet\u0151en jobban b\u00e1nik, mint a villanyvezet\u00e9kekkel.<\/p>\n<p>Egy\u00e9bk\u00e9nt Majka ism\u00e9t arr\u00f3l besz\u00e9lt, hogy m\u00e1r k\u00e9sz\u00fcl a nagy siker\u0171 <a href=\"https:\/\/story.hu\/napi-friss\/2026\/04\/19\/majka-csurran-cseppen-2\/\" id=\"9eb75907-1e83-431d-87bd-95a9686a5b5c\" rel=\"nofollow noopener\" target=\"_blank\">Csurran, cseppen c\u00edm\u0171 dal\u00e1nak m\u00e1sodik felvon\u00e1sa.<\/a><\/p>\n<p><script async src=\"\/\/www.instagram.com\/embed.js\"><\/script><\/p>\n","protected":false},"excerpt":{"rendered":"A t\u00e9v\u00e9s rapper egy pillanatig sem k\u00f6nt\u00f6rfalazott azzal kapcsolatban, milyen szempontok alapj\u00e1n v\u00e1lasztana mag\u00e1nak hivat\u00e1st, ha \u00fajra r\u00e1k\u00e9nyszer\u00fclne.&hellip;\n","protected":false},"author":2,"featured_media":220379,"comment_status":"","ping_status":"","sticky":false,"template":"","format":"standard","meta":{"footnotes":"","_share_on_mastodon":"0"},"categories":[16],"tags":[28369,137,1535,44,42,40,43,41,2260,327,138],"class_list":["post-220378","post","type-post","status-publish","format-standard","has-post-thumbnail","category-szorakozas","tag-csurran-cseppen","tag-entertainment","tag-fizetes","tag-hu","tag-hungarian","tag-hungary","tag-magyar","tag-magyarorszag","tag-majka","tag-penz","tag-szorakozas"],"share_on_mastodon":{"url":"https:\/\/pubeurope.com\/@hu\/117155904374574733","error":""},"_links":{"self":[{"href":"https:\/\/www.europesays.com\/hu\/wp-json\/wp\/v2\/posts\/220378","targetHints":{"allow":["GET"]}}],"collection":[{"href":"https:\/\/www.europesays.com\/hu\/wp-json\/wp\/v2\/posts"}],"about":[{"href":"https:\/\/www.europesays.com\/hu\/wp-json\/wp\/v2\/types\/post"}],"author":[{"embeddable":true,"href":"https:\/\/www.europesays.com\/hu\/wp-json\/wp\/v2\/users\/2"}],"replies":[{"embeddable":true,"href":"https:\/\/www.europesays.com\/hu\/wp-json\/wp\/v2\/comments?post=220378"}],"version-history":[{"count":0,"href":"https:\/\/www.europesays.com\/hu\/wp-json\/wp\/v2\/posts\/220378\/revisions"}],"wp:featuredmedia":[{"embeddable":true,"href":"https:\/\/www.europesays.com\/hu\/wp-json\/wp\/v2\/media\/220379"}],"wp:attachment":[{"href":"https:\/\/www.europesays.com\/hu\/wp-json\/wp\/v2\/media?parent=220378"}],"wp:term":[{"taxonomy":"category","embeddable":true,"href":"https:\/\/www.europesays.com\/hu\/wp-json\/wp\/v2\/categories?post=220378"},{"taxonomy":"post_tag","embeddable":true,"href":"https:\/\/www.europesays.com\/hu\/wp-json\/wp\/v2\/tags?post=220378"}],"curies":[{"name":"wp","href":"https:\/\/api.w.org\/{rel}","templated":true}]}}