{"id":220477,"date":"2026-08-25T12:49:09","date_gmt":"2026-08-25T12:49:09","guid":{"rendered":"https:\/\/www.europesays.com\/hu\/220477\/"},"modified":"2026-08-25T12:49:09","modified_gmt":"2026-08-25T12:49:09","slug":"kviz-mennyire-ismered-jo-nesbo-konyveinek-sotet-vilagat","status":"publish","type":"post","link":"https:\/\/www.europesays.com\/hu\/220477\/","title":{"rendered":"Kv\u00edz: Mennyire ismered Jo Nesb\u00f8 k\u00f6nyveinek s\u00f6t\u00e9t vil\u00e1g\u00e1t?"},"content":{"rendered":"<p>Harry Hole, h\u00f3emberek, sorozatgyilkosok \u00e9s olyan skandin\u00e1v h\u00e9tk\u00f6znapok, amelyekb\u0151l rendszerint valami eg\u00e9szen balj\u00f3s dolog kerekedik. Jo Nesb\u00f8 k\u00f6nyvei \u00e9vtizedek \u00f3ta a krimirajong\u00f3k kedvencei, de vajon mennyi minden maradt meg bel\u0151l\u00fck?<\/p>\n<p>T\u00edz k\u00e9rd\u00e9s \u2013 \u00e9s nem kell hozz\u00e1 k\u00edv\u00fclr\u0151l f\u00fajni Harry Hole teljes \u00e9letrajz\u00e1t.<\/p>\n<p>Az \u00edr\u00f3val n\u00e9h\u00e1ny \u00e9ve mi is <a target=\"_blank\" href=\"https:\/\/24.hu\/kultura\/2024\/09\/28\/jo-nesbo-a-birodalom-versegi-kotelek-interju-skandinav-krimi-harry-hole\/\" rel=\"nofollow noopener\">interj\u00faztunk<\/a>:<\/p>\n","protected":false},"excerpt":{"rendered":"Harry Hole, h\u00f3emberek, sorozatgyilkosok \u00e9s olyan skandin\u00e1v h\u00e9tk\u00f6znapok, amelyekb\u0151l rendszerint valami eg\u00e9szen balj\u00f3s dolog kerekedik. Jo Nesb\u00f8 k\u00f6nyvei&hellip;\n","protected":false},"author":2,"featured_media":220478,"comment_status":"","ping_status":"","sticky":false,"template":"","format":"standard","meta":{"footnotes":"","_share_on_mastodon":"0"},"categories":[16],"tags":[137,44,42,40,6200,460,43,41,138],"class_list":["post-220477","post","type-post","status-publish","format-standard","has-post-thumbnail","category-szorakozas","tag-entertainment","tag-hu","tag-hungarian","tag-hungary","tag-jo-nesbo","tag-kviz","tag-magyar","tag-magyarorszag","tag-szorakozas"],"share_on_mastodon":{"url":"https:\/\/pubeurope.com\/@hu\/117156234826308826","error":""},"_links":{"self":[{"href":"https:\/\/www.europesays.com\/hu\/wp-json\/wp\/v2\/posts\/220477","targetHints":{"allow":["GET"]}}],"collection":[{"href":"https:\/\/www.europesays.com\/hu\/wp-json\/wp\/v2\/posts"}],"about":[{"href":"https:\/\/www.europesays.com\/hu\/wp-json\/wp\/v2\/types\/post"}],"author":[{"embeddable":true,"href":"https:\/\/www.europesays.com\/hu\/wp-json\/wp\/v2\/users\/2"}],"replies":[{"embeddable":true,"href":"https:\/\/www.europesays.com\/hu\/wp-json\/wp\/v2\/comments?post=220477"}],"version-history":[{"count":0,"href":"https:\/\/www.europesays.com\/hu\/wp-json\/wp\/v2\/posts\/220477\/revisions"}],"wp:featuredmedia":[{"embeddable":true,"href":"https:\/\/www.europesays.com\/hu\/wp-json\/wp\/v2\/media\/220478"}],"wp:attachment":[{"href":"https:\/\/www.europesays.com\/hu\/wp-json\/wp\/v2\/media?parent=220477"}],"wp:term":[{"taxonomy":"category","embeddable":true,"href":"https:\/\/www.europesays.com\/hu\/wp-json\/wp\/v2\/categories?post=220477"},{"taxonomy":"post_tag","embeddable":true,"href":"https:\/\/www.europesays.com\/hu\/wp-json\/wp\/v2\/tags?post=220477"}],"curies":[{"name":"wp","href":"https:\/\/api.w.org\/{rel}","templated":true}]}}