{"id":220526,"date":"2026-08-25T13:38:06","date_gmt":"2026-08-25T13:38:06","guid":{"rendered":"https:\/\/www.europesays.com\/hu\/220526\/"},"modified":"2026-08-25T13:38:06","modified_gmt":"2026-08-25T13:38:06","slug":"havasi-bertalan-a-fidesznek-ehhez-semmi-koze","status":"publish","type":"post","link":"https:\/\/www.europesays.com\/hu\/220526\/","title":{"rendered":"Havasi Bertalan: a Fidesznek ehhez semmi k\u00f6ze"},"content":{"rendered":"<p>P\u00e1rbesz\u00e9dre van sz\u00fcks\u00e9g Magyarorsz\u00e1g m\u00faltj\u00e1r\u00f3l \u00e9s j\u00f6v\u0151j\u00e9r\u0151l \u2013 ezzel <a href=\"https:\/\/infostart.hu\/belfold\/2026\/08\/20\/polgari-demokratak-navracsics-tibor-bejelentett-egy-uj-parthovatartozason-felulallo-tarsadalmi-kezdemenyezest\" rel=\"nofollow noopener\" target=\"_blank\">hirdette meg<\/a> a Polg\u00e1ri Demokrat\u00e1k nev\u0171 kezdem\u00e9nyez\u00e9st augusztus 20-\u00e1n Ferencz Orsoly\u00e1val k\u00f6z\u00f6sen Navracsics Tibor. \u201eMeg kell ind\u00edtanunk egy p\u00e1rbesz\u00e9det, amely fel\u00fcl\u00edrja ennek a k\u00e9t oldal szemben\u00e1ll\u00e1s\u00e1t. K\u00e9t oldal helyett egyenes \u00fat kell. Ezt az orsz\u00e1got ugyanis nem csak megh\u00f3d\u00edtani kell, de meg is tartani, otthonoss\u00e1 tenni, mindenki sz\u00e1m\u00e1ra \u00e9lhet\u0151v\u00e9 tenni. Az elm\u00falt id\u0151szak azt bizony\u00edtotta, hogy a politikai bossz\u00fa, a m\u00e1sik ki\u00e1tkoz\u00e1sa, kirekeszt\u00e9se a k\u00f6z\u00f6ss\u00e9gb\u0151l sehova nem vezet, de biztosan nem a j\u00f6v\u0151 fel\u00e9 vezet\u0151 \u00fat. Ez\u00e9rt ind\u00edtunk mi, polg\u00e1ri demokrat\u00e1k, egy olyan t\u00e1rsadalmi kezdem\u00e9nyez\u00e9st, amely mindenkit h\u00edv p\u00e1rthovatartoz\u00e1sra tekintet n\u00e9lk\u00fcl, hogy besz\u00e9lgess\u00fcnk Magyarorsz\u00e1g j\u00f6v\u0151j\u00e9r\u0151l\u201d \u2013 mondta a volt miniszter.<\/p>\n<p>A Fidesznek nincs hivatalos, \u00fagymond k\u00f6zponti \u00e1ll\u00e1spontja a Polg\u00e1ri Demokrat\u00e1k nev\u0171 kezdem\u00e9nyez\u00e9sr\u0151l. Havasi Bertalan az InfoR\u00e1di\u00f3ban elmondta: nincs \u00e9rintetts\u00e9ge a Fidesznek, mint p\u00e1rtnak ezzel a kezdem\u00e9nyez\u00e9ssel kapcsolatban, a Fidesz egyetlen vezet\u0151 test\u00fclete sem foglalkozott ezzel a kezdem\u00e9nyez\u00e9ssel.<\/p>\n<p>\u201eEgyel\u0151re nem mer\u00fclt fel ennek a sz\u00fcks\u00e9gess\u00e9ge. Mindketten \u2013 Navracsics Tibor \u00e9s Ferencz Orsolya is \u2013 tagjai a Fidesznek, term\u00e9szetesen szabadon tervezhetnek b\u00e1rmilyen konzult\u00e1ci\u00f3t vagy besz\u00e9lget\u00e9st, ehhez nincsen sz\u00fcks\u00e9g a Fidesz r\u00e9sz\u00e9r\u0151l semmif\u00e9le enged\u00e9lyez\u00e9sre vagy felhatalmaz\u00e1sra. A p\u00e1rtban mindenki szabadon politiz\u00e1l, a saj\u00e1t politikai munk\u00e1j\u00e1t is szabadon tervezheti meg\u201d \u2013 k\u00f6z\u00f6lte Havasi Bertalan.<\/p>\n<p>A Fidesz \u00f6nk\u00e9nyuralomnak tartja a Tisza P\u00e1rt korm\u00e1nyz\u00e1s\u00e1t \u00e9s azzal egyfajta tot\u00e1lis szemben\u00e1ll\u00e1st hirdetett, vagyis nem akarnak p\u00e1rbesz\u00e9det a jelenlegi hatalommal. A k\u00e9t fideszes politikus viszont \u00e9ppen a p\u00e1rbesz\u00e9det s\u00fcrgeti, b\u00e1r azt nem mondt\u00e1k, hogy konkr\u00e9tan a Tisz\u00e1val vagy a tisz\u00e1sokkal, mindenesetre az orsz\u00e1g megosztotts\u00e1g\u00e1t szeretn\u00e9k cs\u00f6kkenteni. Ezzel kapcsolatban a kommunik\u00e1ci\u00f3s igazgat\u00f3 elmondta: a Fidesz politik\u00e1j\u00e1t meghat\u00e1rozza a p\u00e1rt eln\u00f6ks\u00e9g\u00e9nek \u00e9s a parlamenti frakci\u00f3j\u00e1nak a k\u00f6z\u00f6s, \u00fagynevezett ellen\u00e1ll\u00e1si nyilatkozata.<\/p>\n<p>\u201eA j\u00faliusban a k\u00e9t test\u00fclet egy\u00fcttes \u00fcl\u00e9s\u00e9n megsz\u00fcletett dokumentum vil\u00e1gosan kimondja, hogy Magyarorsz\u00e1gon a Tisza korm\u00e1nyz\u00e1sa megsz\u00fcntette a demokratikus jog\u00e1llamot, \u00e9s a Fidesz k\u00fcldet\u00e9se, hogy ezzel minden t\u00f6rv\u00e9nyes \u00e9s b\u00e9k\u00e9s eszk\u00f6zzel szembesz\u00e1lljon. Nincs a Fideszben mint p\u00e1rtban olyan ig\u00e9ny, hogy ezzel a politikai jogokat eltipr\u00f3 tisz\u00e1s \u00f6nk\u00e9nyuralmi hatalommal b\u00e1rmif\u00e9le egyeztet\u00e9st vagy konzult\u00e1ci\u00f3t folytasson. Magyar P\u00e9terrel nem lehet konzult\u00e1lni, Magyar P\u00e9terrel nem lehet besz\u00e9lgetni, nemcsak az\u00e9rt, mert nem is akarunk, hanem mert ez fogalmi k\u00e9ptelens\u00e9g\u201d \u2013 jelentette ki.<\/p>\n<p>Felmer\u00fclhet a k\u00e9rd\u00e9s, hogy a kor\u00e1bbi tapasztalatok alapj\u00e1n ha egy p\u00e1rton bel\u00fcl k\u00f6r\u00f6k, klikkek, platformok, kezdem\u00e9nyez\u00e9sek indultak, abb\u00f3l \u00e1ltal\u00e1ban egy \u00faj p\u00e1rt sz\u00fcletett \u2013 fenyegetheti-e p\u00e1rtszakad\u00e1s a Fideszt?<\/p>\n<p>\u201eA Fideszben semmif\u00e9le platform nem alakult. Miniszter \u00far\u00e9k kezdem\u00e9nyez\u00e9s\u00e9nek semmi k\u00f6ze nincs a Fideszhez, az semmilyen form\u00e1ban nem \u00e9rinti a Fidesz politik\u00e1j\u00e1t, szervezet\u00e9t, k\u00fcldet\u00e9s\u00e9t. Ez teljesen a p\u00e1rtkereteken k\u00edv\u00fcl szervez\u0151dik, teh\u00e1t m\u00e1r csak ez\u00e9rt sem lehet platformosod\u00e1sr\u00f3l besz\u00e9lni. \u00c9n nem is hiszem, hogy erre t\u00f6meges ig\u00e9ny lenne, nem nagyon hallottam m\u00e9g a Fideszben olyan szem\u00e9lyekr\u0151l, tagokr\u00f3l, akik \u00f6z\u00f6nlen\u00e9nek ebbe a kezdem\u00e9nyez\u00e9sbe. Az\u00e9rt azt is tegy\u00fck hozz\u00e1, hogy l\u00e1that\u00f3an a politikai t\u00faloldalon, a tisz\u00e1s oldalon sem arra van most ig\u00e9ny \u00e9s t\u00f6rekv\u00e9s, hogy vel\u00fcnk, jobboldaliakkal, a nemzeti oldallal p\u00e1rbesz\u00e9det folytassanak, hanem el akarnak benn\u00fcnket tiporni, le akarnak benn\u00fcnket m\u00e9sz\u00e1rolni, legal\u00e1bbis anyagilag, politikailag \u00e9s egzisztenci\u00e1lisan biztosan\u201d \u2013 mondta Havasi Bertalan.<\/p>\n<p>A cikk Herczeg Zsolt hanganyagai alapj\u00e1n k\u00e9sz\u00fclt.<\/p>\n","protected":false},"excerpt":{"rendered":"P\u00e1rbesz\u00e9dre van sz\u00fcks\u00e9g Magyarorsz\u00e1g m\u00faltj\u00e1r\u00f3l \u00e9s j\u00f6v\u0151j\u00e9r\u0151l \u2013 ezzel hirdette meg a Polg\u00e1ri Demokrat\u00e1k nev\u0171 kezdem\u00e9nyez\u00e9st augusztus 20-\u00e1n&hellip;\n","protected":false},"author":2,"featured_media":220527,"comment_status":"","ping_status":"","sticky":false,"template":"","format":"standard","meta":{"footnotes":"","_share_on_mastodon":"0"},"categories":[33],"tags":[38,28005,35,37,44,42,40,43,41,1753,34,10425,58182,36,39],"class_list":["post-220526","post","type-post","status-publish","format-standard","has-post-thumbnail","category-hirek","tag-focimek","tag-havasi-bertalan","tag-headlines","tag-hirek","tag-hu","tag-hungarian","tag-hungary","tag-magyar","tag-magyarorszag","tag-navracsics-tibor","tag-news","tag-parbeszed","tag-polgari-demokratak","tag-top-stories","tag-vezeto-hirek"],"share_on_mastodon":{"url":"https:\/\/pubeurope.com\/@hu\/117156426808108498","error":""},"_links":{"self":[{"href":"https:\/\/www.europesays.com\/hu\/wp-json\/wp\/v2\/posts\/220526","targetHints":{"allow":["GET"]}}],"collection":[{"href":"https:\/\/www.europesays.com\/hu\/wp-json\/wp\/v2\/posts"}],"about":[{"href":"https:\/\/www.europesays.com\/hu\/wp-json\/wp\/v2\/types\/post"}],"author":[{"embeddable":true,"href":"https:\/\/www.europesays.com\/hu\/wp-json\/wp\/v2\/users\/2"}],"replies":[{"embeddable":true,"href":"https:\/\/www.europesays.com\/hu\/wp-json\/wp\/v2\/comments?post=220526"}],"version-history":[{"count":0,"href":"https:\/\/www.europesays.com\/hu\/wp-json\/wp\/v2\/posts\/220526\/revisions"}],"wp:featuredmedia":[{"embeddable":true,"href":"https:\/\/www.europesays.com\/hu\/wp-json\/wp\/v2\/media\/220527"}],"wp:attachment":[{"href":"https:\/\/www.europesays.com\/hu\/wp-json\/wp\/v2\/media?parent=220526"}],"wp:term":[{"taxonomy":"category","embeddable":true,"href":"https:\/\/www.europesays.com\/hu\/wp-json\/wp\/v2\/categories?post=220526"},{"taxonomy":"post_tag","embeddable":true,"href":"https:\/\/www.europesays.com\/hu\/wp-json\/wp\/v2\/tags?post=220526"}],"curies":[{"name":"wp","href":"https:\/\/api.w.org\/{rel}","templated":true}]}}