{"id":220885,"date":"2026-08-25T19:26:07","date_gmt":"2026-08-25T19:26:07","guid":{"rendered":"https:\/\/www.europesays.com\/hu\/220885\/"},"modified":"2026-08-25T19:26:07","modified_gmt":"2026-08-25T19:26:07","slug":"index-kultur-folytatast-kaphat-a-ketezres-evek-ikonikus-romantikus-vigjateka","status":"publish","type":"post","link":"https:\/\/www.europesays.com\/hu\/220885\/","title":{"rendered":"Index &#8211; Kult\u00far &#8211; Folytat\u00e1st kaphat a k\u00e9tezres \u00e9vek ikonikus romantikus v\u00edgj\u00e1t\u00e9ka"},"content":{"rendered":"<p>Folytat\u00e1st kaphat a k\u00e9tezres \u00e9vek egyik ikonikus romkomja (romantikus kom\u00e9di\u00e1ja), a Hogyan vesz\u00edts\u00fcnk el egy pasit 10 nap alatt. A Kate Hudson \u00e9s Matthew McConaughey f\u0151szerepl\u00e9s\u00e9vel k\u00e9sz\u00fclt film m\u00e1sodik r\u00e9sze m\u00e9g a korai szakaszban tart, a <a href=\"https:\/\/variety.com\/2026\/film\/news\/how-to-lose-a-guy-in-10-days-sequel-kate-hudson-paramount-1236839807\/?utm_id=97758_v0_s00_e0_tv4_a1demo0htc1t2h&amp;fbclid=IwY2xjawT6kgxwZG9mBWV4dG4DYWVtAjEwAGJyaWQRMUFLdVpEYVZxdWFhUlJKUVBzcnRjBmFwcF9pZBAyMjIwMzkxNzg4MjAwODkyAAEeutcIqzP6mx8jsnh4ELC65obMf3MxMy_UTrLkoxnW4JbuGIPErGT7oCOfaiY_aem_6nAm8U8_xljvkUavOQdRdw\" id=\"hyperlink_4250ad2b3008c4862d4c4e1d91767f17\" rel=\"nofollow noopener\" target=\"_blank\">Variety<\/a> inform\u00e1ci\u00f3i szerint Kate Hudson producerk\u00e9nt csatlakozik a projekthez.<\/p>\n<p>A lap inform\u00e1ci\u00f3i szerint a szereposzt\u00e1s \u00e9s t\u00f6bb kulcsfontoss\u00e1g\u00fa alkot\u00f3i poz\u00edci\u00f3 sincs egyel\u0151re bet\u00f6ltve. A st\u00fadi\u00f3 \u00e9s az alkot\u00f3k szeretn\u00e9k, ha Hudson mellett eredeti partnere, Matthew McConaughey is visszat\u00e9rne a folytat\u00e1sban, \u00e1m a v\u00e9gleges szereposzt\u00e1s a forgat\u00f3k\u00f6nyv ir\u00e1ny\u00e1t\u00f3l f\u00fcgg majd. Jelenleg \u00e9pp forgat\u00f3k\u00f6nyv\u00edr\u00f3t keresnek a projekthez.<\/p>\n<p>Kate Hudson mellett\u00a0Stacey Sher is producerk\u00e9nt dolgozik majd a filmen, saj\u00e1t produkci\u00f3s c\u00e9ge, a Shiny Penny r\u00e9v\u00e9n. Sher kor\u00e1bbi munk\u00e1i k\u00f6z\u00fcl kiemelkedik a Ponyvareg\u00e9ny, a Gattaca, az Erin Brockovich\u00a0\u00e9s a Django elszabadul.<\/p>\n<p>Hollywoodot jelenleg el\u00e1rasztja az ezredfordul\u00f3 ut\u00e1ni \u00e9vek ir\u00e1nti nosztalgia. Id\u00e9n m\u00e1r t\u00f6bb feldolgoz\u00e1s is komoly kasszasikert aratott: <a href=\"https:\/\/index.hu\/kultur\/cinematrix\/2026\/04\/30\/az-ordog-pradat-visel-2-kritika\/\" id=\"hyperlink_abd8b0e83593311e379d59e7a6aa94c2\" target=\"_blank\" title=\"F\u00e9lt\u00fcnk t\u0151le, pedig zseni\u00e1lis lett Az \u00f6rd\u00f6g Prad\u00e1t visel 2\" rel=\"nofollow noopener\">Az \u00f6rd\u00f6g Prad\u00e1t visel 2<\/a>, a <a href=\"https:\/\/index.hu\/kultur\/cinematrix\/2026\/06\/06\/horrorra-akadva-film-parodia-horror-marlon-wayans-sikoly-vigjatek\/\" id=\"hyperlink_d89584e7068ef15b8dab5cdb392e65f1\" target=\"_blank\" title=\"Drogok, rasszizmus \u00e9s v\u00e9res nyal\u00e1nks\u00e1gok \u2013 teljesen elborult lett az \u00faj Horrorra akadva\" rel=\"nofollow noopener\">Horrorra akadva<\/a> \u00e9s a <a href=\"https:\/\/index.hu\/kultur\/cinematrix\/2026\/06\/19\/toy-story-5-mozi-film-pixar-disney-animacios-drama-mese-kritika\/\" id=\"hyperlink_3dc2191e6e402c6bfc600ccb391bebfc\" target=\"_blank\" title=\"Fel\u00e9r egy gyerekkori traum\u00e1val, olyan kegyetlen\u00fcl rossz lett az \u00faj Toy Story-film\" rel=\"nofollow noopener\">Toy Story 5<\/a> is.\u00a0<\/p>\n<p>Ha valaki esetleg nem eml\u00e9kezne r\u00e1, annak felid\u00e9zz\u00fck: a 2003-as filmben egy n\u0151i magazin \u00fajs\u00e1g\u00edr\u00f3ja, Andie Anderson azt a feladatot kapja, hogy cs\u00e1b\u00edtson el egy f\u00e9rfit, majd tudatosan tegye r\u00e9m\u00e1lomm\u00e1 a kapcsolatukat, m\u00e9ghozz\u00e1 t\u00edz nap alatt. A szerencs\u00e9s kiv\u00e1lasztott Ben Barry, egy macs\u00f3 rekl\u00e1m\u00fcgyn\u00f6k lesz, aki mit sem sejtve Andy terv\u00e9r\u0151l\u00a0fogad\u00e1st k\u00f6t a f\u0151n\u00f6k\u00e9vel \u2013 egy sokat \u00edg\u00e9r\u0151 megb\u00edz\u00e1s miatt \u2013, hogy b\u00e1rmelyik n\u0151t meg tudja h\u00f3d\u00edtani.\u00a0<\/p>\n<p>\n                          (Bor\u00edt\u00f3k\u00e9p: Kate Hudson \u00e9s Matthew McConaughey a Hogyan vesz\u00edts\u00fcnk el egy pasit 10 nap alatt? c\u00edm\u0171 film egyik jelenet\u00e9ben. Fot\u00f3: Paramount \/ ZUMA Press \/ Northfoto)\u00a0\n                        <\/p>\n<p><a href=\"https:\/\/dex.hu\/x.php?id=googlepref_desktop&amp;url=https:\/\/google.com\/preferences\/source?q=https:\/\/index.hu\" class=\"google-pref-banner \" id=\"googlePrefBanner\" rel=\"nofollow noopener\" target=\"_blank\"><\/p>\n<p>    Itt \u00e1ll\u00edtsa be, hogy az Index az els\u0151k k\u00f6z\u00f6tt legyen a Google-tal\u00e1latokban!<\/p>\n<p><\/a><\/p>\n<p>    <img decoding=\"async\" src=\"https:\/\/index.hu\/assets\/images\/social-follow\/logo-big.svg\" alt=\"Index.hu logo\"\/><\/p>\n<p>K\u00f6vesse az Indexet Facebookon is!<\/p>\n<p>    <a href=\"https:\/\/facebook.com\/Indexhu\" target=\"_blank\" rel=\"nofollow noopener\"><\/p>\n<p>        K\u00f6vetem!<br \/>\n    <\/a><\/p>\n","protected":false},"excerpt":{"rendered":"Folytat\u00e1st kaphat a k\u00e9tezres \u00e9vek egyik ikonikus romkomja (romantikus kom\u00e9di\u00e1ja), a Hogyan vesz\u00edts\u00fcnk el egy pasit 10 nap&hellip;\n","protected":false},"author":2,"featured_media":220886,"comment_status":"","ping_status":"","sticky":false,"template":"","format":"standard","meta":{"footnotes":"","_share_on_mastodon":"0"},"categories":[16],"tags":[151,137,4520,57622,44,42,40,1000,150,43,41,11095,138],"class_list":["post-220885","post","type-post","status-publish","format-standard","has-post-thumbnail","category-szorakozas","tag-ce-femina","tag-entertainment","tag-folytatas","tag-hogyan-veszitsunk-el-egy-pasit-10-nap-alatt","tag-hu","tag-hungarian","tag-hungary","tag-kate-hudson","tag-kultur","tag-magyar","tag-magyarorszag","tag-matthew-mcconaughey","tag-szorakozas"],"share_on_mastodon":{"url":"https:\/\/pubeurope.com\/@hu\/117157795542652837","error":""},"_links":{"self":[{"href":"https:\/\/www.europesays.com\/hu\/wp-json\/wp\/v2\/posts\/220885","targetHints":{"allow":["GET"]}}],"collection":[{"href":"https:\/\/www.europesays.com\/hu\/wp-json\/wp\/v2\/posts"}],"about":[{"href":"https:\/\/www.europesays.com\/hu\/wp-json\/wp\/v2\/types\/post"}],"author":[{"embeddable":true,"href":"https:\/\/www.europesays.com\/hu\/wp-json\/wp\/v2\/users\/2"}],"replies":[{"embeddable":true,"href":"https:\/\/www.europesays.com\/hu\/wp-json\/wp\/v2\/comments?post=220885"}],"version-history":[{"count":0,"href":"https:\/\/www.europesays.com\/hu\/wp-json\/wp\/v2\/posts\/220885\/revisions"}],"wp:featuredmedia":[{"embeddable":true,"href":"https:\/\/www.europesays.com\/hu\/wp-json\/wp\/v2\/media\/220886"}],"wp:attachment":[{"href":"https:\/\/www.europesays.com\/hu\/wp-json\/wp\/v2\/media?parent=220885"}],"wp:term":[{"taxonomy":"category","embeddable":true,"href":"https:\/\/www.europesays.com\/hu\/wp-json\/wp\/v2\/categories?post=220885"},{"taxonomy":"post_tag","embeddable":true,"href":"https:\/\/www.europesays.com\/hu\/wp-json\/wp\/v2\/tags?post=220885"}],"curies":[{"name":"wp","href":"https:\/\/api.w.org\/{rel}","templated":true}]}}