{"id":220907,"date":"2026-08-25T19:46:09","date_gmt":"2026-08-25T19:46:09","guid":{"rendered":"https:\/\/www.europesays.com\/hu\/220907\/"},"modified":"2026-08-25T19:46:09","modified_gmt":"2026-08-25T19:46:09","slug":"telex-16-eves-fiut-gyanusitanak-egy-kutya-osszedrotozasaval-es-kidobasaval","status":"publish","type":"post","link":"https:\/\/www.europesays.com\/hu\/220907\/","title":{"rendered":"Telex: 16 \u00e9ves fi\u00fat gyan\u00fas\u00edtanak egy kutya \u00f6sszedr\u00f3toz\u00e1s\u00e1val \u00e9s kidob\u00e1s\u00e1val"},"content":{"rendered":"<p><a href=\"https:\/\/telex.hu\/szerzo\/molnar-zoltan\" class=\"author__avatar\" rel=\"nofollow noopener\" target=\"_blank\"><img decoding=\"async\" src=\"https:\/\/www.europesays.com\/hu\/wp-content\/uploads\/2026\/08\/1787687169_480_1711644250-temp-hjhEbk_avatar@4x.jpg\" alt=\"Moln\u00e1r Zolt\u00e1n\" class=\"avatar\" loading=\"lazy\"\/><\/a><\/p>\n<p>\u00c1ll\u00edtsd be a Telexet megb\u00edzhat\u00f3 forr\u00e1snak!<\/p>\n<p>Egy 16 \u00e9ves fi\u00fa k\u00ednozhatta meg a kuty\u00e1t, amit p\u00e1r hete tal\u00e1ltak a Hern\u00e1d ment\u00e9n kajakosok Hern\u00e1dc\u00e9ce t\u00e9rs\u00e9g\u00e9ben \u2013 der\u00fclt ki az <a href=\"https:\/\/rtl.hu\/hirado\/2026\/08\/25\/rtl-egy-16-eves-fiu-kothette-zsakba-es-drotozhatta-ossze-a-hernad-partjan-talalt-kutyat\" target=\"_blank\" rel=\"nofollow noopener\">RTL H\u00edrad\u00f3<\/a> riportj\u00e1b\u00f3l. A kuty\u00e1t \u00f6sszek\u00f6t\u00f6zve egy zs\u00e1kban hagyta a fi\u00fa, aki szerint a kutya beteg volt, ez\u00e9rt akart megszabadulni t\u0151le.<\/p>\n<p>A megtal\u00e1lt kutya h\u00fas\u00e1ba v\u00e1gott a dr\u00f3t, az iszapba volt s\u00fcllyedve megtal\u00e1l\u00e1sakor. Janas\u00f3czki Attila, a borsodi rend\u0151rs\u00e9g sz\u00f3viv\u0151je szerint k\u00e9t h\u00e9ten bel\u00fcl kider\u00edtett\u00e9k, ki lehetett az elk\u00f6vet\u0151. A fi\u00faval az RTL tudott p\u00e1r sz\u00f3t besz\u00e9lni, a gyan\u00fas\u00edtott azt mondta, a kutya h\u00e1nyt, \u00e9s att\u00f3l f\u00e9lt, hogy megfert\u0151zi a kistestv\u00e9r\u00e9t.<\/p>\n<p>A kutya l\u00e1bait v\u00e9g\u00fcl nem kellett amput\u00e1lni, a veresegyh\u00e1zi \u00e1llatk\u00f3rh\u00e1zba ker\u00fclt, hossz\u00fa rehabilit\u00e1ci\u00f3 v\u00e1r r\u00e1. A gyan\u00fas\u00edtott magyar\u00e1zat\u00e1t gyeng\u00edti, hogy a kuty\u00e1ban nem volt fert\u0151z\u0151 betegs\u00e9g, b\u00e1r bolh\u00e1s \u00e9s f\u00e9rges volt. A helyiek szerint a kuty\u00e1t m\u00e1r t\u00f6bbsz\u00f6r kirakta a fi\u00fa csal\u00e1dja, de nem tudtak megszabadulni t\u0151le, az folyton hazat\u00e9rt.<\/p>\n<p>Partnereinkt\u0151l<\/p>\n<p>\u00c1ll\u00edtsd be a Telexet megb\u00edzhat\u00f3 forr\u00e1snak!<\/p>\n<p>K\u00f6vess minket Facebookon is!<\/p>\n<p> Tov\u00e1bbi \u00e9l\u0151 \u00e1rfolyamok! <\/p>\n","protected":false},"excerpt":{"rendered":"\u00c1ll\u00edtsd be a Telexet megb\u00edzhat\u00f3 forr\u00e1snak! Egy 16 \u00e9ves fi\u00fa k\u00ednozhatta meg a kuty\u00e1t, amit p\u00e1r hete tal\u00e1ltak&hellip;\n","protected":false},"author":2,"featured_media":220908,"comment_status":"","ping_status":"","sticky":false,"template":"","format":"standard","meta":{"footnotes":"","_share_on_mastodon":"0"},"categories":[6],"tags":[3525,80,6839,59281,44,42,40,917,43,41],"class_list":["post-220907","post","type-post","status-publish","format-standard","has-post-thumbnail","category-magyarorszag","tag-allatkinzas","tag-belfold","tag-hernad","tag-hernadcece","tag-hu","tag-hungarian","tag-hungary","tag-kutya","tag-magyar","tag-magyarorszag"],"share_on_mastodon":{"url":"https:\/\/pubeurope.com\/@hu\/117157873919110723","error":""},"_links":{"self":[{"href":"https:\/\/www.europesays.com\/hu\/wp-json\/wp\/v2\/posts\/220907","targetHints":{"allow":["GET"]}}],"collection":[{"href":"https:\/\/www.europesays.com\/hu\/wp-json\/wp\/v2\/posts"}],"about":[{"href":"https:\/\/www.europesays.com\/hu\/wp-json\/wp\/v2\/types\/post"}],"author":[{"embeddable":true,"href":"https:\/\/www.europesays.com\/hu\/wp-json\/wp\/v2\/users\/2"}],"replies":[{"embeddable":true,"href":"https:\/\/www.europesays.com\/hu\/wp-json\/wp\/v2\/comments?post=220907"}],"version-history":[{"count":0,"href":"https:\/\/www.europesays.com\/hu\/wp-json\/wp\/v2\/posts\/220907\/revisions"}],"wp:featuredmedia":[{"embeddable":true,"href":"https:\/\/www.europesays.com\/hu\/wp-json\/wp\/v2\/media\/220908"}],"wp:attachment":[{"href":"https:\/\/www.europesays.com\/hu\/wp-json\/wp\/v2\/media?parent=220907"}],"wp:term":[{"taxonomy":"category","embeddable":true,"href":"https:\/\/www.europesays.com\/hu\/wp-json\/wp\/v2\/categories?post=220907"},{"taxonomy":"post_tag","embeddable":true,"href":"https:\/\/www.europesays.com\/hu\/wp-json\/wp\/v2\/tags?post=220907"}],"curies":[{"name":"wp","href":"https:\/\/api.w.org\/{rel}","templated":true}]}}