{"id":221047,"date":"2026-08-25T22:14:08","date_gmt":"2026-08-25T22:14:08","guid":{"rendered":"https:\/\/www.europesays.com\/hu\/221047\/"},"modified":"2026-08-25T22:14:08","modified_gmt":"2026-08-25T22:14:08","slug":"kult-25-eve-tragikusan-fiatalon-halt-meg-aaliyah-az-rnb-ustokose","status":"publish","type":"post","link":"https:\/\/www.europesays.com\/hu\/221047\/","title":{"rendered":"Kult: 25 \u00e9ve tragikusan fiatalon halt meg Aaliyah, az R\u2019n\u2019B \u00fcst\u00f6k\u00f6se"},"content":{"rendered":"<p>Augusztus 25-\u00e9n, pontosan 25 \u00e9vvel ezel\u0151tt halt meg rep\u00fcl\u0151balesetben Aaliyah Dana Haughton, m\u0171v\u00e9sznev\u00e9n Aaliyah. Az akkor m\u00e9g csak 22 \u00e9ves R\u2019n\u2019B \u00e9nekesn\u0151 g\u00e9pe <a href=\"https:\/\/hvg.hu\/kultura\/20110825_ot_nap_amikor_meghalt_zene\" target=\"_self\" rel=\"nofollow noopener\">a bahamai szigetvil\u00e1gban zuhant le<\/a>.<\/p>\n<p>Fiatal kora ellen\u00e9re 2001-re m\u00e1r t\u00f6bb Grammy-jel\u00f6l\u00e9st tudhatott mag\u00e1\u00e9nak. M\u00e9g 15 \u00e9ves kor\u00e1ban kezdte el \u201ementor\u00e1lni\u201d R. Kelly rapper-producer, \u00e9s m\u00e1r az els\u0151 lemeze, az Age Ain\u2019t Nothing but a Number (A kor csak egy sz\u00e1m) is hatalmas siker volt, aminek a h\u00e1tter\u00e9ben ugyanakkor egy s\u00falyos mag\u00e1n\u00e9leti botr\u00e1ny is kibontakozott.<\/p>\n<p> <a href=\"https:\/\/www.youtube.com\/watch?v=rRwhm-B6yNI&amp;list=RDrRwhm-B6yNI&amp;start_radio=1\" target=\"_blank\" rel=\"nofollow noopener\"> <\/p>\n<p><iframe loading=\"lazy\" title=\"Aaliyah - Age Ain&amp;apos;t Nothing But A Number (Official HD Video)\" width=\"1200\" height=\"900\" src=\"https:\/\/www.youtube.com\/embed\/rRwhm-B6yNI?feature=oembed\" frameborder=\"0\" allow=\"accelerometer; autoplay; clipboard-write; encrypted-media; gyroscope; picture-in-picture; web-share\" referrerpolicy=\"strict-origin-when-cross-origin\" allowfullscreen><\/iframe><\/p>\n<p><a href=\"https:\/\/hvg.hu\/elet\/20210821_r_kelly_szexualis_buncselekmeny_aaliyah\" target=\"_self\" rel=\"nofollow noopener\">Mint kider\u00fclt<\/a>, R. Kelly hamis szem\u00e9lyit akart csin\u00e1ltatni az akkor m\u00e9g kamaszkor\u00fa \u00e9nekesn\u0151nek, hogy feles\u00e9g\u00fcl vehesse \u2013 a f\u00e9rfi ekkor 27 \u00e9ves volt \u2013, \u00e9s ennek \u00e9rdek\u00e9ben egy korm\u00e1nyzati dolgoz\u00f3t is megvesztegetett. Minderre \u00e1ll\u00edt\u00f3lag azut\u00e1n ker\u00fclt sor, hogy Aaliyah bejelentette: gyereket v\u00e1r. A h\u00e1zass\u00e1got n\u00e9h\u00e1ny h\u00f3nappal k\u00e9s\u0151bb \u00e9rv\u00e9nytelen\u00edtett\u00e9k, a dokumentum \u2013 amely szerint a l\u00e1ny 18 \u00e9ves volt \u2013 ugyanis kisziv\u00e1rgott. K\u00f6zel <a href=\"https:\/\/hvg.hu\/elet\/20210821_r_kelly_szexualis_buncselekmeny_aaliyah\" target=\"_self\" rel=\"nofollow noopener\">h\u00fasz \u00e9vvel k\u00e9s\u0151bb<\/a> R. Kellyt <a href=\"https:\/\/hvg.hu\/elet\/20220629_harminc_ev_borton_r_kelly\" target=\"_self\" rel=\"nofollow noopener\">harminc \u00e9v b\u00f6rt\u00f6nre \u00edt\u00e9lt\u00e9k<\/a> szexu\u00e1lis b\u00e1ntalmaz\u00e1sok, zaklat\u00e1sok miatt, amelyekben kiskor\u00faak is \u00e9rintettek voltak, valamint szexu\u00e1lis c\u00e9lzat\u00fa emberkereskedelemben val\u00f3 r\u00e9szv\u00e9tel miatt. <\/p>\n<p> <a href=\"https:\/\/hvg.hu\/elet\/20211016_R_Kelly_birosag_targyalas_szexualis_eroszak_bantalmazas\" target=\"_self\" rel=\"nofollow noopener\"> <\/p>\n<p>https:\/\/hvg.hu\/elet\/20211016_R_Kelly_birosag_targyalas_szexualis_eroszak_bantalmazas<\/p>\n<p>Aaliyah k\u00e9s\u0151bb \u00e1tigazolt az Atlantic Recordshoz, majd a zene mellett sz\u00edn\u00e9szi bab\u00e9rokra t\u00f6rt. Az\u00a0\u00d6ld meg R\u00f3me\u00f3t\u00a0c\u00edm\u0171 Jet Li-filmben kapott f\u0151szerepet, melynek bet\u00e9tdal\u00e1t is az \u00e9nekesn\u0151 jegyezte. A\u00a0Try again\u00a0v\u00e9g\u00fcl nagyobb siker lett, mint a mozi, de Aaliyah\u00e9rt odavolt Hollywood. A filmez\u00e9s mellett 2001-ben a sl\u00e1gergy\u00e1rt\u00e1sba is \u00fajra belekezdett; a\u00a0Rock the boat\u00a0c\u00edm\u0171 klipj\u00e9hez t\u00edz \u00e9ve k\u00e9sz\u00edtett\u00e9k a felv\u00e9teleket, \u00e1m a klip posztumusz m\u0171v\u00e9 lett.<\/p>\n<p> <a href=\"https:\/\/www.youtube.com\/watch?v=3HSJU5fDg0A&amp;list=RD3HSJU5fDg0A&amp;start_radio=1\" target=\"_blank\" rel=\"nofollow noopener\"> <\/p>\n<p><iframe loading=\"lazy\" title=\"Aaliyah - Rock The Boat (Original Video)\" width=\"1200\" height=\"675\" src=\"https:\/\/www.youtube.com\/embed\/3HSJU5fDg0A?feature=oembed\" frameborder=\"0\" allow=\"accelerometer; autoplay; clipboard-write; encrypted-media; gyroscope; picture-in-picture; web-share\" referrerpolicy=\"strict-origin-when-cross-origin\" allowfullscreen><\/iframe><\/p>\n","protected":false},"excerpt":{"rendered":"Augusztus 25-\u00e9n, pontosan 25 \u00e9vvel ezel\u0151tt halt meg rep\u00fcl\u0151balesetben Aaliyah Dana Haughton, m\u0171v\u00e9sznev\u00e9n Aaliyah. Az akkor m\u00e9g csak&hellip;\n","protected":false},"author":2,"featured_media":221048,"comment_status":"","ping_status":"","sticky":false,"template":"","format":"standard","meta":{"footnotes":"","_share_on_mastodon":"0"},"categories":[16],"tags":[59309,137,44,42,40,43,41,50673,138,177],"class_list":["post-221047","post","type-post","status-publish","format-standard","has-post-thumbnail","category-szorakozas","tag-aaliyah","tag-entertainment","tag-hu","tag-hungarian","tag-hungary","tag-magyar","tag-magyarorszag","tag-r-kelly","tag-szorakozas","tag-zene"],"share_on_mastodon":{"url":"https:\/\/pubeurope.com\/@hu\/117158455984076644","error":""},"_links":{"self":[{"href":"https:\/\/www.europesays.com\/hu\/wp-json\/wp\/v2\/posts\/221047","targetHints":{"allow":["GET"]}}],"collection":[{"href":"https:\/\/www.europesays.com\/hu\/wp-json\/wp\/v2\/posts"}],"about":[{"href":"https:\/\/www.europesays.com\/hu\/wp-json\/wp\/v2\/types\/post"}],"author":[{"embeddable":true,"href":"https:\/\/www.europesays.com\/hu\/wp-json\/wp\/v2\/users\/2"}],"replies":[{"embeddable":true,"href":"https:\/\/www.europesays.com\/hu\/wp-json\/wp\/v2\/comments?post=221047"}],"version-history":[{"count":0,"href":"https:\/\/www.europesays.com\/hu\/wp-json\/wp\/v2\/posts\/221047\/revisions"}],"wp:featuredmedia":[{"embeddable":true,"href":"https:\/\/www.europesays.com\/hu\/wp-json\/wp\/v2\/media\/221048"}],"wp:attachment":[{"href":"https:\/\/www.europesays.com\/hu\/wp-json\/wp\/v2\/media?parent=221047"}],"wp:term":[{"taxonomy":"category","embeddable":true,"href":"https:\/\/www.europesays.com\/hu\/wp-json\/wp\/v2\/categories?post=221047"},{"taxonomy":"post_tag","embeddable":true,"href":"https:\/\/www.europesays.com\/hu\/wp-json\/wp\/v2\/tags?post=221047"}],"curies":[{"name":"wp","href":"https:\/\/api.w.org\/{rel}","templated":true}]}}