{"id":221771,"date":"2026-08-26T13:25:13","date_gmt":"2026-08-26T13:25:13","guid":{"rendered":"https:\/\/www.europesays.com\/hu\/221771\/"},"modified":"2026-08-26T13:25:13","modified_gmt":"2026-08-26T13:25:13","slug":"index-gazdasag-a-propagandatol-a-vasutepitesig-ner-es-allami-megbizasokbol-termelt-gigaprofitot-egy-hevesi-ceg","status":"publish","type":"post","link":"https:\/\/www.europesays.com\/hu\/221771\/","title":{"rendered":"Index &#8211; Gazdas\u00e1g &#8211; A propagand\u00e1t\u00f3l a vas\u00fat\u00e9p\u00edt\u00e9sig: NER-es \u00e1llami megb\u00edz\u00e1sokb\u00f3l termelt gigaprofitot egy hevesi c\u00e9g"},"content":{"rendered":"<p>                <a href=\"https:\/\/index.hu\/szerzo\/olah_zsanett\" rel=\"nofollow noopener\" target=\"_blank\"><br \/>\n                        <img decoding=\"async\" class=\"szerzo-kep\" src=\"https:\/\/www.europesays.com\/hu\/wp-content\/uploads\/2026\/08\/1787750713_863_68042483_5023425_6c25dbf93ee8e9917e996ebccc7002db_wm.jpg\" alt=\"Ol\u00e1h Zsanett\"\/><br \/>\n                <\/a><\/p>\n<p>        2026.08.26. 11:55<br \/>\n            M\u00f3dos\u00edtva: 2026.08.26. 11:55<\/p>\n<p>\n                Egy hevesi vas\u00fat\u00e9p\u00edt\u0151 c\u00e9g a M\u00e9sz\u00e1ros L\u0151rinc \u00e9rdekelts\u00e9g\u00e9be tartoz\u00f3 V-H\u00eddn\u00e1l is magasabb profitr\u00e1t\u00e1t \u00e9rt el, mik\u00f6zben a hozz\u00e1 k\u00f6thet\u0151 v\u00e1llalkoz\u00e1sok helyi korm\u00e1nybar\u00e1t m\u00e9di\u00e1ban \u00e9s \u00e1llami megrendel\u00e9sekben is \u00e9rdekeltek. A c\u00e9gh\u00e1l\u00f3 egy helyi propagandakiadv\u00e1nyt\u00f3l eg\u00e9szen a milli\u00e1rdos \u00e1llami vas\u00fat\u00e9p\u00edt\u00e9si megb\u00edz\u00e1sokig vezet.            <\/p>\n<p>Egy hevesi vas\u00fat\u00e9p\u00edt\u0151 c\u00e9g az elm\u00falt \u00e9vekben olyan magas nyeres\u00e9gr\u00e1t\u00e1val m\u0171k\u00f6d\u00f6tt, hogy azt m\u00e9g a M\u00e9sz\u00e1ros L\u0151rinc \u00e9rdekelts\u00e9g\u00e9be tartoz\u00f3 V-H\u00edd is megirigyelhette \u2013 \u00edrja a <a href=\"https:\/\/444.hu\/2026\/08\/26\/meszaros-lorincet-is-verte-nyeresegrataban-egy-hevesi-vasutepito-ceg-amely-mellekesen-fideszes-propagandat-is-gyart\" id=\"hyperlink_736a023a0ad9e67d561d8b3e76ce1412\" rel=\"nofollow noopener\" target=\"_blank\">444<\/a>. A lap egy olyan c\u00e9gh\u00e1l\u00f3t t\u00e1rt fel, amely egy helyi, korm\u00e1nybar\u00e1t \u00fczeneteket terjeszt\u0151 port\u00e1lt\u00f3l \u00e9s kamp\u00e1nykiadv\u00e1nyokt\u00f3l egy jelent\u0151s \u00e1llami megrendel\u00e9seket teljes\u00edt\u0151 vas\u00fat\u00e9p\u00edt\u0151 v\u00e1llalkoz\u00e1sig vezet.<\/p>\n<p>A t\u00f6rt\u00e9net egyik szerepl\u0151je a K\u00e9kes Online nev\u0171 Heves megyei port\u00e1l, amelynek kiad\u00f3ja a Graven Idol Kft., \u00fcgyvezet\u0151je pedig Zelei D\u00e1niel. A c\u00e9g a v\u00e1laszt\u00e1si kamp\u00e1nyban olyan kiadv\u00e1nyokat is jegyzett, amelyek a Tisza P\u00e1rt helyi jel\u00f6ltj\u00e9t, Kiss J\u00e1nost t\u00e1madt\u00e1k. A Graven Idol emellett rendszeresen nyert milli\u00f3s \u00f6nkorm\u00e1nyzati kommunik\u00e1ci\u00f3s \u00e9s marketingmegb\u00edz\u00e1sokat a t\u00e9rs\u00e9gben, t\u00f6bb olyan telep\u00fcl\u00e9sen is,<\/p>\n<p>amelyek a volt fideszes drog\u00fcgyi korm\u00e1nybiztos, Horv\u00e1th L\u00e1szl\u00f3 kor\u00e1bbi v\u00e1laszt\u00f3ker\u00fclet\u00e9hez tartoztak.<\/p>\n<p>A 444 szerint Zelei D\u00e1nielhez k\u00f6thet\u0151 a Zele-Bau Kft. is, amely m\u00e1r j\u00f3val nagyobb volumen\u0171 \u00e1llami beruh\u00e1z\u00e1sokban vesz r\u00e9szt. A v\u00e1llalkoz\u00e1s 2020 \u00e9s 2024 k\u00f6z\u00f6tt a M\u00c1V egyik le\u00e1nyv\u00e1llalat\u00e1val \u00f6sszesen 22,6 milli\u00e1rd forint \u00e9rt\u00e9kben k\u00f6t\u00f6tt szerz\u0151d\u00e9st. A G7 kor\u00e1bbi sz\u00e1m\u00edt\u00e1sa alapj\u00e1n a c\u00e9g ebben az id\u0151szakban megk\u00f6zel\u00edt\u0151leg 30 sz\u00e1zal\u00e9kos profitr\u00e1t\u00e1t \u00e9rt el, ami magasabb volt a M\u00e9sz\u00e1ros-f\u00e9le V-H\u00eddn\u00e1l is.<\/p>\n<p>A c\u00e9gh\u00e1l\u00f3hoz tov\u00e1bbi \u00fczleti \u00e9rdekelts\u00e9gek is kapcsol\u00f3dnak. A 444 szerint Zele S\u00e1ndorhoz trafikok is k\u00f6thet\u0151k, mik\u00f6zben kor\u00e1bban olyan ingatlan\u00fcgylet is t\u00f6rt\u00e9nt, amelyben Varga Mih\u00e1ly akkori p\u00e9nz\u00fcgyminiszter havi 150 ezer forint\u00e9rt b\u00e9relt egy 169 milli\u00f3 forint \u00e9rt\u00e9k\u0171, medenc\u00e9s balatoni luxusingatlant a Zele \u00e9rdekelts\u00e9g\u00e9be tartoz\u00f3 Gyenes Resort Kft.-t\u0151l. Varga \u00e9s feles\u00e9ge k\u00e9s\u0151bb egy\u00e9bk\u00e9nt megv\u00e1s\u00e1rolta az ingatlant.<\/p>\n<p>\n                          (Bor\u00edt\u00f3k\u00e9p: A k\u00e9p illusztr\u00e1ci\u00f3! Fot\u00f3:\u00a0johan10 \/ Getty Images)\n                        <\/p>\n<p><a href=\"https:\/\/dex.hu\/x.php?id=googlepref_desktop&amp;url=https:\/\/google.com\/preferences\/source?q=https:\/\/index.hu\" class=\"google-pref-banner \" id=\"googlePrefBanner\" rel=\"nofollow noopener\" target=\"_blank\"><\/p>\n<p>    Itt \u00e1ll\u00edtsa be, hogy az Index az els\u0151k k\u00f6z\u00f6tt legyen a Google-tal\u00e1latokban!<\/p>\n<p><\/a><\/p>\n<p>    <img decoding=\"async\" src=\"https:\/\/index.hu\/assets\/images\/social-follow\/logo-big.svg\" alt=\"Index.hu logo\"\/><\/p>\n<p>K\u00f6vesse az Indexet Facebookon is!<\/p>\n<p>    <a href=\"https:\/\/facebook.com\/Indexhu\" target=\"_blank\" rel=\"nofollow noopener\"><\/p>\n<p>        K\u00f6vetem!<br \/>\n    <\/a><\/p>\n","protected":false},"excerpt":{"rendered":"2026.08.26. 11:55 M\u00f3dos\u00edtva: 2026.08.26. 11:55 Egy hevesi vas\u00fat\u00e9p\u00edt\u0151 c\u00e9g a M\u00e9sz\u00e1ros L\u0151rinc \u00e9rdekelts\u00e9g\u00e9be tartoz\u00f3 V-H\u00eddn\u00e1l is magasabb profitr\u00e1t\u00e1t&hellip;\n","protected":false},"author":2,"featured_media":221772,"comment_status":"","ping_status":"","sticky":false,"template":"","format":"standard","meta":{"footnotes":"","_share_on_mastodon":"0"},"categories":[6],"tags":[152,8404,89,63,8962,44,42,40,43,41,2949,4862,1672],"class_list":["post-221771","post","type-post","status-publish","format-standard","has-post-thumbnail","category-magyarorszag","tag-ce-napi","tag-ceg","tag-fidesz","tag-gazdasag","tag-heves-megye","tag-hu","tag-hungarian","tag-hungary","tag-magyar","tag-magyarorszag","tag-meszaros-lorinc","tag-ner","tag-propaganda"],"share_on_mastodon":{"url":"https:\/\/pubeurope.com\/@hu\/117162038705491021","error":""},"_links":{"self":[{"href":"https:\/\/www.europesays.com\/hu\/wp-json\/wp\/v2\/posts\/221771","targetHints":{"allow":["GET"]}}],"collection":[{"href":"https:\/\/www.europesays.com\/hu\/wp-json\/wp\/v2\/posts"}],"about":[{"href":"https:\/\/www.europesays.com\/hu\/wp-json\/wp\/v2\/types\/post"}],"author":[{"embeddable":true,"href":"https:\/\/www.europesays.com\/hu\/wp-json\/wp\/v2\/users\/2"}],"replies":[{"embeddable":true,"href":"https:\/\/www.europesays.com\/hu\/wp-json\/wp\/v2\/comments?post=221771"}],"version-history":[{"count":0,"href":"https:\/\/www.europesays.com\/hu\/wp-json\/wp\/v2\/posts\/221771\/revisions"}],"wp:featuredmedia":[{"embeddable":true,"href":"https:\/\/www.europesays.com\/hu\/wp-json\/wp\/v2\/media\/221772"}],"wp:attachment":[{"href":"https:\/\/www.europesays.com\/hu\/wp-json\/wp\/v2\/media?parent=221771"}],"wp:term":[{"taxonomy":"category","embeddable":true,"href":"https:\/\/www.europesays.com\/hu\/wp-json\/wp\/v2\/categories?post=221771"},{"taxonomy":"post_tag","embeddable":true,"href":"https:\/\/www.europesays.com\/hu\/wp-json\/wp\/v2\/tags?post=221771"}],"curies":[{"name":"wp","href":"https:\/\/api.w.org\/{rel}","templated":true}]}}