{"id":221805,"date":"2026-08-26T13:54:11","date_gmt":"2026-08-26T13:54:11","guid":{"rendered":"https:\/\/www.europesays.com\/hu\/221805\/"},"modified":"2026-08-26T13:54:11","modified_gmt":"2026-08-26T13:54:11","slug":"index-gazdasag-jo-hirek-erkeztek-megterulhet-a-kormany-egyik-legnagyobb-beruhazasa","status":"publish","type":"post","link":"https:\/\/www.europesays.com\/hu\/221805\/","title":{"rendered":"Index &#8211; Gazdas\u00e1g &#8211; J\u00f3 h\u00edrek \u00e9rkeztek, megt\u00e9r\u00fclhet a korm\u00e1ny egyik legnagyobb beruh\u00e1z\u00e1sa"},"content":{"rendered":"<p>A Green Energy Investhor Zrt. (GEI) legfrissebb jelent\u00e9se szerint a hazai sz\u00e9lenergia-beruh\u00e1z\u00e1sok \u00fajraind\u00edt\u00e1s\u00e1hoz a h\u00e1l\u00f3zati kapacit\u00e1sok b\u0151v\u00edt\u00e9se mellett hiteles m\u00e9r\u00e9si adatokra \u00e9s val\u00f3ban el\u0151k\u00e9sz\u00edtett projektekre van sz\u00fcks\u00e9g. A c\u00e9g t\u00f6bb mint k\u00e9t \u00e9ve folyamatosan, a modern sz\u00e9lturbin\u00e1k m\u0171k\u00f6d\u00e9se szempontj\u00e1b\u00f3l relev\u00e1ns magass\u00e1gokban m\u00e9ri a sz\u00e9lviszonyokat a Kisalf\u00f6ld\u00f6n. A Vadosfa t\u00e9rs\u00e9g\u00e9ben v\u00e9gzett 24+ h\u00f3napos m\u00e9r\u00e9s alapj\u00e1n 130 m\u00e9teres magass\u00e1gban 6,9 m\u00e9ter per szekundum \u2013 azaz k\u00f6zel 25 kilom\u00e9ter per \u00f3r\u00e1s \u2013 \u00e1tlagos sz\u00e9lsebess\u00e9g \u00e9rt\u00e9k jellemz\u0151, ami a vizsg\u00e1lt t\u00e9rs\u00e9gben modern sz\u00e9lturbin\u00e1kkal \u00e9rdemi energiatermel\u00e9st tehet lehet\u0151v\u00e9.<\/p>\n<p>A t\u00f6bb\u00e9ves adatsor ugyanakkor arra is r\u00e1mutat, hogy a sz\u00e9lpotenci\u00e1l helysz\u00ednenk\u00e9nt \u00e9s id\u0151ben is jelent\u0151sen v\u00e1ltozhat, ez\u00e9rt a j\u00f6v\u0151beli hazai sz\u00e9ler\u0151m\u0171-fejleszt\u00e9sek siker\u00e9hez a h\u00e1l\u00f3zati lehet\u0151s\u00e9gek mellett megfelel\u0151 helysz\u00ednspecifikus m\u00e9r\u00e9si h\u00e1tt\u00e9rre \u00e9s t\u00e9nyleges projekt-el\u0151k\u00e9sz\u00edtetts\u00e9gre is sz\u00fcks\u00e9g van.<\/p>\n<p>                        Megt\u00e9r\u00fclhet<\/p>\n<p>A c\u00e9g 2024 tavasz\u00e1n ind\u00edtotta el hossz\u00fa t\u00e1v\u00fa sz\u00e9lm\u00e9r\u00e9si programj\u00e1t a Kisalf\u00f6ld\u00f6n, m\u00e9ghozz\u00e1 LiDAR-technol\u00f3gi\u00e1val, amely 40 \u00e9s 240 m\u00e9ter k\u00f6z\u00f6tt t\u00f6bb k\u00fcl\u00f6nb\u00f6z\u0151 magass\u00e1gban teszi lehet\u0151v\u00e9 a sz\u00e9lviszonyok vizsg\u00e1lat\u00e1t. A GEI \u00edgy nem felsz\u00ednk\u00f6zeli meteorol\u00f3giai adatokb\u00f3l k\u00f6vetkeztet a modern turbin\u00e1k sz\u00e1m\u00e1ra relev\u00e1ns sz\u00e9lviszonyokra, hanem k\u00f6zvetlen\u00fcl azokban a l\u00e9gr\u00e9tegekben m\u00e9ri a sz\u00e9l sebess\u00e9g\u00e9t \u00e9s ir\u00e1ny\u00e1t, ahol a sz\u00e9lturbin\u00e1k rotorjai t\u00e9nylegesen m\u0171k\u00f6dnek. A t\u00f6bb mint 24 h\u00f3napos adatsor 2026. m\u00e1jus 31-ig tart\u00f3 id\u0151szakot dolgozza fel, a m\u00e9r\u00e9s pedig tov\u00e1bb folytat\u00f3dik.<\/p>\n<p>A m\u00e9r\u00e9si eredm\u00e9nyek alapj\u00e1n a vizsg\u00e1lt t\u00e9rs\u00e9gben modern sz\u00e9lturbin\u00e1kn\u00e1l \u00e9vi 2600-3000 \u00f3ra t\u00e9nyleges energiatermel\u00e9si id\u0151 lehet re\u00e1lis, ami hozz\u00e1vet\u0151leg 30-34 sz\u00e1zal\u00e9kos \u00e9ves kihaszn\u00e1l\u00e1snak felel meg.<\/p>\n<p>Egy 7 megawatt n\u00e9vleges teljes\u00edtm\u00e9ny\u0171 modern sz\u00e9lturbina eset\u00e9ben ez legal\u00e1bb \u00e9vi 18 gigawatt\u00f3r\u00e1s villamosenergia-termel\u00e9st jelenthet, ami a jelenlegi hazai \u00e1tlagos fogyaszt\u00e1ssal sz\u00e1molva nagyj\u00e1b\u00f3l 7500 h\u00e1ztart\u00e1s (azaz egy k\u00f6r\u00fclbel\u00fcl 17-18 ezer f\u0151s telep\u00fcl\u00e9s, mint p\u00e9ld\u00e1ul Paks, Keszthely vagy P\u00e9cel) egy\u00e9ves villamosenergia-felhaszn\u00e1l\u00e1s\u00e1nak felel meg \u2013 b\u00e1r ezt rengeteg t\u00e9nyez\u0151 befoly\u00e1solhatja a turbinat\u00edpust\u00f3l a terepviszonyokon \u00e1t a k\u00fcl\u00f6nb\u00f6z\u0151 h\u00e1l\u00f3zati \u00e9s piaci felt\u00e9telekig.<\/p>\n<p>A t\u00f6bb mint k\u00e9t\u00e9ves adatsor r\u00e9szletesen megmutatja a sz\u00e9lj\u00e1r\u00e1s id\u0151beli v\u00e1ltoz\u00e1s\u00e1t is. A vizsg\u00e1lt t\u00e9rs\u00e9gben \u0151sszel, t\u00e9len \u00e9s tavasszal \u00e1ltal\u00e1ban kedvez\u0151bbek a sz\u00e9lviszonyok, m\u00edg ny\u00e1ron ritk\u00e1bbak a magasabb sz\u00e9lsebess\u00e9g\u0171 id\u0151szakok. Az egyes \u00e9vek k\u00f6z\u00f6tt ugyanakkor jelent\u0151s elt\u00e9r\u00e9sek lehetnek: egy adott \u00e9v sz\u00e9lhozama ak\u00e1r plusz-m\u00ednusz 20 sz\u00e1zal\u00e9kkal is elt\u00e9rhet a sok\u00e9ves \u00e1tlagt\u00f3l. A m\u00e9r\u00e9sek azt is visszaigazolt\u00e1k, hogy a sz\u00e9lsebess\u00e9g a magass\u00e1ggal n\u00f6vekszik. Ez az\u00e9rt l\u00e9nyeges, mert a modern, nagy tengelymagass\u00e1g\u00fa sz\u00e9lturbin\u00e1k olyan sz\u00e9lenergi\u00e1kat tudnak hasznos\u00edtani, amelyek a talajszinten nem \u00e9rz\u00e9kelhet\u0151k. Emiatt egy ter\u00fclet sz\u00e9lenergia-potenci\u00e1lja nem \u00edt\u00e9lhet\u0151 meg puszt\u00e1n felsz\u00ednk\u00f6zeli meteorol\u00f3giai adatok vagy h\u00e9tk\u00f6znapi tapasztalat alapj\u00e1n.<\/p>\n<p>                        A hossz\u00fa t\u00e1v\u00fa adatok el\u0151nyei<\/p>\n<p>A GEI szerint a hossz\u00fa m\u00e9r\u00e9si id\u0151szak \u00f6nmag\u00e1ban is fontos r\u00e9sze a projekt-el\u0151k\u00e9sz\u00edt\u00e9snek. B\u00e1r egy\u00e9ves helysz\u00edni m\u00e9r\u00e9s m\u00e1r megfelel\u0151 minimum lehet egy sz\u00e9ler\u0151m\u0171projekt banki finansz\u00edrozhat\u00f3s\u00e1g\u00e1nak megalapoz\u00e1s\u00e1hoz, a hosszabb adatsor pontosabb energiatermel\u00e9si \u00e9s p\u00e9nz\u00fcgyi modellez\u00e9st tesz lehet\u0151v\u00e9, jobban megmutatja az \u00e9vek k\u00f6z\u00f6tti term\u00e9szetes ingadoz\u00e1st, ez\u00e1ltal cs\u00f6kkentheti a beruh\u00e1z\u00e1si \u00e9s finansz\u00edroz\u00e1si bizonytalans\u00e1got.<\/p>\n<p>Fontos tov\u00e1bb\u00e1, hogy a m\u00e9r\u00e9si eredm\u00e9nyek a vizsg\u00e1lt kisalf\u00f6ldi t\u00e9rs\u00e9gre vonatkoznak, azokb\u00f3l nem vonhat\u00f3 le k\u00f6vetkeztet\u00e9s Magyarorsz\u00e1g eg\u00e9sz\u00e9nek sz\u00e9lenergia-potenci\u00e1lj\u00e1ra, de a GEI szerint a m\u00e9r\u00e9si program egyik legfontosabb tanuls\u00e1ga \u00e9ppen az, hogy a sz\u00e9ler\u0151m\u0171-fejleszt\u00e9sek megalapoz\u00e1s\u00e1hoz megfelel\u0151 min\u0151s\u00e9g\u0171, helysz\u00ednspecifikus adatok sz\u00fcks\u00e9gesek.<\/p>\n<p>A t\u00f6bb\u00e9ves sz\u00e9lm\u00e9r\u00e9s nem egyszer\u0171en meteorol\u00f3giai adatgy\u0171jt\u00e9s. Egy sz\u00e9ler\u0151m\u0171-beruh\u00e1z\u00e1s eset\u00e9ben a megfelel\u0151 min\u0151s\u00e9g\u0171, helysz\u00edni adatok a m\u0171szaki tervez\u00e9s, az energiatermel\u00e9s becsl\u00e9se \u00e9s a finansz\u00edrozhat\u00f3s\u00e1g szempontj\u00e1b\u00f3l egyar\u00e1nt meghat\u00e1roz\u00f3ak. A t\u00f6bb mint 24 h\u00f3napos m\u00e9r\u00e9s\u00fcnk m\u00e1r azt is megmutatja, mennyire elt\u00e9r\u0151ek lehetnek az egyes id\u0151szakok, \u00e9s mi\u00e9rt \u00e9rdemes hossz\u00fa t\u00e1v\u00fa adatokra alapozni egy t\u00f6bb \u00e9vtizedre sz\u00f3l\u00f3 beruh\u00e1z\u00e1si d\u00f6nt\u00e9st<\/p>\n<p>\u2013 fogalmazott Ritter Antal, a Green Energy Investhor vez\u00e9rigazgat\u00f3ja.<\/p>\n<p>A megfelel\u0151 sz\u00e9lpotenci\u00e1l ugyanakkor csak az egyik felt\u00e9tele egy sz\u00e9ler\u0151m\u0171-beruh\u00e1z\u00e1snak. Egy potenci\u00e1lis fejleszt\u00e9si ter\u00fclet kiv\u00e1laszt\u00e1sakor a sz\u00e9lviszonyok mellett \u00f6sszetett jogi, ter\u00fcletrendez\u00e9si, k\u00f6rnyezeti, m\u0171szaki \u00e9s t\u00e1rsadalmi szempontrendszert is vizsg\u00e1lni kell. Egy projekt megval\u00f3s\u00edthat\u00f3s\u00e1g\u00e1t egyebek mellett a lakott ter\u00fcletekt\u0151l el\u0151\u00edrt v\u00e9d\u0151t\u00e1vols\u00e1gok, a katonai \u00e9s polg\u00e1ri rep\u00fcl\u00e9si korl\u00e1toz\u00e1sok, a term\u00e9szet- \u00e9s t\u00e1jk\u00e9pv\u00e9delmi el\u0151\u00edr\u00e1sok, a f\u00f6ldhaszn\u00e1lati \u00e9s tulajdonviszonyok, az infrastrukt\u00fara \u00e9s k\u00f6zm\u0171vek elhelyezked\u00e9se, a h\u00e1l\u00f3zati csatlakoz\u00e1s el\u00e9rhet\u0151s\u00e9ge, valamint a helyi k\u00f6z\u00f6ss\u00e9gekkel \u00e9s f\u00f6ldtulajdonosokkal val\u00f3 egy\u00fcttm\u0171k\u00f6d\u00e9s is befoly\u00e1solja.<\/p>\n<p>A GEI szerint ez\u00e9rt a hazai sz\u00e9lenergia \u00fajraind\u00edt\u00e1s\u00e1nak egyik legfontosabb k\u00e9rd\u00e9se nem puszt\u00e1n az, hogy mekkora h\u00e1l\u00f3zati kapacit\u00e1s v\u00e1lik el\u00e9rhet\u0151v\u00e9, hanem az is, hogy az azt elnyer\u0151 projektek milyen szinten \u00e1llnak a t\u00e9nyleges el\u0151k\u00e9sz\u00edt\u00e9sben. Egy sz\u00e9ler\u0151m\u0171projekt m\u00e9r\u00e9se, k\u00f6rnyezeti vizsg\u00e1lata, enged\u00e9lyez\u00e9se, finansz\u00edroz\u00e1sa, turbinabeszerz\u00e9se \u00e9s h\u00e1l\u00f3zati csatlakoz\u00e1sa t\u00f6bb\u00e9ves folyamat, ez\u00e9rt a 2030-as c\u00e9lok teljes\u00edthet\u0151s\u00e9ge szempontj\u00e1b\u00f3l a projektek megval\u00f3sul\u00e1si es\u00e9ly\u00e9nek is kiemelt jelent\u0151s\u00e9ge van. A GEI szerint a t\u00e9nyleges projekt-el\u0151k\u00e9sz\u00edtetts\u00e9gnek megfelel\u0151 s\u00falyt kell kapnia.<\/p>\n<p>                        C\u00e9l a min\u00e9l t\u00f6bb fejleszt\u00e9s<\/p>\n<p>Ett\u0151l f\u00fcggetlen\u00fcl a c\u00e9g \u00fcdv\u00f6zli, hogy hossz\u00fa id\u0151 ut\u00e1n ism\u00e9t lehet\u0151s\u00e9g ny\u00edlik \u00faj sz\u00e9ler\u0151m\u0171vi kapacit\u00e1sok h\u00e1l\u00f3zati csatlakoz\u00e1s\u00e1ra Magyarorsz\u00e1gon. A t\u00e1rsas\u00e1g saj\u00e1t m\u00e9r\u00e9si \u00e9s projektfejleszt\u00e9si tapasztalatai alapj\u00e1n ugyanakkor azt tartja kiemelten fontosnak, hogy a kiv\u00e1laszt\u00e1si rendszerben megfelel\u0151 s\u00falyt kapjanak azok a szempontok, amelyek egy projekt t\u00e9nyleges megval\u00f3s\u00edthat\u00f3s\u00e1g\u00e1t mutatj\u00e1k: \u00edgy k\u00fcl\u00f6n\u00f6sen a hiteles sz\u00e9lm\u00e9r\u00e9si h\u00e1tt\u00e9r, a projekt-el\u0151k\u00e9sz\u00edtetts\u00e9g, a k\u00f6rnyezeti vizsg\u00e1latok, a ter\u00fcletbiztos\u00edt\u00e1s, az enged\u00e9lyezhet\u0151s\u00e9g \u00e9s a finansz\u00edrozhat\u00f3s\u00e1g. A GEI szakmai \u00e1ll\u00e1spontja szerint ez\u00e9rt indokolt, hogy a p\u00e1ly\u00e1zati pontoz\u00e1sban a t\u00e9nyleges projekt-el\u0151k\u00e9sz\u00edtetts\u00e9g \u00e9s a hiteles m\u00e9r\u00e9si h\u00e1tt\u00e9r megfelel\u0151 s\u00falyt kapjon m\u00e1s szakpolitikai vagy tulajdonosi szempontok mellett.<\/p>\n<p>A t\u00e1rsas\u00e1g az \u00e1llami vagy \u00f6nkorm\u00e1nyzati r\u00e9szv\u00e9tel lehet\u0151s\u00e9g\u00e9t t\u00e1mogathat\u00f3 gondolatnak tartja, amely megfelel\u0151 keretek k\u00f6z\u00f6tt hozz\u00e1j\u00e1rulhat a fejleszt\u00e9sek\u00a0sz\u00e9lesebb k\u00f6r\u0171 t\u00e1rsadalmi \u00e9s gazdas\u00e1gi be\u00e1gyazotts\u00e1g\u00e1hoz. Emellett fontosnak tartj\u00e1k, hogy a kiv\u00e1laszt\u00e1s sor\u00e1n a projektek t\u00e9nyleges el\u0151k\u00e9sz\u00edtetts\u00e9ge \u00e9s a korm\u00e1ny \u00e1ltal kit\u0171z\u00f6tt hat\u00e1rid\u0151n bel\u00fcl t\u00f6rt\u00e9n\u0151 megval\u00f3s\u00edthat\u00f3s\u00e1ga is megfelel\u0151 s\u00falyt kapjon. A projekt gazdas\u00e1gi vagy t\u00e1rsas\u00e1gir\u00e1ny\u00edt\u00e1si felt\u00e9teleit \u00e9rdemben befoly\u00e1sol\u00f3 v\u00e1llal\u00e1sok eset\u00e9ben pedig a kisz\u00e1m\u00edthat\u00f3 projektfejleszt\u00e9s \u00e9rdek\u00e9ben l\u00e9nyeges, hogy azok tartalma kell\u0151 id\u0151ben \u00e9s megfelel\u0151 r\u00e9szletess\u00e9ggel ismert legyen a fejleszt\u0151k sz\u00e1m\u00e1ra.<\/p>\n<p>A h\u00e1l\u00f3zati kapacit\u00e1sok megnyit\u00e1sa fontos lehet\u0151s\u00e9g a hazai sz\u00e9lenergia sz\u00e1m\u00e1ra. Ahhoz azonban, hogy a kiosztott kapacit\u00e1sokb\u00f3l n\u00e9h\u00e1ny \u00e9ven bel\u00fcl val\u00f3ban m\u0171k\u00f6d\u0151 sz\u00e9ler\u0151m\u0171vek legyenek, olyan projektekre van sz\u00fcks\u00e9g, amelyek m\u00f6g\u00f6tt megfelel\u0151 m\u00e9r\u00e9si adatok, biztos\u00edtott ter\u00fcletek, elv\u00e9gzett k\u00f6rnyezeti vizsg\u00e1latok, el\u0151rehaladott enged\u00e9lyez\u00e9s \u00e9s finansz\u00edrozhat\u00f3 \u00fczleti modell \u00e1ll. A c\u00e9l k\u00f6z\u00f6s: min\u00e9l t\u00f6bb olyan fejleszt\u00e9s induljon el, amelynek re\u00e1lis es\u00e9lye van arra, hogy t\u00e9nylegesen meg is val\u00f3suljon<\/p>\n<p>\u2013 tette hozz\u00e1 Ritter Antal.<\/p>\n<p>Azokban a potenci\u00e1lis fejleszt\u00e9si t\u00e9rs\u00e9gekben pedig, amelyekr\u0151l m\u00e9g nem \u00e1ll rendelkez\u00e9sre megfelel\u0151 sz\u00e9ladat, a GEI szerint \u00e9rdemes miel\u0151bb megteremteni a megalapozott beruh\u00e1z\u00e1si d\u00f6nt\u00e9sekhez sz\u00fcks\u00e9ges inform\u00e1ci\u00f3kat. Ebben a h\u00e1l\u00f3zati csatlakoz\u00e1si lehet\u0151s\u00e9geket, a sz\u00e9lpotenci\u00e1lt, a v\u00e1rhat\u00f3 energiatermel\u00e9st, valamint a k\u00f6rnyezeti \u00e9s t\u00e1rsadalmi kock\u00e1zatokat egy\u00fcttesen vizsg\u00e1l\u00f3 KATREN-megk\u00f6zel\u00edt\u00e9s \u00e9s c\u00e9lzott m\u00e9r\u00e9si programok is szerepet kaphatnak. A m\u00e9r\u00e9si adatok el\u0151\u00e1ll\u00edt\u00e1s\u00e1nak ugyanis van egy nem megker\u00fclhet\u0151 felt\u00e9tele: az id\u0151.<\/p>\n<p>\n                          (Bor\u00edt\u00f3k\u00e9p: Kapit\u00e1ny Istv\u00e1n 2026. augusztus 23-\u00e1n. Fot\u00f3: T\u00f6vissi Bence \/ Index)\n                        <\/p>\n<p><a href=\"https:\/\/dex.hu\/x.php?id=googlepref_desktop&amp;url=https:\/\/google.com\/preferences\/source?q=https:\/\/index.hu\" class=\"google-pref-banner \" id=\"googlePrefBanner\" rel=\"nofollow noopener\" target=\"_blank\"><\/p>\n<p>    Itt \u00e1ll\u00edtsa be, hogy az Index az els\u0151k k\u00f6z\u00f6tt legyen a Google-tal\u00e1latokban!<\/p>\n<p><\/a><\/p>\n<p>    <img decoding=\"async\" src=\"https:\/\/index.hu\/assets\/images\/social-follow\/logo-big.svg\" alt=\"Index.hu logo\"\/><\/p>\n<p>K\u00f6vesse az Indexet Facebookon is!<\/p>\n<p>    <a href=\"https:\/\/facebook.com\/Indexhu\" target=\"_blank\" rel=\"nofollow noopener\"><\/p>\n<p>        K\u00f6vetem!<br \/>\n    <\/a><\/p>\n","protected":false},"excerpt":{"rendered":"A Green Energy Investhor Zrt. (GEI) legfrissebb jelent\u00e9se szerint a hazai sz\u00e9lenergia-beruh\u00e1z\u00e1sok \u00fajraind\u00edt\u00e1s\u00e1hoz a h\u00e1l\u00f3zati kapacit\u00e1sok b\u0151v\u00edt\u00e9se mellett&hellip;\n","protected":false},"author":2,"featured_media":221806,"comment_status":"","ping_status":"","sticky":false,"template":"","format":"standard","meta":{"footnotes":"","_share_on_mastodon":"0"},"categories":[6],"tags":[13915,2018,152,63,43845,44,42,40,737,43,41,5175,2907,1834,10644],"class_list":["post-221805","post","type-post","status-publish","format-standard","has-post-thumbnail","category-magyarorszag","tag-adatok","tag-beruhazas","tag-ce-napi","tag-gazdasag","tag-green-energy-investhor","tag-hu","tag-hungarian","tag-hungary","tag-kormany","tag-magyar","tag-magyarorszag","tag-megujulo-energia","tag-meres","tag-statisztika","tag-szelenergia"],"share_on_mastodon":{"url":"https:\/\/pubeurope.com\/@hu\/117162152331391972","error":""},"_links":{"self":[{"href":"https:\/\/www.europesays.com\/hu\/wp-json\/wp\/v2\/posts\/221805","targetHints":{"allow":["GET"]}}],"collection":[{"href":"https:\/\/www.europesays.com\/hu\/wp-json\/wp\/v2\/posts"}],"about":[{"href":"https:\/\/www.europesays.com\/hu\/wp-json\/wp\/v2\/types\/post"}],"author":[{"embeddable":true,"href":"https:\/\/www.europesays.com\/hu\/wp-json\/wp\/v2\/users\/2"}],"replies":[{"embeddable":true,"href":"https:\/\/www.europesays.com\/hu\/wp-json\/wp\/v2\/comments?post=221805"}],"version-history":[{"count":0,"href":"https:\/\/www.europesays.com\/hu\/wp-json\/wp\/v2\/posts\/221805\/revisions"}],"wp:featuredmedia":[{"embeddable":true,"href":"https:\/\/www.europesays.com\/hu\/wp-json\/wp\/v2\/media\/221806"}],"wp:attachment":[{"href":"https:\/\/www.europesays.com\/hu\/wp-json\/wp\/v2\/media?parent=221805"}],"wp:term":[{"taxonomy":"category","embeddable":true,"href":"https:\/\/www.europesays.com\/hu\/wp-json\/wp\/v2\/categories?post=221805"},{"taxonomy":"post_tag","embeddable":true,"href":"https:\/\/www.europesays.com\/hu\/wp-json\/wp\/v2\/tags?post=221805"}],"curies":[{"name":"wp","href":"https:\/\/api.w.org\/{rel}","templated":true}]}}