{"id":221813,"date":"2026-08-26T14:02:07","date_gmt":"2026-08-26T14:02:07","guid":{"rendered":"https:\/\/www.europesays.com\/hu\/221813\/"},"modified":"2026-08-26T14:02:07","modified_gmt":"2026-08-26T14:02:07","slug":"egy-operator-rangsorolta-a-filmtortenet-nyitokepeit-es-az-elso-helyen-egy-60-eves-klasszikus-all","status":"publish","type":"post","link":"https:\/\/www.europesays.com\/hu\/221813\/","title":{"rendered":"Egy operat\u0151r rangsorolta a filmt\u00f6rt\u00e9net nyit\u00f3k\u00e9peit \u00e9s az els\u0151 helyen egy 60 \u00e9ves klasszikus \u00e1ll"},"content":{"rendered":"<p>Az ut\u00f3bbi hetekben egy elismert operat\u0151r nagy vihart kavart rangsorral \u00e1llt el\u0151: szerinte a filmt\u00f6rt\u00e9net nyit\u00f3k\u00e9pei t\u00f6bbet \u00e1rulnak el egy film l\u00e9nyeg\u00e9r\u0151l, mint b\u00e1rmely m\u00e1sik r\u00e9szlet. A list\u00e1ja nemcsak vit\u00e1t sz\u00edtott, hanem \u00fajra megtan\u00edtott n\u00e9zni, nem csak l\u00e1tni.<\/p>\n<p>A v\u00e1logat\u00e1s \u00e9l\u00e9re egy hat \u00e9vtizede k\u00e9sz\u00fclt, id\u0151t\u00e1ll\u00f3 klasszikus ker\u00fclt, amelynek els\u0151 k\u00e9pe ma is element\u00e1ris erej\u0171. A d\u00f6nt\u00e9s sokaknak meglep\u0151, m\u00e1soknak mag\u00e1t\u00f3l \u00e9rtet\u0151d\u0151 bizonyoss\u00e1g: a j\u00f3 kezdet nem divat, hanem szab\u00e1ly.<\/p>\n<p>Az operat\u0151r szavaival: &#8222;Az els\u0151 k\u00e9p nem t\u00e1j\u00e9koztat, hanem \u00edg\u00e9r.&#8221; Ez a r\u00f6vid mondat t\u0171hegyre sz\u00farja, mi\u00e9rt sz\u00e1m\u00edt annyira az a n\u00e9h\u00e1ny els\u0151 m\u00e1sodperc. A nyit\u00f3k\u00e9p attit\u0171d, szeml\u00e9let, titok \u00e9s ritmus egyszerre.<\/p>\n<p>Mi\u00e9rt sz\u00e1m\u00edt az els\u0151 k\u00e9p?<\/p>\n<p>A film els\u0151 k\u00e9pe megadja a t\u00f6rt\u00e9net pulzus\u00e1t, kijel\u00f6li a n\u00e9z\u0151 tekintet\u00e9nek ir\u00e1ny\u00e1t. Ha j\u00f3l m\u0171k\u00f6dik, azonnal \u00e9rzelmi \u00e9s gondolati horgonyt dob.<\/p>\n<p>Egy er\u0151s nyit\u00f3k\u00e9pn\u00e9l a n\u00e9z\u0151 m\u00e1r az els\u0151 pillanatban k\u00e9rdez, \u00e9s a k\u00e9p m\u00e1r az els\u0151 pillanatban v\u00e1laszol. Ez a dial\u00f3gus teszi \u00e9l\u0151v\u00e9 a formai d\u00f6nt\u00e9seket.<\/p>\n<p>&#8222;Az els\u0151 k\u00e9pet \u00fagy kell megkompon\u00e1lni, mintha az lenne az utols\u00f3 es\u00e9lyed elmondani, mi\u00e9rt csin\u00e1lod a filmet&#8221; \u2013 fogalmazott a rangsort k\u00e9sz\u00edt\u0151 szakember. Ez egyszerre al\u00e1zat \u00e9s kih\u00edv\u00e1s.<\/p>\n<p>Az els\u0151 hely: egy 1966-os k\u00e9p, ami ma is l\u00e9legzik<\/p>\n<p>Az \u00e9lre egy 1966-ban bemutatott remekm\u0171 ker\u00fclt, amelynek nyit\u00f3k\u00e9pe egy \u0151r\u00fcltnek t\u0171n\u0151, m\u00e9gis po\u00e9tikus k\u00eds\u00e9rlet. A kamera a f\u00f6ldt\u0151l elszakad\u00f3, k\u00e9zm\u0171ves l\u00e9gi szerkezetet k\u00f6veti, mik\u00f6zben a vil\u00e1g alatta apr\u00f3, kusza \u00e9s fenyeget\u0151.<\/p>\n<p>A leveg\u0151be emelked\u0151 f\u00e9rfi mozdulataiban van valami makacs, ami a m\u0171v\u00e9szet szabads\u00e1g\u00e1t \u00e9s a korszak szor\u00edt\u00e1s\u00e1t egyszerre id\u00e9zi. A k\u00e9p egyszerre s\u00falytalan \u00e9s s\u00falyos, egyszerre rem\u00e9ny \u00e9s buk\u00e1s el\u0151\u00e9rzete.<\/p>\n<p>A leveg\u0151 sodr\u00e1s\u00e1ban a horizont t\u00e1gul, de a perspekt\u00edva sz\u0171k\u00fcl: mintha a szabads\u00e1g \u00e1ra a mag\u00e1ny, a magaslat \u00e1ra a lezuhan\u00e1s volna. Ez az ellentmond\u00e1s adja a k\u00e9p fesz\u00fclts\u00e9g\u00e9t.<\/p>\n<p>A be\u00e1ll\u00edt\u00e1s maga a mozg\u00f3 paradoxon: technikailag mer\u00e9sz, m\u00e9gis letisztult; k\u00f6lt\u0151i, m\u00e9gis nyers. Nincs f\u00f6l\u00f6sleges magyar\u00e1zat, csak a test, a t\u00e9r \u00e9s az id\u0151.<\/p>\n<p>&#8222;Az els\u0151 hely nem nosztalgia, hanem krit\u00e9rium&#8221; \u2013 \u00edrja a v\u00e1logat\u00e1st jegyz\u0151 operat\u0151r. Szerinte a k\u00e9p nemcsak \u00fcgyes, hanem elker\u00fclhetetlen: olyan, mintha csak \u00edgy lehetne kinyitni azt a vil\u00e1got, amelybe a film vezet.<\/p>\n<p>Mit\u0151l j\u00f3 egy nyit\u00f3k\u00e9p val\u00f3j\u00e1ban?<\/p>\n<p>Minden er\u0151s nyit\u00f3k\u00e9p egyszerre ad ir\u00e1nyt \u00e9s hagy teret a k\u00e9pzeletnek. Nem tele\u00edr, hanem fel\u00fct, nem megold, hanem megpend\u00edt.<\/p>\n<p>H\u00e1rom kulcst\u00e9nyez\u0151 k\u00fcl\u00f6n\u00f6sen sz\u00e1m\u00edt: a kompoz\u00edci\u00f3 tisztas\u00e1ga, a mozg\u00e1s logik\u00e1ja, \u00e9s az id\u0151 kezel\u00e9s\u00e9nek b\u00e1tors\u00e1ga. Ha ez a h\u00e1rom egy\u00fctt rezd\u00fcl, a n\u00e9z\u0151 m\u00e1r nem csak n\u00e9z, hanem beleesik a k\u00e9pbe.<\/p>\n<p>\u00c9s van m\u00e9g valami: a hang \u00e9s a csend dialektik\u00e1ja. Egy j\u00f3l id\u0151z\u00edtett z\u00f6rej, egy k\u00e9sei l\u00e9legzet, vagy a v\u00e1g\u00e1s el\u0151tti hallgat\u00e1s gyakran t\u00f6bbet mes\u00e9l, mint ezer dramaturgiai utas\u00edt\u00e1s.<\/p>\n<p>A mez\u0151ny tov\u00e1bbi er\u0151demonstr\u00e1ci\u00f3i<\/p>\n<p>Az eml\u00edtett rangsor t\u00f6bb korszakot \u00e9s st\u00edlust \u00f6lel, \u00edgy a v\u00e1logat\u00e1s b\u0151ven ad vitatnival\u00f3t \u00e9s aj\u00e1nlanival\u00f3t is. N\u00e9h\u00e1ny emblematikus nyit\u00f3k\u00e9p a lista fels\u0151 harmad\u00e1b\u00f3l:<\/p>\n<p>Touch of Evil (1958) \u2013 egy v\u00e9gel\u00e1thatatlan, l\u00e9legzet-visszafojt\u00f3 be\u00e1ll\u00edt\u00e1s, amely az id\u0151t fesz\u00edti \u00e9s a paranoi\u00e1t \u00e9p\u00edti.<\/p>\n<p>Apocalypse Now (1979) \u2013 l\u00e1ngol\u00f3 p\u00e1lm\u00e1k, helikopterrotor \u00e9s egy dal, amely a h\u00e1bor\u00fa sz\u00edvver\u00e9s\u00e9t veri ki a n\u00e9z\u0151 f\u00fcl\u00e9b\u0151l.<\/p>\n<p>The Shining (1980) \u2013 j\u00e9ghideg helikopterk\u00e9pek, a t\u00e1j sz\u00e9ps\u00e9ge fenyeget\u00e9ss\u00e9 dermed.<\/p>\n<p>Blade Runner (1982) \u2013 ipari pokol, savas \u00e9g, a l\u00e1tv\u00e1ny teol\u00f3giai k\u00e9rd\u00e9seket is megpend\u00edt.<\/p>\n<p>The Player (1992) \u2013 \u00f6nreflex\u00edv brav\u00far, egyetlen hossz\u00fa snitt, amely a mozir\u00f3l sz\u00f3l\u00f3 mozit nyitja.<\/p>\n<p>Children of Men (2006) \u2013 t\u00f6r\u00e9keny csend, azt\u00e1n a robban\u00e1s: az emp\u00e1tia koreogr\u00e1fi\u00e1ja, amely a k\u00e1oszb\u00f3l sz\u00f3l.<\/p>\n<p>Gravity (2013) \u2013 orbit\u00e1lis, folytonos lebeg\u00e9s, ahol a technika \u00e9s a f\u00e9lelem k\u00f6z\u00f6s nyelvre tal\u00e1l.<\/p>\n<p>Mit \u00fczen ez a d\u00f6nt\u00e9s a mai filmeseknek?<\/p>\n<p>A hat \u00e9vtizeddel ezel\u0151tti k\u00e9p gy\u0151zelme azt \u00fczeni: a formai b\u00e1tors\u00e1g nem \u00f6regszik, csak kontextust v\u00e1lt. Ha a kamera \u00e9s a gondolat egy\u00fctt rep\u00fcl, az id\u0151 nem ellens\u00e9g, hanem sz\u00f6vets\u00e9ges.<\/p>\n<p>A mai eszk\u00f6zt\u00e1r \u2013 dr\u00f3nok, stabiliz\u00e1torok, virtu\u00e1lis d\u00edszletek \u2013 nem helyettes\u00edti a sz\u00e1nd\u00e9kot. A k\u00e9rd\u00e9s ma is ugyanaz: mit akar mondani az els\u0151 k\u00e9p, \u00e9s mi\u00e9rt \u00e9ppen \u00edgy, \u00e9ppen most?<\/p>\n<p>&#8222;Az els\u0151 k\u00e9pn\u00e9l nem a tr\u00fckk az \u00e9rdekes, hanem a tekintet&#8221; \u2013 \u00edrja az operat\u0151r. Ha a tekintet tiszta, a technika szolg\u00e1l, ha a tekintet bizonytalan, a technika zaj.<\/p>\n<p>Hogyan n\u00e9zz\u00fck m\u00e1s szemmel az els\u0151 k\u00e9pet?<\/p>\n<p>Legk\u00f6zelebb, amikor egy film elindul, figyeld, mit tesz veled az els\u0151 m\u00e1sodperc. Hov\u00e1 helyez a t\u00e9rben, mit s\u00fag a hang, mennyire enged k\u00f6zel a szerepl\u0151kh\u00f6z, \u00e9s mit sz\u00e1nd\u00e9kozik eltakarni vagy felfedni.<\/p>\n<p>Pr\u00f3b\u00e1ld elhelyezni a k\u00e9pet egy egyszer\u0171 k\u00e9rd\u00e9s tengely\u00e9n: \u00edg\u00e9ret vagy \u00edt\u00e9let? Ha \u00edg\u00e9ret, mit \u00edg\u00e9r; ha \u00edt\u00e9let, mir\u0151l sz\u00f3l? Ett\u0151l a pontt\u00f3l a film m\u00e1r nem csak t\u00f6rt\u00e9net, hanem viszony is lesz.<\/p>\n<p>A rangsor \u00fczenete v\u00e9g\u00fcl is egyszer\u0171 \u00e9s felszabad\u00edt\u00f3: az els\u0151 k\u00e9p nem d\u00edsz, hanem ir\u00e1nyt\u0171. \u00c9s ha a mutat\u00f3 j\u00f3 helyre \u00e1ll, a film m\u00e1r az els\u0151 pillanatban megtal\u00e1l minket.<\/p>\n","protected":false},"excerpt":{"rendered":"Az ut\u00f3bbi hetekben egy elismert operat\u0151r nagy vihart kavart rangsorral \u00e1llt el\u0151: szerinte a filmt\u00f6rt\u00e9net nyit\u00f3k\u00e9pei t\u00f6bbet \u00e1rulnak&hellip;\n","protected":false},"author":2,"featured_media":221814,"comment_status":"","ping_status":"","sticky":false,"template":"","format":"standard","meta":{"footnotes":"","_share_on_mastodon":"0"},"categories":[16],"tags":[137,44,42,40,43,41,138],"class_list":["post-221813","post","type-post","status-publish","format-standard","has-post-thumbnail","category-szorakozas","tag-entertainment","tag-hu","tag-hungarian","tag-hungary","tag-magyar","tag-magyarorszag","tag-szorakozas"],"share_on_mastodon":{"url":"https:\/\/pubeurope.com\/@hu\/117162183422214889","error":""},"_links":{"self":[{"href":"https:\/\/www.europesays.com\/hu\/wp-json\/wp\/v2\/posts\/221813","targetHints":{"allow":["GET"]}}],"collection":[{"href":"https:\/\/www.europesays.com\/hu\/wp-json\/wp\/v2\/posts"}],"about":[{"href":"https:\/\/www.europesays.com\/hu\/wp-json\/wp\/v2\/types\/post"}],"author":[{"embeddable":true,"href":"https:\/\/www.europesays.com\/hu\/wp-json\/wp\/v2\/users\/2"}],"replies":[{"embeddable":true,"href":"https:\/\/www.europesays.com\/hu\/wp-json\/wp\/v2\/comments?post=221813"}],"version-history":[{"count":0,"href":"https:\/\/www.europesays.com\/hu\/wp-json\/wp\/v2\/posts\/221813\/revisions"}],"wp:featuredmedia":[{"embeddable":true,"href":"https:\/\/www.europesays.com\/hu\/wp-json\/wp\/v2\/media\/221814"}],"wp:attachment":[{"href":"https:\/\/www.europesays.com\/hu\/wp-json\/wp\/v2\/media?parent=221813"}],"wp:term":[{"taxonomy":"category","embeddable":true,"href":"https:\/\/www.europesays.com\/hu\/wp-json\/wp\/v2\/categories?post=221813"},{"taxonomy":"post_tag","embeddable":true,"href":"https:\/\/www.europesays.com\/hu\/wp-json\/wp\/v2\/tags?post=221813"}],"curies":[{"name":"wp","href":"https:\/\/api.w.org\/{rel}","templated":true}]}}