{"id":221854,"date":"2026-08-26T14:44:11","date_gmt":"2026-08-26T14:44:11","guid":{"rendered":"https:\/\/www.europesays.com\/hu\/221854\/"},"modified":"2026-08-26T14:44:11","modified_gmt":"2026-08-26T14:44:11","slug":"after-elindult-a-nevezes-a-tizedik-magyar-klipszemlere-a-legjobb-klipek-a-filmszemlen-is-versenyezhetnek","status":"publish","type":"post","link":"https:\/\/www.europesays.com\/hu\/221854\/","title":{"rendered":"After: Elindult a nevez\u00e9s a tizedik Magyar Klipszeml\u00e9re, a legjobb klipek a Filmszeml\u00e9n is versenyezhetnek"},"content":{"rendered":"<p>Elindult a nevez\u00e9s a tizedik Magyar Klipszeml\u00e9re. A magyar klipek orsz\u00e1gos verseny\u00e9re 2026. szeptember 6-ig lehet jelentkezni, ebben a k\u00f6rben azokkal a klipekkel, amelyek m\u00e1r elk\u00e9sz\u00fcltek \u00e9s meg is jelentek.<\/p>\n<p>Az idei nevez\u00e9s egyik \u00fajdons\u00e1ga, hogy a Magyar Klipszemle egy\u00fcttm\u0171k\u00f6dik a 46. Magyar Filmszeml\u00e9vel. A Klipszemle shortlistj\u00e9re beker\u00fcl\u0151 alkot\u00e1sokat tov\u00e1bb\u00edtj\u00e1k a Filmszemle videoklipes kateg\u00f3ri\u00e1j\u00e1nak zs\u0171rij\u00e9hez is, vagyis a nevez\u0151k egy jelentkez\u00e9ssel k\u00e9t versenyben is es\u00e9lyt kapnak.<\/p>\n<p>Azoknak is lesz lehet\u0151s\u00e9g\u00fck indulni, akiknek csak szeptember ut\u00e1n k\u00e9sz\u00fcl el a videoklipj\u00fck. Novemberben \u00faj nevez\u00e9si k\u00f6rt nyitnak a szeptember eleje \u00e9s november v\u00e9ge k\u00f6z\u00f6tt megjelent klipeknek, amelyek a Filmszemle mellett automatikusan beker\u00fclnek a 2027-es Klipszemle nevez\u00e9si folyamat\u00e1ba is.<\/p>\n<p><img decoding=\"async\" src=\"https:\/\/www.europesays.com\/hu\/wp-content\/uploads\/2026\/08\/1787735099-temp-bv9v0jbhs6ss7kgjibf_cikktorzs:xl.jpg\"  loading=\"lazy\" alt=\"Fot\u00f3: Szemerey Bence \/ Magyar Klipszemle\" class=\"placeholder_\"\/><\/p>\n<p>Fot\u00f3: Szemerey Bence \/ Magyar Klipszemle<\/p>\n<p>A Magyar Klipszeml\u00e9t 2015-ben rendezt\u00e9k meg el\u0151sz\u00f6r, akkor 821 alkot\u00e1st neveztek. A szervez\u0151k k\u00f6zl\u00e9se szerint elm\u00falt t\u00edz \u00e9vben t\u00f6bb mint \u00f6tezer videoklip szerepelt a versenyben, volt olyan \u00e9v, amikor t\u00f6bb mint ezer alkot\u00e1s k\u00f6z\u00fcl v\u00e1lasztott\u00e1k ki a legjobbakat.<\/p>\n<p>A versenyben a klipek mellett k\u00fcl\u00f6n d\u00edjazz\u00e1k t\u00f6bbek k\u00f6z\u00f6tt a rendez\u00e9st, az operat\u0151ri munk\u00e1t, a l\u00e1tv\u00e1nyt \u00e9s a v\u00e1g\u00e1st is. Az \u00e9vek sor\u00e1n \u00faj kateg\u00f3ri\u00e1k is megjelentek, \u00edgy ma m\u00e1r p\u00e9ld\u00e1ul DIY, mobiltelefonnal vagy mesters\u00e9ges intelligenci\u00e1val k\u00e9sz\u00fclt vide\u00f3k is indulhatnak.<\/p>\n<p>Az elm\u00falt \u00e9vekben olyan rendez\u0151k, operat\u0151r\u00f6k, producerek, zen\u00e9szek, sz\u00edn\u00e9szek, fotogr\u00e1fusok, \u00fajs\u00e1g\u00edr\u00f3k, kreat\u00edv szakemberek \u00e9s tartalomk\u00e9sz\u00edt\u0151k \u00fcltek a zs\u0171riben, mint T\u00f6r\u00f6k Ferenc, P\u00e1lfi Gy\u00f6rgy, Jakab Juli, \u00c9der Kriszti\u00e1n, Martin Wanda, Kov\u00e1cs Gell\u00e9rt \u201eFilmszer\u00e9sz\u201d, Mazzag Izabella, Poh\u00e1rnok Gergely, T\u00f6r\u0151csik Franciska vagy L\u00e1bas Viki. A kor\u00e1bbi szeml\u00e9k m\u0171sorvezet\u0151i k\u00f6z\u00f6tt pedig Haj\u00f3s Andr\u00e1s, Tilla, Beton.Hofi, Miller D\u00e1vid, Fluor, Co Lee, Lil Frakk \u00e9s Szab\u00f3 Simon is szerepelt. A jubileumi \u00e9vben az elm\u00falt t\u00edz \u00e9v eml\u00e9kezetes zs\u0171rijeire \u00e9s pillanataira is visszatekintenek, mik\u00f6zben hamarosan leleplez\u0151dik az idei zs\u0171ri n\u00e9vsora is.<\/p>\n<p>A Klipszemle d\u00edj\u00e1tad\u00f3j\u00e1t okt\u00f3ber 29-\u00e9n tartj\u00e1k az Akv\u00e1rium Klubban, a BuSH fesztiv\u00e1l partnerek\u00e9nt. A tizedik \u00e9vfordul\u00f3 miatt a szervez\u0151k ez\u00fattal egy t\u00edznapos, t\u00f6bb budapesti helysz\u00ednt \u00e9rint\u0151 programsorozatot is terveznek.<\/p>\n","protected":false},"excerpt":{"rendered":"Elindult a nevez\u00e9s a tizedik Magyar Klipszeml\u00e9re. A magyar klipek orsz\u00e1gos verseny\u00e9re 2026. szeptember 6-ig lehet jelentkezni, ebben&hellip;\n","protected":false},"author":2,"featured_media":221855,"comment_status":"","ping_status":"","sticky":false,"template":"","format":"standard","meta":{"footnotes":"","_share_on_mastodon":"0"},"categories":[16],"tags":[161,137,44,42,40,43,59459,59458,41,33415,138,1505,6300],"class_list":["post-221854","post","type-post","status-publish","format-standard","has-post-thumbnail","category-szorakozas","tag-after","tag-entertainment","tag-hu","tag-hungarian","tag-hungary","tag-magyar","tag-magyar-filmszemle","tag-magyar-klipszemle","tag-magyarorszag","tag-nevezes","tag-szorakozas","tag-verseny","tag-videoklip"],"share_on_mastodon":{"url":"https:\/\/pubeurope.com\/@hu\/117162349148236811","error":""},"_links":{"self":[{"href":"https:\/\/www.europesays.com\/hu\/wp-json\/wp\/v2\/posts\/221854","targetHints":{"allow":["GET"]}}],"collection":[{"href":"https:\/\/www.europesays.com\/hu\/wp-json\/wp\/v2\/posts"}],"about":[{"href":"https:\/\/www.europesays.com\/hu\/wp-json\/wp\/v2\/types\/post"}],"author":[{"embeddable":true,"href":"https:\/\/www.europesays.com\/hu\/wp-json\/wp\/v2\/users\/2"}],"replies":[{"embeddable":true,"href":"https:\/\/www.europesays.com\/hu\/wp-json\/wp\/v2\/comments?post=221854"}],"version-history":[{"count":0,"href":"https:\/\/www.europesays.com\/hu\/wp-json\/wp\/v2\/posts\/221854\/revisions"}],"wp:featuredmedia":[{"embeddable":true,"href":"https:\/\/www.europesays.com\/hu\/wp-json\/wp\/v2\/media\/221855"}],"wp:attachment":[{"href":"https:\/\/www.europesays.com\/hu\/wp-json\/wp\/v2\/media?parent=221854"}],"wp:term":[{"taxonomy":"category","embeddable":true,"href":"https:\/\/www.europesays.com\/hu\/wp-json\/wp\/v2\/categories?post=221854"},{"taxonomy":"post_tag","embeddable":true,"href":"https:\/\/www.europesays.com\/hu\/wp-json\/wp\/v2\/tags?post=221854"}],"curies":[{"name":"wp","href":"https:\/\/api.w.org\/{rel}","templated":true}]}}