{"id":222058,"date":"2026-08-26T17:57:08","date_gmt":"2026-08-26T17:57:08","guid":{"rendered":"https:\/\/www.europesays.com\/hu\/222058\/"},"modified":"2026-08-26T17:57:08","modified_gmt":"2026-08-26T17:57:08","slug":"piko-andras-belathato-idon-belul-javulhat-budapest-kozbiztonsaga","status":"publish","type":"post","link":"https:\/\/www.europesays.com\/hu\/222058\/","title":{"rendered":"Pik\u00f3 Andr\u00e1s: Bel\u00e1that\u00f3 id\u0151n bel\u00fcl javulhat Budapest k\u00f6zbiztons\u00e1ga"},"content":{"rendered":"<p class=\"\">\n    Pik\u00f3 Andr\u00e1s szerint bel\u00e1that\u00f3 id\u0151n bel\u00fcl javulhat Budapest k\u00f6zbiztons\u00e1ga, mert a korm\u00e1ny elfogadta a ker\u00fcleti polg\u00e1rmesterek kezdem\u00e9nyez\u00e9seit. J\u00f3zsefv\u00e1ros f\u00fcggetlen polg\u00e1rmestere azt \u00edrta a <a href=\"https:\/\/www.facebook.com\/pikoandraspolgarmester\/posts\/pfbid033ua478cJFmD5v5iwF2cAB8WTUXGtdNVxxegw2iB7yR5y7dueNtyeBS22SLVbWNgDl\" target=\"_blank\" rel=\"nofollow noopener\">Facebookon<\/a>, hogy P\u00f3sfai G\u00e1bor bel\u00fcgyminiszter t\u00e1j\u00e9koztatta \u0151ket a d\u00f6nt\u00e9sekr\u0151l.\n  <\/p>\n<p class=\"\">\n    P\u00f3sfai azt mondta a polg\u00e1rmestereknek, hogy 19 \u00e1lland\u00f3 \u00e9s 90 visszat\u00e9r\u0151 f\u0151v\u00e1rosi helysz\u00ednen lesz koncentr\u00e1lt rend\u0151ri jelenl\u00e9t. Pik\u00f3\u00e9k azt k\u00e9rik, hogy ezeket a helysz\u00edneket az \u00f6nkorm\u00e1nyzatokkal val\u00f3 egyeztet\u00e9s ut\u00e1n legk\u00e9s\u0151bb szeptember 15-ig jel\u00f6lj\u00e9k ki. Emellett a korm\u00e1ny napirendj\u00e9n van a f\u0151v\u00e1rosi rendv\u00e9delmi dolgoz\u00f3k szolg\u00e1latteljes\u00edt\u00e9s\u00e9nek saj\u00e1toss\u00e1gait figyelembe vev\u0151 b\u00e9rp\u00f3tl\u00e9k bevezet\u00e9s\u00e9nek k\u00e9rd\u00e9se.\n  <\/p>\n<p class=\"\">\n     A bel\u00fcgyminiszter t\u00e1mogatja, hogy az \u00f6nkorm\u00e1nyzatok kapjanak val\u00f3di hat\u00f3s\u00e1gi jogk\u00f6r\u00f6ket a doh\u00e1nyboltok m\u0171k\u00f6d\u00e9s\u00e9nek szab\u00e1lyoz\u00e1s\u00e1ra. Az ezzel kapcsolatos korm\u00e1nyel\u0151terjeszt\u00e9s el\u0151k\u00e9sz\u00edt\u00e9se m\u00e1r zajlik. Emellett azt is t\u00e1mogatja a miniszter, hogy az objekt\u00edv felel\u0151ss\u00e9get kiterjessz\u00e9k a t\u00e9rfigyel\u0151 kamer\u00e1val dokument\u00e1lhat\u00f3 k\u00f6zleked\u00e9si jogs\u00e9rt\u00e9sekre.\n  <\/p>\n<p class=\"\">\n    Pik\u00f3\u00e9k \u00e9jjeli mened\u00e9khelyek m\u0171k\u00f6d\u00e9si rendj\u00e9vel kapcsolatos javaslat\u00e1t vizsg\u00e1lja a korm\u00e1ny, a Bel\u00fcgyminiszt\u00e9rium pedig javaslatot tesz majd a F\u0151v\u00e1rosi \u00d6nkorm\u00e1nyzati Rend\u00e9szeti Igazgat\u00f3s\u00e1g \u00e9s a ker\u00fcleti \u00f6nkorm\u00e1nyzati k\u00f6zter\u00fclet-fel\u00fcgyeletek \u00e9s rend\u00e9szetek hat\u00e1sk\u00f6reinek kiterjeszt\u00e9s\u00e9re.\n  <\/p>\n<p>    <a href=\"https:\/\/www.europesays.com\/hu\/wp-content\/uploads\/2026\/08\/85fmmw3Fh7ARciPps.jpeg\" class=\"uwwrama _1chu0ywg _8b6bx65\" rel=\"nofollow\"><\/p>\n<p>  <img decoding=\"async\" loading=\"lazy\" src=\"https:\/\/www.europesays.com\/hu\/wp-content\/uploads\/2026\/08\/85fmmw3Fh7ARciPps.jpeg\"   class=\"_672m2jd _1chu0ywo ta3a4c1ey ta3a4c1aa he2knv4 ta3a4c1ey ta3a4czs\" style=\"--_672m2j6:1.50;--_672m2j5:2400px 1601px\" alt=\"\"\/><\/p>\n<p>      <\/a><\/p>\n<p>\n              Pik\u00f3 Andr\u00e1s\n            <\/p>\n<p>\n              Fot\u00f3:<br \/>\n                N\u00e9meth D\u00e1niel\/444\n            <\/p>\n<p class=\"\">\n     Pik\u00f3 j\u00falius elej\u00e9n kezdett posztolni a roml\u00f3 k\u00f6zbiztons\u00e1gi helyzetr\u0151l, miut\u00e1n a j\u00f3zsefv\u00e1rosi lak\u00f3k k\u00f6z\u00fcl t\u00f6bben k\u00f6zt\u00e9ri agresszi\u00f3ra \u00e9s b\u0171ncselekm\u00e9nyekre panaszkodtak. A polg\u00e1rmester a budapesti rend\u0151rf\u0151kapit\u00e1nnyal is <a href=\"https:\/\/444.hu\/2026\/07\/07\/piko-andras-szerint-valodi-oszinte-eleg-kemeny-beszelgetest-folytattak-a-budapesti-rendorfokapitannyal-a-romlo-kozbiztonsagi-helyzetrol\" target=\"_blank\" rel=\"nofollow noopener\">egyeztetett<\/a> a probl\u00e9ma miatt.\n  <\/p>\n<p class=\"\">\n     A t\u00e9m\u00e1ban m\u00e1s ker\u00fcleti polg\u00e1rmesterek is megsz\u00f3laltak. Az \u00dajbud\u00e1t vezet\u0151 L\u00e1szl\u00f3 Imre kelenf\u00f6ldi \u201edrogosokr\u00f3l\u201d, \u201eelveszett lelkekr\u0151l\u201d \u00e9s \u201e\u00e1rnyakr\u00f3l\u201d sz\u00f3l\u00f3, szakmai szempontb\u00f3l megk\u00e9rd\u0151jelezhet\u0151 riportot <a href=\"https:\/\/www.facebook.com\/drlaszloimre\/posts\/pfbid0U16vbiR5LNbS7E5rqDR7eviMpdxuAMyx2SdSGHvJFGgCfo3ZrWwtvYaMfHzPhkNQl?rdid=asWiYOkNirVb6Rkv#\" rel=\"nofollow noopener\" target=\"_blank\">osztott \u00fajra<\/a>, \u00e9s azt \u00edrta, Kelenf\u00f6ld\u00f6n s\u00falyos a helyzet, a helyiek pedig joggal d\u00fch\u00f6sek \u00e9s agg\u00f3dnak. Soproni Tam\u00e1s ter\u00e9zv\u00e1rosi polg\u00e1rmester pedig arr\u00f3l posztolt, nagyj\u00e1b\u00f3l 1000-1500 hajl\u00e9ktalan, 3-400 kezeletlen pszichi\u00e1triai beteg, n\u00e9h\u00e1ny ezer drogos \u00e9s 3-5 ezer f\u0151 palackgy\u0171jt\u00f6get\u0151 miatt \u00e9rzik sokan, k\u00f6zt\u00fck \u0151 is, hogy romlott a k\u00f6zbiztons\u00e1g Budapesten. Szerinte ez az el\u0151z\u0151 korm\u00e1ny hib\u00e1ja, de a mostaninak kell megoldania. A budapesti k\u00f6zbiztons\u00e1gi helyzetr\u0151l <a href=\"https:\/\/444.hu\/2026\/07\/07\/durvul-a-helyzet-a-budapesti-utcakon-visszaut-az-elmult-16-ev\" rel=\"nofollow noopener\" target=\"_blank\">ebben a cikkben<\/a> \u00edrtunk b\u0151vebben.\n  <\/p>\n","protected":false},"excerpt":{"rendered":"Pik\u00f3 Andr\u00e1s szerint bel\u00e1that\u00f3 id\u0151n bel\u00fcl javulhat Budapest k\u00f6zbiztons\u00e1ga, mert a korm\u00e1ny elfogadta a ker\u00fcleti polg\u00e1rmesterek kezdem\u00e9nyez\u00e9seit. J\u00f3zsefv\u00e1ros&hellip;\n","protected":false},"author":2,"featured_media":222059,"comment_status":"","ping_status":"","sticky":false,"template":"","format":"standard","meta":{"footnotes":"","_share_on_mastodon":"0"},"categories":[22],"tags":[4699,73,44,42,40,27563,43,41,25695,99,29756],"class_list":["post-222058","post","type-post","status-publish","format-standard","has-post-thumbnail","category-budapest","tag-belugyminiszterium","tag-budapest","tag-hu","tag-hungarian","tag-hungary","tag-kozbiztonsag","tag-magyar","tag-magyarorszag","tag-piko-andras","tag-politika","tag-posfai-gabor"],"share_on_mastodon":{"url":"https:\/\/pubeurope.com\/@hu\/117163107818018821","error":""},"_links":{"self":[{"href":"https:\/\/www.europesays.com\/hu\/wp-json\/wp\/v2\/posts\/222058","targetHints":{"allow":["GET"]}}],"collection":[{"href":"https:\/\/www.europesays.com\/hu\/wp-json\/wp\/v2\/posts"}],"about":[{"href":"https:\/\/www.europesays.com\/hu\/wp-json\/wp\/v2\/types\/post"}],"author":[{"embeddable":true,"href":"https:\/\/www.europesays.com\/hu\/wp-json\/wp\/v2\/users\/2"}],"replies":[{"embeddable":true,"href":"https:\/\/www.europesays.com\/hu\/wp-json\/wp\/v2\/comments?post=222058"}],"version-history":[{"count":0,"href":"https:\/\/www.europesays.com\/hu\/wp-json\/wp\/v2\/posts\/222058\/revisions"}],"wp:featuredmedia":[{"embeddable":true,"href":"https:\/\/www.europesays.com\/hu\/wp-json\/wp\/v2\/media\/222059"}],"wp:attachment":[{"href":"https:\/\/www.europesays.com\/hu\/wp-json\/wp\/v2\/media?parent=222058"}],"wp:term":[{"taxonomy":"category","embeddable":true,"href":"https:\/\/www.europesays.com\/hu\/wp-json\/wp\/v2\/categories?post=222058"},{"taxonomy":"post_tag","embeddable":true,"href":"https:\/\/www.europesays.com\/hu\/wp-json\/wp\/v2\/tags?post=222058"}],"curies":[{"name":"wp","href":"https:\/\/api.w.org\/{rel}","templated":true}]}}