{"id":222075,"date":"2026-08-26T18:16:08","date_gmt":"2026-08-26T18:16:08","guid":{"rendered":"https:\/\/www.europesays.com\/hu\/222075\/"},"modified":"2026-08-26T18:16:08","modified_gmt":"2026-08-26T18:16:08","slug":"en-es-torrente-6","status":"publish","type":"post","link":"https:\/\/www.europesays.com\/hu\/222075\/","title":{"rendered":"\u00c9n \u00e9s Torrente (6)"},"content":{"rendered":"<p class=\"\">\n    Filmbe ill\u0151 pillanat volt. A lucskos aszfalt\u00fa Kir\u00e1ly utc\u00e1ban egyre s\u0171r\u0171bben esett a h\u00f3. Az \u00faj spanyoltan\u00e1romat v\u00e1rtam, n\u00e9v szerint Guzm\u00e1n L\u00f3pez, akit m\u00e9g sosem l\u00e1ttam, de az el\u0151dje, Daniel passzolta, miut\u00e1n elv\u00e9gezte a Zeneakad\u00e9mi\u00e1t, \u00e9s hazament. Danielt a nyelviskol\u00e1ban szedtem fel, ahol havonta valah\u00e1nyszor anyanyelvi tan\u00e1r tartotta az \u00f3r\u00e1t, \u00e9n pedig \u00fagy \u00e9reztem, most m\u00e1r igaz\u00e1b\u00f3l csak anyanyelvi tan\u00e1rt akarok, \u00fagyhogy \u00f3ra ut\u00e1n megk\u00e9rdeztem, mennyi\u00e9rt ad mag\u00e1n\u00f3r\u00e1t, \u00e9s mint kider\u00fclt, ugyanannyi\u00e9rt, amennyit a nyelviskol\u00e1nak fizettem. Ez el is d\u0151lt. Danielt\u0151l sok \u00e9rdekeset tanultam, kezdve a spanyol sorkatonai szolg\u00e1lat meg\u00fasz\u00e1si m\u00f3dj\u00e1t\u00f3l (kurv\u00e1ra elh\u00edzni egy meghat\u00e1rozott, t\u00f6rv\u00e9nyben megszabott BMI-ig) a legjobb (igaz\u00e1b\u00f3l egyetlen) valenciai kisvend\u00e9gl\u0151ig, ahol tisztess\u00e9ges paell\u00e1t kapni. Meg hogy a magyar komolyzene-oktat\u00e1s igaz\u00e1b\u00f3l men\u0151, nem csak olcs\u00f3, a spanyol meg szar, hi\u00e1ba hiszi mindenki a h\u00e1rom tenor, meg a sok flamencogit\u00e1ros miatt.\n  <\/p>\n<p class=\"\">\n    Az ezredfordul\u00f3 t\u00e1j\u00e1n j\u00e1rtunk. Spanyolul az\u00e9rt kezdtem tanulni, mert Beloberk Pipivel, aki akkoriban a Tirana Rockersben basszusozott \u00e9s a Berzsenyi utc\u00e1ban \u00fczemeltetett kis\u00e1llatkeresked\u00e9st (er\u0151s h\u00fcll\u0151-f\u00f3kusszal), elhat\u00e1roztuk, elmegy\u00fcnk ketten Mexik\u00f3ba. \u0150 cs\u00f6rg\u0151k\u00edgy\u00f3kat fog, \u00e9n pedig mad\u00e1rp\u00f3kokat, mert &#8211; micsoda v\u00e9letlen! &#8211; mindkett\u0151nk kedvencei nagyj\u00e1b\u00f3l egy helyen \u00e9lnek (<a href=\"https:\/\/en.wikipedia.org\/wiki\/Sierra_Madre_del_Sur\" rel=\"nofollow noopener\" target=\"_blank\">Sierra Madre Del Su<\/a>r). Mire od\u00e1ig jutottam a nyelvtanul\u00e1sban, hogy m\u00e1r a m\u00e1sodik mag\u00e1ntan\u00e1rhoz j\u00e1rok, az exped\u00edci\u00f3 feled\u00e9sbe mer\u00fclt, Beloberk Pipi pedig Kalap\u00e1cs J\u00f3zsi sz\u00f3l\u00f3projektj\u00e9vel turn\u00e9zott. Internet m\u00e9g nem nagyon volt, nem tudtam megn\u00e9zni a f\u00e1cs\u00e9n, hogy is fest Guzm\u00e1n, de azt\u00e1n a t\u00e9li sz\u00fcrk\u00fcletben, a nagy h\u00f3pelyhek k\u00f6z\u00fcl egyszerre csak materializ\u00e1l\u00f3dott egy alak, Banderas-g\u00f6nd\u00f6r frizur\u00e1j\u00e1n m\u00e1r \u00f6sszegy\u0171lt egy adag h\u00f3, de \u00fagyse az volt a felt\u0171n\u0151, hanem hogy egy \u00e9letnagys\u00e1g\u00fa papundekli Freddie Mercury volt a h\u00f3na alatt. Mint k\u00e9s\u0151bb elmes\u00e9lte, tegnapi \u00e9rkez\u00e9sekor els\u0151 \u00fatja a N\u00e9pstadionba vezetett, hogy megn\u00e9zze, hol \u00e9nekelt igaz\u00e1b\u00f3l Freddie, ma pedig egy nagy lemezboltban n\u00e9zel\u0151d\u00f6tt, megl\u00e1tta Freddie-t, \u00e9s a kezdetleges angolj\u00e1val meg nulla magyarj\u00e1val siker\u00fclt kidum\u00e1lnia mag\u00e1nak. Egysz\u00f3val \u0151 volt Guzm\u00e1n &#8211; eszel\u0151s tekintet, m\u00e1r nem is tudom, milyen hangszer a Zeneakad\u00e9mi\u00e1n, \u00e9s teljes Queenbe g\u00e1rgyul\u00e1s.\n  <\/p>\n<p class=\"\">\n    Valamelyik \u00f3r\u00e1n k\u00e9rdeztem t\u0151le, hogy a Torrent\u00e9ben hogy kell \u00e9rteni ezt vagy azt, mire elmagyar\u00e1zta, hogy a film a spanyol h\u00e1zibulik k\u00e9sei f\u00e1zis\u00e1nak alapkell\u00e9ke: amikor m\u00e1r mindenki megk\u00e9sz\u00fclt, led\u00f6glenek, berakj\u00e1k a VHS-t, \u00e9s mindenki k\u00f3rusban ord\u00edtja a k\u00f6vetkez\u0151 mondatot. Az egyik \u00f3ra k\u00f6z\u00f6s Torrente-megtekint\u00e9s lett &#8211; nem v\u00e9letlen, hogy a k\u00ednai nyelvben k\u00fcl\u00f6n sz\u00f3 van a nyelvtanul\u00e1sra, ami azt fejezi ki, hogy val\u00f3j\u00e1ban egy eg\u00e9sz kult\u00far\u00e1t tanul az ember. M\u00e1r a legend\u00e1s kezd\u0151 k\u00e9psor is s\u0171r\u0171 volt, p\u00e9ld\u00e1ul hogy tudod,<a href=\"https:\/\/en.wikipedia.org\/wiki\/SEAT_1430\" rel=\"nofollow noopener\" target=\"_blank\"> ilyen Seatja<\/a> n\u00e1lunk a cig\u00e1nyoknak van (j\u00e9, n\u00e1lunk is!), az a matrica a Falange, a spanyol fasiszt\u00e1k jelk\u00e9pe, az Atletico Madrid\u2026 khm, a spanyol Fradi, \u00e9s \u00edgy tov\u00e1bb, \u00e9s \u00edgy tov\u00e1bb. Kicsit m\u00e9lyebben meg\u00e9rtettem a spanyol kult\u00far\u00e1t, \u00e9s persze a Torrent\u00e9t is. Hogy p\u00e9ld\u00e1ul <a href=\"https:\/\/www.imdb.com\/name\/nm0782213\/?ref_=ttfc_fcr_3_1\" rel=\"nofollow noopener\" target=\"_blank\">Santiago Segura<\/a> azon kev\u00e9s spanyol k\u00f6z\u00e9 tartozik, akiket nem \u00e9rdekel a futball, \u00e9s val\u00f3j\u00e1ban nem k\u00f6v\u00e9r: a szerep kedv\u00e9\u00e9rt h\u00edzott meg, mint a nagyok.\n  <\/p>\n<p class=\"\">\n    Ja, hogy milyen a 6. r\u00e9sz? Olyasmi, mint a 2-3-4-5. Az els\u0151 Torrente egyszeri \u00e9s megism\u00e9telhetetlen, de t\u00e9nyleg. Azon \u00e9rzed m\u00e9g a szagokat is; m\u00e1s min\u0151s\u00e9g. \u00c9s nem csak mert a vil\u00e1got egyszer\u0171en k\u00e9sz\u00fcletlen\u00fcl \u00e9rte &#8211; ma is ugyanakkor\u00e1t \u00fct, ak\u00e1rh\u00e1nyadszor l\u00e1tom. A gusztustalans\u00e1g is sokkal gusztustalanabb volt, a po\u00e9nok is, amennyiben nem k\u00e9pzavar ez a Torrente-univerzummal kapcsolatban, kifinomultabbak. \u00c9rted, amikor a fasiszta exrend\u0151r \u00e1lm\u00e1ban is annyira rasszista, hogy amikor (\u00e1lm\u00e1ban) megt\u00e1madj\u00e1k az arabok, esz\u00e9be jut, hogy van egy nyers karajszelet a bels\u0151 zseb\u00e9ben, ezt eldobja nekik, \u00e9s minden arab a h\u00fas ut\u00e1n iramodik. Ugye! Meg a v\u00e9gs\u0151 tanuls\u00e1g, hogy Rafi, van, ami ann\u00e1l is fontosabb, hogy rend\u0151r legy\u00e9l: l\u00e9gy spanyol! B\u00e1rmelyik sora, b\u00e1rmelyik mondata, valamennyi p\u00e1rbesz\u00e9dje \u00e9s karaktere lehetne h\u00e1ttetov\u00e1l\u00e1st\u00f3l falv\u00e9d\u0151n \u00e1t f\u0151olt\u00e1rsz\u00f6vegig b\u00e1rmi. A t\u00f6bbi Torrente se rossz, de azok m\u00e1r egy k\u00e9nyszer-franchise r\u00e9szei. El lehet rajtuk sz\u00f3rakozni, j\u00f3k a po\u00e9nok, vicces a gusztustalankod\u00e1s, \u00e9rdekesek a vend\u00e9gszt\u00e1rok, bokszol\u00f3k, focist\u00e1k, Oliver Stone, Alec Baldwin, meg egy csom\u00f3, csak spanyol nyelvter\u00fcleten ismert t\u00e9v\u00e9s, zen\u00e9sz, sportol\u00f3. De <a href=\"https:\/\/www.imdb.com\/name\/nm0782213\/?ref_=tt_ov_3_3\" rel=\"nofollow noopener\" target=\"_blank\">Segura<\/a> ezeket m\u00e1r nem vette annyira komolyan, p\u00e9ld\u00e1ul meg sem h\u00edzott miattuk. Ok\u00e9, a m\u00e1sodik r\u00e9sz elej\u00e9n szaros als\u00f3gaty\u00e1ban ugr\u00e1l\u00f3k\u00f6telezett (Cuco, az eg\u00e9sz testem egy fegyver!), de ink\u00e1bb csak dobott egy karajszeletet a rajong\u00f3knak: tess\u00e9k, r\u00f6h\u00f6gjetek, h\u00fcly\u00e9k.\n  <\/p>\n<p class=\"\">\n    Az <a href=\"https:\/\/www.imdb.com\/title\/tt0120868\/?ref_=nm_flmg_job_1_accord_2_cdt_t_111\" rel=\"nofollow noopener\" target=\"_blank\">els\u0151 Torrent\u00e9t<\/a> az HBO-r\u00f3l vettem fel, a <a href=\"https:\/\/www.imdb.com\/title\/tt0120868\/?ref_=nm_flmg_job_1_accord_2_cdt_t_111\" rel=\"nofollow noopener\" target=\"_blank\">m\u00e1sodik<\/a> ott se volt. 2001-ben j\u00e1rtunk, nem \u00e1m \u00fagy ment az, hogy az ember letorrentezte a Torrent\u00e9t! A BitTorrent f\u00e1jlrendszert ugyan t\u00f6rt\u00e9netesen ugyanabban az \u00e9vben tal\u00e1lt\u00e1k ki, de k\u00f6znapi fogalmaink szerint hol volt az m\u00e9g. \u00dagyhogy egy spanyolorsz\u00e1gi Toyota Corolla TSport sajt\u00f3\u00faton \u00e1lltam meg \u00faton-\u00fatf\u00e9len a tesztaut\u00f3val, m\u00edg meg nem kaptam VHS-en. \u00c9s amikor megvolt, m\u00e1r csak El Fary CD-t kerestem, de a lemezboltokban mondt\u00e1k, hogy ilyesmi max benzink\u00fati gondol\u00e1kban, els\u00e1rgult f\u00f3li\u00e1z\u00e1sban kaphat\u00f3. \u00e9s am\u00fagy mi\u00e9rt keresem? Ja, hogy Torrente? Kir\u00e1ly! (A 2001-es Corolla-cikket am\u00fagy kiss\u00e9 sz\u00e9tesett \u00e1llapotban, de <a href=\"https:\/\/totalcar.hu\/tesztek\/2001\/12\/14\/corollabem\/\" rel=\"nofollow noopener\" target=\"_blank\">megtal\u00e1ltam<\/a>.)\n  <\/p>\n<p>    <a href=\"https:\/\/www.europesays.com\/hu\/wp-content\/uploads\/2026\/08\/8NpydBJVacVCeKQus.jpeg\" class=\"uwwrama _1chu0ywg _8b6bx65\" rel=\"nofollow\"><\/p>\n<p>  <img decoding=\"async\" loading=\"lazy\" src=\"https:\/\/www.europesays.com\/hu\/wp-content\/uploads\/2026\/08\/8NpydBJVacVCeKQus.jpeg\"   class=\"_672m2jd _1chu0ywo ta3a4c1ey ta3a4c1aa he2knv4 ta3a4c1ey ta3a4czs\" style=\"--_672m2j6:1.50;--_672m2j5:2500px 1668px\" alt=\"\"\/><\/p>\n<p>      <\/a><\/p>\n<p class=\"\">\n    A 6. r\u00e9sz sztorija annyira kort\u00e1rs, hogy k\u00f6zben Amerik\u00e1ban <a href=\"https:\/\/444.hu\/2026\/07\/10\/ontokonszuras-a-javabol-nemi-eroszakkal-vadolt-naci-tetovalasat-eltunteto-haborus-veteran-ranthatja-magaval-az-amerikai-demokrata-partot\" rel=\"nofollow noopener\" target=\"_blank\">t\u00e9nyleg megt\u00f6rt\u00e9nt<\/a>: az \u00faj Torrente gyakorlatilag a Graham Platner sztori, csak spanyol sz\u00e9ls\u0151jobbos p\u00e1rttal. A VOX szpindoktorai v\u00e9letlen\u00fcl megl\u00e1tj\u00e1k egy kocsm\u00e1ban Torrent\u00e9t, ahogy r\u00e9szegen a szokott rasszista s\u00fcketel\u00e9s\u00e9t tolja a Hitler-bajszos k\u00ednai csaposnak, \u00e9s megl\u00e1tj\u00e1k benne a potenci\u00e1lt. A filmben persze NOX a p\u00e1rt neve, \u00e9s amikor a baloldali minisztereln\u00f6k\u00f6t gyal\u00e1zza, az <a href=\"https:\/\/www.imdb.com\/title\/tt37969901\/characters\/nm0651616\/?ref_=ttfc_fcr_3_98\" rel=\"nofollow noopener\" target=\"_blank\">Pedro Vilches <\/a>lesz. Alec Baldwin m\u00e1r m\u00e1shol kipr\u00f3b\u00e1lt Donald Trump, Javier Mileit egy sz\u00e1momra ismeretlen spanyol alak\u00edtja, \u00e9s mivel Baldwin nem j\u00e1tszhatta egyben a h\u00e1tt\u00e9rhatalom-f\u0151gonoszt is, arra beugrott a mostan\u00e1ban szakmailag kurv\u00e1ra r\u00e1\u00e9r\u0151 Kevin Spacey.\n  <\/p>\n<p>    <a href=\"https:\/\/www.europesays.com\/hu\/wp-content\/uploads\/2026\/08\/8NpytbCAfmu2eKQus.jpeg\" class=\"uwwrama _1chu0ywg _8b6bx65\" rel=\"nofollow\"><\/p>\n<p>  <img decoding=\"async\" loading=\"lazy\" src=\"https:\/\/www.europesays.com\/hu\/wp-content\/uploads\/2026\/08\/8NpytbCAfmu2eKQus.jpeg\"   class=\"_672m2jd _1chu0ywo ta3a4c1ey ta3a4c1aa he2knv4 ta3a4c1ey ta3a4czs\" style=\"--_672m2j6:1.50;--_672m2j5:2500px 1668px\" alt=\"\"\/><\/p>\n<p>      <\/a><\/p>\n<p class=\"\">\n    Sz\u00f3val na, nem klasszikus, de 12 \u00e9vente kell egy ilyen. \u00c9n a negyedik m\u00e1sodpercben nevettem el\u0151sz\u00f6r hangosan, ennyit kellett ugyanis a sajt\u00f3vet\u00edt\u00e9sen v\u00e1rni az els\u0151 fing\u00f3s po\u00e9nra, m\u00e9g az anim\u00e1lt f\u0151c\u00edm alatt. Lesz term\u00e9szetesen b\u00f6f\u00f6gve fing\u00e1s is, de undor\u00edt\u00f3skod\u00e1sban m\u00e1r meg se pr\u00f3b\u00e1lja k\u00f6zel\u00edteni az els\u0151 r\u00e9szt, meg azt, amelyikben egy felb\u00e9relt hajl\u00e9ktalan a segg\u00e9ben csemp\u00e9sz be neki egy telefont a b\u00f6rt\u00f6nbe. Most valahogy a n\u00e9gerez\u00e9s \u00e1ll neki a legjobban, a buziz\u00e1sr\u00f3l majdnem teljesen lej\u00f6tt. Kultur\u00e1lisan pedig nagyon \u00e9rdekes, hogy Spanyolorsz\u00e1gon k\u00edv\u00fcl csak n\u00e1lunk ment moziban az 5. r\u00e9sz, mert valahogy mi magyarok annyira szuperintelligensek vagyunk, hogy \u00e9rtj\u00fck a fing\u00f3s humort. Meg a n\u00e9gerez\u00e9st. M\u00e9g mindig!\n  <\/p>\n<p class=\"\">\n    Pro tipp, ha kib\u00edrtad a v\u00e9g\u00e9ig, ki ne menj a st\u00e1blist\u00e1r\u00f3l, az lesz a legjobb!\n  <\/p>\n<p>            <a href=\"https:\/\/youtu.be\/cskti8BA9kc?si=fsjzo8SI3kcDZumH\" target=\"_blank\" rel=\"noopener noreferrer nofollow\" class=\"_1dy6oyq5l _1dy6oyq5e\">Forr\u00e1s<\/a><\/p>\n<p class=\"\">\n    (Szeptember 3-t\u00f3l a mozikban.)\n  <\/p>\n","protected":false},"excerpt":{"rendered":"Filmbe ill\u0151 pillanat volt. A lucskos aszfalt\u00fa Kir\u00e1ly utc\u00e1ban egyre s\u0171r\u0171bben esett a h\u00f3. Az \u00faj spanyoltan\u00e1romat v\u00e1rtam,&hellip;\n","protected":false},"author":2,"featured_media":222076,"comment_status":"","ping_status":"","sticky":false,"template":"","format":"standard","meta":{"footnotes":"","_share_on_mastodon":"0"},"categories":[17],"tags":[15338,137,167,160,44,42,40,9631,43,41,159,59505,15337,59506,138,15339],"class_list":["post-222075","post","type-post","status-publish","format-standard","has-post-thumbnail","category-filmek","tag-alec-baldwin","tag-entertainment","tag-film","tag-filmek","tag-hu","tag-hungarian","tag-hungary","tag-kevin-spacey","tag-magyar","tag-magyarorszag","tag-movie","tag-pedro-vilches","tag-santiago-segura","tag-spanyol-nyelv","tag-szorakozas","tag-torrente"],"share_on_mastodon":{"url":"https:\/\/pubeurope.com\/@hu\/117163182481400946","error":""},"_links":{"self":[{"href":"https:\/\/www.europesays.com\/hu\/wp-json\/wp\/v2\/posts\/222075","targetHints":{"allow":["GET"]}}],"collection":[{"href":"https:\/\/www.europesays.com\/hu\/wp-json\/wp\/v2\/posts"}],"about":[{"href":"https:\/\/www.europesays.com\/hu\/wp-json\/wp\/v2\/types\/post"}],"author":[{"embeddable":true,"href":"https:\/\/www.europesays.com\/hu\/wp-json\/wp\/v2\/users\/2"}],"replies":[{"embeddable":true,"href":"https:\/\/www.europesays.com\/hu\/wp-json\/wp\/v2\/comments?post=222075"}],"version-history":[{"count":0,"href":"https:\/\/www.europesays.com\/hu\/wp-json\/wp\/v2\/posts\/222075\/revisions"}],"wp:featuredmedia":[{"embeddable":true,"href":"https:\/\/www.europesays.com\/hu\/wp-json\/wp\/v2\/media\/222076"}],"wp:attachment":[{"href":"https:\/\/www.europesays.com\/hu\/wp-json\/wp\/v2\/media?parent=222075"}],"wp:term":[{"taxonomy":"category","embeddable":true,"href":"https:\/\/www.europesays.com\/hu\/wp-json\/wp\/v2\/categories?post=222075"},{"taxonomy":"post_tag","embeddable":true,"href":"https:\/\/www.europesays.com\/hu\/wp-json\/wp\/v2\/tags?post=222075"}],"curies":[{"name":"wp","href":"https:\/\/api.w.org\/{rel}","templated":true}]}}