{"id":222095,"date":"2026-08-26T18:39:09","date_gmt":"2026-08-26T18:39:09","guid":{"rendered":"https:\/\/www.europesays.com\/hu\/222095\/"},"modified":"2026-08-26T18:39:09","modified_gmt":"2026-08-26T18:39:09","slug":"megszolaltak-a-polgarmesterek-allando-rendori-jelenlet-johet-budapest-19-pontjan","status":"publish","type":"post","link":"https:\/\/www.europesays.com\/hu\/222095\/","title":{"rendered":"Megsz\u00f3laltak a polg\u00e1rmesterek: \u00c1lland\u00f3 rend\u0151ri jelenl\u00e9t j\u00f6het Budapest 19 pontj\u00e1n"},"content":{"rendered":"<p>\u00c1lland\u00f3 rend\u0151ri jelenl\u00e9tet terveznek Budapest 19 probl\u00e9m\u00e1s helysz\u00edn\u00e9n, tov\u00e1bbi 90 f\u0151v\u00e1rosi ponton pedig visszat\u00e9r\u0151en tartan\u00e1nak koncentr\u00e1lt rend\u0151ri ellen\u0151rz\u00e9seket \u2013 k\u00f6z\u00f6lte <a target=\"_blank\" href=\"https:\/\/www.facebook.com\/soproni.tamas.polgarmester\/posts\/pfbid02trGcpJLLoHpAazYpFEKQVwW3kP4LfbxJZeJu46mkQhN9JidUs9gDPL1TVGa4yF8rl\" rel=\"nofollow noopener\">Facebook-oldal\u00e1n<\/a> Soproni Tam\u00e1s ter\u00e9zv\u00e1rosi polg\u00e1rmester.<\/p>\n<p>A helysz\u00edneket a ker\u00fcleti \u00f6nkorm\u00e1nyzatokkal egyeztetve jel\u00f6ln\u00e9k ki. A polg\u00e1rmesterek azt k\u00e9rik, hogy ez legk\u00e9s\u0151bb szeptember 15-ig t\u00f6rt\u00e9njen meg.<\/p>\n<p>Soproni P\u00f3sfai G\u00e1bor bel\u00fcgyminiszter t\u00e1j\u00e9koztat\u00e1s\u00e1ra hivatkozva azt \u00edrta, a korm\u00e1ny napirendj\u00e9n van a f\u0151v\u00e1rosi rendv\u00e9delmi dolgoz\u00f3knak j\u00e1r\u00f3 Budapest-p\u00f3tl\u00e9k bevezet\u00e9se is. A ker\u00fcletvezet\u0151k j\u00faliusban m\u00e9g azt javasolt\u00e1k, hogy a Budapesten szolg\u00e1l\u00f3 rend\u0151r\u00f6k \u00e9s m\u00e1s rendv\u00e9delmi dolgoz\u00f3k szeptember 1-j\u00e9t\u0151l legal\u00e1bb 30 sz\u00e1zal\u00e9kos p\u00f3tl\u00e9kot kapjanak. Most azt k\u00e9rik, hogy a korm\u00e1ny s\u00fcrg\u0151ss\u00e9ggel t\u00e1rgyalja meg az \u00fcgyet.<\/p>\n<p>A legfontosabb v\u00e1ltoz\u00e1sok<\/p>\n<p>A bel\u00fcgyminiszter t\u00e1mogatja azt a kezdem\u00e9nyez\u00e9st is, hogy az \u00f6nkorm\u00e1nyzatok hat\u00f3s\u00e1gi jogk\u00f6r\u00f6ket kapjanak a doh\u00e1nyboltok m\u0171k\u00f6d\u00e9s\u00e9nek szab\u00e1lyoz\u00e1s\u00e1ra. Az err\u0151l sz\u00f3l\u00f3 korm\u00e1nyel\u0151terjeszt\u00e9s el\u0151k\u00e9sz\u00edt\u00e9se m\u00e1r megkezd\u0151d\u00f6tt.<\/p>\n<p>A polg\u00e1rmesterek azt szeretn\u00e9k el\u00e9rni, hogy a ker\u00fcletek korl\u00e1tozhass\u00e1k a trafikok \u00e9jszakai nyitvatart\u00e1s\u00e1t, s\u00falyos jogs\u00e9rt\u00e9s eset\u00e9n pedig ak\u00e1r fel is f\u00fcggeszthess\u00e9k a m\u0171k\u00f6d\u00e9s\u00fcket.<\/p>\n<p>A Bel\u00fcgyminiszt\u00e9rium t\u00e1mogatja az objekt\u00edv felel\u0151ss\u00e9g kiterjeszt\u00e9s\u00e9t a t\u00e9rfigyel\u0151 kamer\u00e1kkal dokument\u00e1lhat\u00f3 k\u00f6zleked\u00e9si jogs\u00e9rt\u00e9sekre is.<\/p>\n<p>A ker\u00fcletek azt k\u00e9rik, hogy az \u00f6nkorm\u00e1nyzati rend\u00e9szek \u00e1ltal kiszabott \u00e9s behajtott b\u00edrs\u00e1gokb\u00f3l sz\u00e1rmaz\u00f3 bev\u00e9tel az \u00e9rintett \u00f6nkorm\u00e1nyzatokat illesse meg. A t\u00e1rca emellett javaslatot k\u00e9sz\u00edt a F\u0151v\u00e1rosi \u00d6nkorm\u00e1nyzati Rend\u00e9szeti Igazgat\u00f3s\u00e1g, valamint a ker\u00fcleti k\u00f6zter\u00fclet-fel\u00fcgyeletek \u00e9s rend\u00e9szetek hat\u00e1sk\u00f6reinek b\u0151v\u00edt\u00e9s\u00e9re.<\/p>\n<p>Az \u00e9jjeli mened\u00e9khelyek m\u0171k\u00f6d\u00e9s\u00e9nek \u00e1talak\u00edt\u00e1s\u00e1r\u00f3l egy fel\u00e1ll\u00edtand\u00f3 szoci\u00e1lis munkacsoport t\u00e1rgyal majd. A polg\u00e1rmesterek kor\u00e1bban egyebek mellett azt k\u00e9rt\u00e9k, hogy az enyh\u00e9n ittas embereket ne z\u00e1rj\u00e1k ki automatikusan az ell\u00e1t\u00e1sb\u00f3l, a munkahellyel nem rendelkez\u0151ket pedig hajnalban ne k\u00fcldj\u00e9k vissza az utc\u00e1ra.<\/p>\n<p>A VI., VII., VIII. \u00e9s IX. ker\u00fclet polg\u00e1rmesterei<a target=\"_blank\" href=\"https:\/\/24.hu\/belfold\/2026\/07\/15\/baranyi-niedermuller-piko-soproni-nyilatkozat-budapest-kozbiztonsaga\/\" rel=\"nofollow noopener\"> j\u00falius 15-\u00e9n fordultak k\u00f6z\u00f6sen a korm\u00e1nyhoz<\/a>, miut\u00e1n szerint\u00fck a f\u0151v\u00e1ros bels\u0151 ker\u00fcleteiben egyre s\u00falyosabb szoci\u00e1lis, ment\u00e1lis eg\u00e9szs\u00e9ggel kapcsolatos \u00e9s rend\u00e9szeti probl\u00e9m\u00e1k jelentek meg. A korm\u00e1ny ezt k\u00f6vet\u0151en j\u00falius 20-t\u00f3l <a target=\"_blank\" href=\"https:\/\/24.hu\/belfold\/2026\/07\/24\/rendori-ellenorzes-budapest-belso-keruletek-krizis-kozpont-szcsm\" rel=\"nofollow noopener\">harmincnapos fokozott rend\u0151ri ellen\u0151rz\u00e9st rendelt el<\/a>, \u00e9s mobil szoci\u00e1lis teamek megszervez\u00e9s\u00e9t is megkezdte.<\/p>\n<p>Mi\u00e9rt olyan rossz a k\u00f6zbiztons\u00e1g Budapesten?<\/p>\n<p>A mostani k\u00f6zlem\u00e9nyt Baranyi Krisztina ferencv\u00e1rosi, Niederm\u00fcller P\u00e9ter erzs\u00e9betv\u00e1rosi, Pik\u00f3 Andr\u00e1s j\u00f3zsefv\u00e1rosi, Soproni Tam\u00e1s ter\u00e9zv\u00e1rosi \u00e9s T\u00f3th J\u00f3zsef XIII. ker\u00fcleti polg\u00e1rmester jegyzi. \u00dcdv\u00f6z\u00f6lt\u00e9k, hogy szerint\u00fck az \u00faj korm\u00e1ny el\u0151dj\u00e9t\u0151l elt\u00e9r\u0151en meghallgatja az \u00f6nkorm\u00e1nyzatok javaslatait. \u00dagy v\u00e9lik, a k\u00f6zbiztons\u00e1g roml\u00e1sa m\u00f6g\u00f6tt<\/p>\n<p>az \u00e1llami pszichi\u00e1triai \u00e9s addiktol\u00f3giai ell\u00e1t\u00e1s le\u00e9p\u00fcl\u00e9se,<br \/>\na szoci\u00e1lis int\u00e9zm\u00e9nyrendszer meggyeng\u00fcl\u00e9se,<br \/>\naz elhib\u00e1zott drogpolitika<br \/>\n\u00e9s a rend\u0151rs\u00e9gi l\u00e9tsz\u00e1mhi\u00e1ny \u00e1ll.<\/p>\n<p>A j\u00f3zsefv\u00e1rosi utc\u00e1k mindennapjair\u00f3l, a rend\u00e9szeti munka korl\u00e1tair\u00f3l, a rend\u0151rhi\u00e1nyr\u00f3l \u00e9s a krist\u00e1ly terjed\u00e9s\u00e9r\u0151l nemr\u00e9g helysz\u00edni riportunkban \u00edrtunk r\u00e9szletesen, amely <a target=\"_blank\" href=\"https:\/\/24.hu\/belfold\/2026\/07\/28\/budapest-kozbiztonsag-jozsefvaros-droghasznalat\/?utm_source=chatgpt.com\" rel=\"nofollow noopener\">ide kattintva olvashat\u00f3<\/a>.<\/p>\n","protected":false},"excerpt":{"rendered":"\u00c1lland\u00f3 rend\u0151ri jelenl\u00e9tet terveznek Budapest 19 probl\u00e9m\u00e1s helysz\u00edn\u00e9n, tov\u00e1bbi 90 f\u0151v\u00e1rosi ponton pedig visszat\u00e9r\u0151en tartan\u00e1nak koncentr\u00e1lt rend\u0151ri ellen\u0151rz\u00e9seket&hellip;\n","protected":false},"author":2,"featured_media":222096,"comment_status":"","ping_status":"","sticky":false,"template":"","format":"standard","meta":{"footnotes":"","_share_on_mastodon":"0"},"categories":[22],"tags":[5202,73,44,42,40,27563,43,41,3083,25695,20632,35031,24509],"class_list":["post-222095","post","type-post","status-publish","format-standard","has-post-thumbnail","category-budapest","tag-baranyi-krisztina","tag-budapest","tag-hu","tag-hungarian","tag-hungary","tag-kozbiztonsag","tag-magyar","tag-magyarorszag","tag-niedermuller-peter","tag-piko-andras","tag-polgarmesterek","tag-soproni-tamas","tag-toth-jozsef"],"share_on_mastodon":{"url":"https:\/\/pubeurope.com\/@hu\/117163272661530711","error":""},"_links":{"self":[{"href":"https:\/\/www.europesays.com\/hu\/wp-json\/wp\/v2\/posts\/222095","targetHints":{"allow":["GET"]}}],"collection":[{"href":"https:\/\/www.europesays.com\/hu\/wp-json\/wp\/v2\/posts"}],"about":[{"href":"https:\/\/www.europesays.com\/hu\/wp-json\/wp\/v2\/types\/post"}],"author":[{"embeddable":true,"href":"https:\/\/www.europesays.com\/hu\/wp-json\/wp\/v2\/users\/2"}],"replies":[{"embeddable":true,"href":"https:\/\/www.europesays.com\/hu\/wp-json\/wp\/v2\/comments?post=222095"}],"version-history":[{"count":0,"href":"https:\/\/www.europesays.com\/hu\/wp-json\/wp\/v2\/posts\/222095\/revisions"}],"wp:featuredmedia":[{"embeddable":true,"href":"https:\/\/www.europesays.com\/hu\/wp-json\/wp\/v2\/media\/222096"}],"wp:attachment":[{"href":"https:\/\/www.europesays.com\/hu\/wp-json\/wp\/v2\/media?parent=222095"}],"wp:term":[{"taxonomy":"category","embeddable":true,"href":"https:\/\/www.europesays.com\/hu\/wp-json\/wp\/v2\/categories?post=222095"},{"taxonomy":"post_tag","embeddable":true,"href":"https:\/\/www.europesays.com\/hu\/wp-json\/wp\/v2\/tags?post=222095"}],"curies":[{"name":"wp","href":"https:\/\/api.w.org\/{rel}","templated":true}]}}