{"id":222107,"date":"2026-08-26T18:53:11","date_gmt":"2026-08-26T18:53:11","guid":{"rendered":"https:\/\/www.europesays.com\/hu\/222107\/"},"modified":"2026-08-26T18:53:11","modified_gmt":"2026-08-26T18:53:11","slug":"telex-piko-andras-szerint-belathato-idon-belul-javulhat-budapest-kozbiztonsaga","status":"publish","type":"post","link":"https:\/\/www.europesays.com\/hu\/222107\/","title":{"rendered":"Telex: Pik\u00f3 Andr\u00e1s szerint bel\u00e1that\u00f3 id\u0151n bel\u00fcl javulhat Budapest k\u00f6zbiztons\u00e1ga"},"content":{"rendered":"<p><a href=\"https:\/\/telex.hu\/szerzo\/mizsur-andras\" class=\"author__avatar\" rel=\"nofollow noopener\" target=\"_blank\"><img decoding=\"async\" src=\"https:\/\/www.europesays.com\/hu\/wp-content\/uploads\/2026\/08\/1787770391_569__JO_2834_avatar@4x.jpg\" alt=\"Mizsur Andr\u00e1s\" class=\"avatar\" loading=\"lazy\"\/><\/a><\/p>\n<p>\u00c1ll\u00edtsd be a Telexet megb\u00edzhat\u00f3 forr\u00e1snak!<\/p>\n<p>\u201eA korm\u00e1ny elfogadta a ker\u00fcleti polg\u00e1rmesterek kezdem\u00e9nyez\u00e9seit, \u00edgy bel\u00e1that\u00f3 id\u0151n bel\u00fcl javulhat Budapest k\u00f6zbiztons\u00e1ga\u201d \u2013 \u00edrja <a href=\"https:\/\/www.facebook.com\/pikoandraspolgarmester\/posts\/pfbid033ua478cJFmD5v5iwF2cAB8WTUXGtdNVxxegw2iB7yR5y7dueNtyeBS22SLVbWNgDl\" target=\"_blank\" rel=\"nofollow noopener\">Facebook-oldal\u00e1n<\/a> Pik\u00f3 Andr\u00e1s j\u00f3zsefv\u00e1rosi polg\u00e1rmester. P\u00f3sfai G\u00e1bor bel\u00fcgyminiszter 5 javaslat elfogad\u00e1s\u00e1r\u00f3l sz\u00e1molt be a bels\u0151 ker\u00fcletek vezet\u0151inek:<\/p>\n<p>19 \u00e1lland\u00f3 \u00e9s 90 visszat\u00e9r\u0151 f\u0151v\u00e1rosi helysz\u00ednen koncentr\u00e1lt lesz rend\u0151ri jelenl\u00e9t. A ker\u00fcletek azt k\u00e9rik, hogy szeptemberi 15-ig jel\u00f6lj\u00e9k ki ezeket a helysz\u00edneket.A korm\u00e1ny napirendre vette a Budapest-p\u00f3tl\u00e9k bevezet\u00e9s\u00e9t a rendv\u00e9delmi dolgoz\u00f3k sz\u00e1m\u00e1ra.T\u00e1mogatj\u00e1k, hogy az \u00f6nkorm\u00e1nyzatok kapjanak val\u00f3di hat\u00f3s\u00e1gi jogk\u00f6r\u00f6ket a doh\u00e1nyboltok m\u0171k\u00f6d\u00e9s\u00e9nek szab\u00e1lyoz\u00e1s\u00e1ra, az err\u0151l sz\u00f3l\u00f3 korm\u00e1nyel\u0151terjeszt\u00e9s el\u0151k\u00e9sz\u00edt\u00e9se m\u00e1r zajlik. Az \u00f6nkorm\u00e1nyzatok olyan hat\u00f3s\u00e1gi jogk\u00f6r\u00f6ket szeretn\u00e9nek, amik lehet\u0151v\u00e9 teszik a doh\u00e1nyboltok \u00e9jszakai nyitvatart\u00e1s\u00e1nak a korl\u00e1toz\u00e1s\u00e1t, s\u00falyos jogs\u00e9rt\u00e9sek eset\u00e9n m\u0171k\u00f6d\u00e9s\u00fck felf\u00fcggeszt\u00e9s\u00e9t.T\u00e1mogatj\u00e1k az objekt\u00edv felel\u0151ss\u00e9g kiterjeszt\u00e9s\u00e9t a t\u00e9rfigyel\u0151 kamer\u00e1val dokument\u00e1lhat\u00f3 k\u00f6zleked\u00e9si jogs\u00e9rt\u00e9sekre. A ker\u00fcletek k\u00e9r\u00e9se, hogy a b\u00edrs\u00e1gokb\u00f3l sz\u00e1rmaz\u00f3 bev\u00e9tel az \u00e9rintett \u00f6nkorm\u00e1nyzatokhoz ker\u00fclj\u00f6n, mivel az \u00f6nkorm\u00e1nyzati rend\u00e9szek v\u00e9gzik az int\u00e9zked\u00e9seket.Fel\u00fclvizsg\u00e1lj\u00e1k az \u00e9jjeli mened\u00e9khelyek m\u0171k\u00f6d\u00e9si rendj\u00e9re vonatkoz\u00f3 javaslatot.<\/p>\n<p>Pik\u00f3 szerint ezeken fel\u00fcl a Bel\u00fcgyminiszt\u00e9rium tov\u00e1bb\u00e1 javaslatot fog tenni a F\u0151v\u00e1rosi \u00d6nkorm\u00e1nyzati Rend\u00e9szeti Igazgat\u00f3s\u00e1g (F\u00d6RI) \u00e9s a ker\u00fcleti \u00f6nkorm\u00e1nyzati k\u00f6zter\u00fclet-fel\u00fcgyeletek \u00e9s rend\u00e9szetek hat\u00e1sk\u00f6reinek kiterjeszt\u00e9s\u00e9re is. \u201e\u00dcdv\u00f6z\u00f6lj\u00fck, hogy az \u00faj korm\u00e1ny el\u0151dj\u00e9t\u0151l elt\u00e9r\u0151en meghallja az \u00f6nkorm\u00e1nyzatok javaslatait \u00e9s nyitott az egy\u00fcttm\u0171k\u00f6d\u00e9sre a k\u00f6z\u00f6s probl\u00e9m\u00e1ink megold\u00e1sa \u00e9rdek\u00e9ben. [\u2026] Az elm\u00falt 16 \u00e9v b\u0171n\u00f6s mulaszt\u00e1sainak k\u00f6vetkezm\u00e9nyeit nem lehet egyik napr\u00f3l a m\u00e1sikra kezelni, de biztosak vagyunk abban, hogy a korm\u00e1ny \u00e9s az \u00f6nkorm\u00e1nyzatok egy\u00fcttm\u0171k\u00f6d\u00e9s\u00e9vel l\u00e9p\u00e9sr\u0151l l\u00e9p\u00e9sre hat\u00e9konyan jav\u00edthatjuk a k\u00f6zbiztons\u00e1gi helyzetet is\u201d \u2013 \u00edrta posztj\u00e1ban, amit Ferencv\u00e1ros, Ter\u00e9zv\u00e1ros, Erzs\u00e9betv\u00e1ros \u00e9s a XIII. ker\u00fclet polg\u00e1rmestere is al\u00e1\u00edrt.<\/p>\n<p>A budapesti bels\u0151 ker\u00fcletek vezet\u0151i ny\u00e1r k\u00f6zep\u00e9n kezdtek el arr\u00f3l kommunik\u00e1lni, hogy <a href=\"https:\/\/telex.hu\/belfold\/2026\/07\/21\/budapest-kozbiztonsag-rendorseg\" class=\"\" rel=\"nofollow noopener\" target=\"_blank\">\u00e9rezhet\u0151en romlott a k\u00f6zbiztons\u00e1g a f\u0151v\u00e1rosban<\/a>: agressz\u00edv szerhaszn\u00e1l\u00f3kra, kuk\u00e1kat felborogat\u00f3 palackgy\u0171jt\u00f6get\u0151kre, k\u00f6zter\u00fcleteken let\u00e1boroz\u00f3 embercsapatokra panaszkodtak. Szerint\u00fck az vezetett ide, hogy a Fidesz korm\u00e1nyz\u00e1sa alatt le\u00e9p\u00fclt a pszichi\u00e1triai \u00e9s addiktol\u00f3giai ell\u00e1t\u00e1s, meggyeng\u00fclt a szoci\u00e1lis int\u00e9zm\u00e9nyrendszer, a rend\u0151rs\u00e9g pedig s\u00falyos l\u00e9tsz\u00e1mhi\u00e1nnyal k\u00fczd.<\/p>\n<p>A helyzet s\u00falyoss\u00e1ga miatt k\u00f6z\u00f6s lev\u00e9lben fordultak a korm\u00e1nyhoz a ker\u00fcleti polg\u00e1rmesterek. Erre reag\u00e1lva a korm\u00e1ny <a href=\"https:\/\/telex.hu\/belfold\/2026\/07\/16\/magyar-peter-kormany-belugyminiszterium-rendorseg-budapest-kozbiztonsag\" class=\"\" rel=\"nofollow noopener\" target=\"_blank\">30 napos fokozott rend\u0151ri ellen\u0151rz\u00e9st rendelt el<\/a> j\u00falius k\u00f6zep\u00e9n. P\u00f3sfai G\u00e1bor arr\u00f3l is besz\u00e9lt, hogy \u00e9letp\u00e1lyamodellel, a b\u00e9rek rendez\u00e9s\u00e9vel \u00e9s visszaszerel\u00e9ssel oldan\u00e1k meg az orsz\u00e1gos rend\u0151rhi\u00e1nyt. A Budapesti Rend\u0151r-f\u0151kapit\u00e1nys\u00e1g \u00e9s a Bel\u00fcgyminiszt\u00e9rium szerint Magyarorsz\u00e1gon kilencezer rend\u0151r hi\u00e1nyzik, ebb\u0151l t\u00f6bb mint k\u00e9tezer Budapestr\u0151l.<\/p>\n<p>Partnereinkt\u0151l<\/p>\n<p>\u00c1ll\u00edtsd be a Telexet megb\u00edzhat\u00f3 forr\u00e1snak!<\/p>\n<p>K\u00f6vess minket Facebookon is!<\/p>\n<p> Tov\u00e1bbi \u00e9l\u0151 \u00e1rfolyamok! <\/p>\n","protected":false},"excerpt":{"rendered":"\u00c1ll\u00edtsd be a Telexet megb\u00edzhat\u00f3 forr\u00e1snak! \u201eA korm\u00e1ny elfogadta a ker\u00fcleti polg\u00e1rmesterek kezdem\u00e9nyez\u00e9seit, \u00edgy bel\u00e1that\u00f3 id\u0151n bel\u00fcl javulhat&hellip;\n","protected":false},"author":2,"featured_media":222108,"comment_status":"","ping_status":"","sticky":false,"template":"","format":"standard","meta":{"footnotes":"","_share_on_mastodon":"0"},"categories":[22],"tags":[80,4699,73,44,42,40,5615,27563,43,41,25695,29756],"class_list":["post-222107","post","type-post","status-publish","format-standard","has-post-thumbnail","category-budapest","tag-belfold","tag-belugyminiszterium","tag-budapest","tag-hu","tag-hungarian","tag-hungary","tag-jozsefvaros","tag-kozbiztonsag","tag-magyar","tag-magyarorszag","tag-piko-andras","tag-posfai-gabor"],"share_on_mastodon":{"url":"https:\/\/pubeurope.com\/@hu\/117163327918607825","error":""},"_links":{"self":[{"href":"https:\/\/www.europesays.com\/hu\/wp-json\/wp\/v2\/posts\/222107","targetHints":{"allow":["GET"]}}],"collection":[{"href":"https:\/\/www.europesays.com\/hu\/wp-json\/wp\/v2\/posts"}],"about":[{"href":"https:\/\/www.europesays.com\/hu\/wp-json\/wp\/v2\/types\/post"}],"author":[{"embeddable":true,"href":"https:\/\/www.europesays.com\/hu\/wp-json\/wp\/v2\/users\/2"}],"replies":[{"embeddable":true,"href":"https:\/\/www.europesays.com\/hu\/wp-json\/wp\/v2\/comments?post=222107"}],"version-history":[{"count":0,"href":"https:\/\/www.europesays.com\/hu\/wp-json\/wp\/v2\/posts\/222107\/revisions"}],"wp:featuredmedia":[{"embeddable":true,"href":"https:\/\/www.europesays.com\/hu\/wp-json\/wp\/v2\/media\/222108"}],"wp:attachment":[{"href":"https:\/\/www.europesays.com\/hu\/wp-json\/wp\/v2\/media?parent=222107"}],"wp:term":[{"taxonomy":"category","embeddable":true,"href":"https:\/\/www.europesays.com\/hu\/wp-json\/wp\/v2\/categories?post=222107"},{"taxonomy":"post_tag","embeddable":true,"href":"https:\/\/www.europesays.com\/hu\/wp-json\/wp\/v2\/tags?post=222107"}],"curies":[{"name":"wp","href":"https:\/\/api.w.org\/{rel}","templated":true}]}}