{"id":222169,"date":"2026-08-26T19:56:14","date_gmt":"2026-08-26T19:56:14","guid":{"rendered":"https:\/\/www.europesays.com\/hu\/222169\/"},"modified":"2026-08-26T19:56:14","modified_gmt":"2026-08-26T19:56:14","slug":"itt-az-uj-f1-es-dontes-megint-a-red-bull-jart-rosszul","status":"publish","type":"post","link":"https:\/\/www.europesays.com\/hu\/222169\/","title":{"rendered":"Itt az \u00faj F1-es d\u00f6nt\u00e9s, megint a Red Bull j\u00e1rt rosszul"},"content":{"rendered":"<p class=\"main-pic -mainPct&#10;&#9;&#9;&#9;&#9;responsive-img-container\" style=\"padding-bottom: 66.714285714286%\">\n\t\t\t\t\t<img decoding=\"async\" class=\"img-blur\" src=\"https:\/\/www.europesays.com\/hu\/wp-content\/uploads\/2026\/08\/gettyimages-2283217206-700x467.jpg\" alt=\"Itt az \u00faj F1-es d\u00f6nt\u00e9s, megint a Red Bull j\u00e1rt rosszul\"\/>\n\t\t\t\t<\/p>\n<p>Ahogy a Vezessen is t\u00f6bbsz\u00f6r \u00edrtunk m\u00e1r r\u00f3la, abb\u00f3l a c\u00e9lb\u00f3l, hogy a nagy szab\u00e1lyv\u00e1ltoz\u00e1sok miatt egyetlen gy\u00e1rt\u00f3 se maradjon tart\u00f3san h\u00e1tr\u00e1nyban, a Forma-1-ben 2026-ra \u00faj, motorfejleszt\u00e9si felz\u00e1rk\u00f3ztat\u00e1si szab\u00e1lyt (ADUO) vezettek be.<\/p>\n<p>A Nemzetk\u00f6zi Automobil Sz\u00f6vets\u00e9g (FIA) az id\u00e9ny sor\u00e1n t\u00f6bb alkalommal megvizsg\u00e1lja, \u00f6sszeveti a k\u00fcl\u00f6nb\u00f6z\u0151 motorgy\u00e1rt\u00f3k \u201eterm\u00e9keit\u201d, majd azok a gy\u00e1rt\u00f3k, akiknek a bels\u0151 \u00e9g\u00e9s\u0171 motorja \u2013 bizonyos sz\u00e1zal\u00e9kos l\u00e9pcs\u0151 szerint \u2013 h\u00e1tr\u00e1nyban van legjobbnak tal\u00e1lthoz k\u00e9pest, teljes\u00edtm\u00e9nyn\u00f6vel\u00e9si fejleszt\u00e9si lehet\u0151s\u00e9get, hozz\u00e1 pedig k\u00f6lts\u00e9gplafon-emel\u00e9st kapnak.<\/p>\n<p>Az FIA els\u0151 \u00edzben az els\u0151 \u00f6t fordul\u00f3 ut\u00e1n (Ausztr\u00e1li\u00e1t\u00f3l Kanad\u00e1ig) adott ki rangsort, mely szerint az am\u00fagy a k\u00fcls\u0151 szeml\u00e9l\u0151k \u00e9s az F1 szerepl\u0151i \u00e1ltal is a legjobbnak tekintett Mercedes helyett <a href=\"https:\/\/www.vezess.hu\/forma-1\/2026\/06\/08\/a-red-bulle-a-legjobb-motor-mindenki-mas-fejleszthet\/\" target=\"_blank\" rel=\"noopener nofollow\">a Red Bull egys\u00e9g\u00e9t tal\u00e1lt\u00e1k a m\u00e9rc\u00e9nek<\/a>, \u00edgy a Mercedes, a Ferrari, az Audi \u00e9s a Honda is kapott felz\u00e1rk\u00f3z\u00e1si lehet\u0151s\u00e9get.<\/p>\n<p>A fel\u00fcgyel\u0151szervezet most az els\u0151 11 fordul\u00f3 \u2013 azaz a Magyar Nagyd\u00edjig bez\u00e1r\u00f3lag \u2013 alapj\u00e1n adta ki \u00fajabb \u201eranglist\u00e1j\u00e1t\u201d, melyen \u00fajra csak a Red Bull saj\u00e1t gy\u00e1rt\u00e1s\u00fa bels\u0151 \u00e9g\u00e9s\u0171 motorj\u00e1t nevezt\u00e9k meg a legjobbnak.<\/p>\n<p>Az \u00faj ADUO-lista szerint a Mercedes 2-4% k\u00f6z\u00f6tti teljes\u00edtm\u00e9nyh\u00e1tr\u00e1nyban van, m\u00edg a Ferrari, az Audi \u00e9s a Honda lemarad\u00e1sa \u2013 ut\u00f3bbin\u00e1l m\u00e9g nem vehett\u00e9k figyelembe a Zandvoortban bevetett \u00faj er\u0151forr\u00e1st, ahogy azt is \u00e9rdemes hozz\u00e1tenni, hogy a Mercedes pedig m\u00e9g nem \u00e9lt a maga fejleszt\u00e9si lehet\u0151s\u00e9g\u00e9vel \u2013 h\u00e1tr\u00e1nya 4% feletti.<\/p>\n<p>Az FIA ugyan <a href=\"https:\/\/www.fia.com\/news\/fia-announces-aduo-results-following-first-and-second-review-periods-2026\" target=\"_blank\" rel=\"noopener nofollow\">a list\u00e1t k\u00f6z\u00f6lte<\/a>, de \u00fajabb fejleszt\u00e9si-homolog\u00e1ci\u00f3s lehet\u0151s\u00e9get nem jelentett be az \u00e9rintett motorgy\u00e1rt\u00f3k eset\u00e9ben.<\/p>\n<p>A k\u00f6vetkez\u0151 \u00e9rt\u00e9kel\u00e9st a Mexik\u00f3i Nagyd\u00edj ut\u00e1n k\u00e9sz\u00edtik el.<\/p>\n<p><a class=\"mobilbanner\" href=\"https:\/\/www.tixa.hu\/zsts-garage-supercarfest-20261006-vezesshu\" rel=\"nofollow noopener\" target=\"_blank\"><img decoding=\"async\" src=\"https:\/\/www.europesays.com\/hu\/wp-content\/uploads\/2026\/08\/1787774173_460_300x250-supercarfest.jpg\" alt=\"\"\/><\/a>&#13;<br \/>\n<a class=\"desktopbanner\" href=\"https:\/\/www.tixa.hu\/zsts-garage-supercarfest-20261006-vezesshu\" rel=\"nofollow noopener\" target=\"_blank\"><img decoding=\"async\" src=\"https:\/\/www.europesays.com\/hu\/wp-content\/uploads\/2026\/08\/1787774174_157_970x250-copy.jpg\" alt=\"\"\/><\/a>&#13;<\/p>\n<p>\n\t\t\t\t\tK\u00e9p(ek) forr\u00e1sa: Guenther Iby\/SEPA.Media \/Getty Images\t\t\t\t<\/p>\n","protected":false},"excerpt":{"rendered":"Ahogy a Vezessen is t\u00f6bbsz\u00f6r \u00edrtunk m\u00e1r r\u00f3la, abb\u00f3l a c\u00e9lb\u00f3l, hogy a nagy szab\u00e1lyv\u00e1ltoz\u00e1sok miatt egyetlen gy\u00e1rt\u00f3&hellip;\n","protected":false},"author":2,"featured_media":222170,"comment_status":"","ping_status":"","sticky":false,"template":"","format":"standard","meta":{"footnotes":"","_share_on_mastodon":"0"},"categories":[14],"tags":[21723,1335,1326,44,42,40,43,41,40795,3056,45,131],"class_list":["post-222169","post","type-post","status-publish","format-standard","has-post-thumbnail","category-sport","tag-aduo","tag-fia","tag-forma-1","tag-hu","tag-hungarian","tag-hungary","tag-magyar","tag-magyarorszag","tag-motorfejlesztes","tag-red-bull","tag-sport","tag-sports"],"share_on_mastodon":{"url":"https:\/\/pubeurope.com\/@hu\/117163575776975998","error":""},"_links":{"self":[{"href":"https:\/\/www.europesays.com\/hu\/wp-json\/wp\/v2\/posts\/222169","targetHints":{"allow":["GET"]}}],"collection":[{"href":"https:\/\/www.europesays.com\/hu\/wp-json\/wp\/v2\/posts"}],"about":[{"href":"https:\/\/www.europesays.com\/hu\/wp-json\/wp\/v2\/types\/post"}],"author":[{"embeddable":true,"href":"https:\/\/www.europesays.com\/hu\/wp-json\/wp\/v2\/users\/2"}],"replies":[{"embeddable":true,"href":"https:\/\/www.europesays.com\/hu\/wp-json\/wp\/v2\/comments?post=222169"}],"version-history":[{"count":0,"href":"https:\/\/www.europesays.com\/hu\/wp-json\/wp\/v2\/posts\/222169\/revisions"}],"wp:featuredmedia":[{"embeddable":true,"href":"https:\/\/www.europesays.com\/hu\/wp-json\/wp\/v2\/media\/222170"}],"wp:attachment":[{"href":"https:\/\/www.europesays.com\/hu\/wp-json\/wp\/v2\/media?parent=222169"}],"wp:term":[{"taxonomy":"category","embeddable":true,"href":"https:\/\/www.europesays.com\/hu\/wp-json\/wp\/v2\/categories?post=222169"},{"taxonomy":"post_tag","embeddable":true,"href":"https:\/\/www.europesays.com\/hu\/wp-json\/wp\/v2\/tags?post=222169"}],"curies":[{"name":"wp","href":"https:\/\/api.w.org\/{rel}","templated":true}]}}