{"id":222475,"date":"2026-08-27T04:50:14","date_gmt":"2026-08-27T04:50:14","guid":{"rendered":"https:\/\/www.europesays.com\/hu\/222475\/"},"modified":"2026-08-27T04:50:14","modified_gmt":"2026-08-27T04:50:14","slug":"varkonyi-andrea-csaladjakent-szereti-radics-gigit-es-szuleit","status":"publish","type":"post","link":"https:\/\/www.europesays.com\/hu\/222475\/","title":{"rendered":"V\u00e1rkonyi Andrea: Csal\u00e1djak\u00e9nt szereti Radics Gigit \u00e9s sz\u00fcleit"},"content":{"rendered":"<p class=\"a-lead mb-8 text-xl lg:text-xl-plus font-medium&#10;                leading-7.5 lg:leading-8\">\n    V\u00e1rkonyi Andrea \u00e9s Radics Gigi csal\u00e1dja k\u00f6z\u00f6tt nem egyszer\u0171 bar\u00e1ts\u00e1g van. A TV2 egykori h\u00edrad\u00f3sa \u00e9s Radics\u00e9k term\u00e9szetes m\u00f3don vannak jelen egym\u00e1s h\u00e9tk\u00f6znapjaiban \u00e9s \u00fcnnepeiben is.\n<\/p>\n<p>Radics Gigi 30. sz\u00fclet\u00e9snapja <a href=\"https:\/\/story.hu\/napi-friss\/2026\/07\/28\/radics-gigi-ferje-macko-miki\/j0rmg75\" id=\"65909f95-ddf4-4e18-a902-feb4422fd328\" rel=\"nofollow noopener\" target=\"_blank\">nemcsak az\u00e9rt lett eml\u00e9kezetes<\/a>, mert ezen a napon<a href=\"https:\/\/story.hu\/napi-friss\/2026\/08\/19\/radics-gigi-eskuvo-toman-szabina\/xk95nde\" id=\"6c12fda9-ee05-4df7-ae94-5bf3851badd5\" rel=\"nofollow noopener\" target=\"_blank\"> f\u00e9rjhez ment szerelm\u00e9hez, Mack\u00f3 Mikl\u00f3shoz<\/a>. A n\u00e1szn\u00e9p k\u00f6z\u00f6tt ott volt k\u00e9t olyan vend\u00e9g is, akiknek jelenl\u00e9te aligha volt meglepet\u00e9s: <a href=\"https:\/\/story.hu\/napi-friss\/2026\/08\/18\/radics-gigi-eskuvo-varkonyi-andrea-meszaros-lorinc\/lqhrls5\" id=\"15a79ec8-446f-4629-a4fe-c3224a797c01\" rel=\"nofollow noopener\" target=\"_blank\">V\u00e1rkonyi Andrea \u00e9s f\u00e9rje, M\u00e9sz\u00e1ros L\u0151rinc<\/a>. A templomi szertart\u00e1son k\u00f6zvetlen\u00fcl a legk\u00f6zelebbi csal\u00e1dtagok m\u00f6g\u00f6tt foglaltak helyet, ennek pedig nyom\u00f3s oka van. k\u00eds\u00e9rt. A k\u00e9t csal\u00e1d viszonya ugyanis j\u00f3val t\u00f6bb egy szok\u00e1sos szt\u00e1rbar\u00e1ts\u00e1gn\u00e1l.<\/p>\n<p>                        <img class=\"object-contain -portrait mx-auto w-full sm:w-auto\"  src=\"https:\/\/www.europesays.com\/hu\/wp-content\/uploads\/2026\/08\/25-k9mRaHR0cHM6Ly9pbWFnZXMuc3RvcnkuaHUvMS9EV29rOWxCYUhSMGNITTZMeTl2WTJSdUxtVjFMM0IxYkhOamJYTXZUVVJCW.webp\" alt=\"V\u00e1rkonyi Andrea \u00e9s M\u00e9sz\u00e1ros L\u0151rinc a n\u00e1szn\u00e9pben\" loading=\"lazy\" decoding=\"async\" \/><\/p>\n<p>                    Story \/ Arch\u00edv<\/p>\n<p>        V\u00e1rkonyi Andrea \u00e9s M\u00e9sz\u00e1ros L\u0151rinc a n\u00e1szn\u00e9pben<\/p>\n<p>                                                                                                                                    V\u00e1rkonyi mindig sz\u00e1m\u00edthat Radics Gigi\u00e9kre<\/p>\n<p>Andi <a href=\"https:\/\/story.hu\/cimlapsztori\/2022\/02\/12\/mit-keres-radics-gigi-varkonyi-andrea-hazaban\/\" id=\"46b8a242-bfeb-45da-8ff9-7966064fcd75\" rel=\"nofollow noopener\" target=\"_blank\">p\u00e1r \u00e9ve a Storynak err\u0151l a bar\u00e1ts\u00e1gr\u00f3l \u00edgy mes\u00e9lt<\/a>.<\/p>\n<p>\u201eVannak olyan bar\u00e1ts\u00e1gok, hogy az els\u0151 pillanatt\u00f3l olyan, mintha ezer \u00e9ve j\u00f3ban lenn\u00e9tek. Ilyenek nekem Gina, \u00e9n \u00edgy h\u00edvom Gigit, \u00e9s a csal\u00e1dja, teljesen \u00f6sszen\u0151tt\u00fcnk. Benne vannak a mindennapjaimban, p\u00e9ld\u00e1ul Gigi anyuk\u00e1ja seg\u00edtett berendezni az \u00faj otthonomat is. Hihetetlen j\u00f3 emberek, csal\u00e1di \u00e9rz\u00e9ssel teli ez a bar\u00e1ts\u00e1g.\u201d<\/p>\n<p>A kapcsolatuknak r\u00e1ad\u00e1sul nagyon is k\u00e9zzelfoghat\u00f3 eml\u00e9kei vannak. Amikor Andi 2018-ban, a Bochkor G\u00e1borral val\u00f3 szak\u00edt\u00e1sa ut\u00e1n \u00faj \u00e9letet kezdett l\u00e1ny\u00e1val, N\u00f3rival \u00c9rden, \u00faj otthonuk fel\u00faj\u00edt\u00e1s\u00e1ban Radics Gigi \u00e9desapj\u00e1nak, Tam\u00e1snak a c\u00e9ge is seg\u00edtett. Gigi \u00e9desanyja, Bea pedig a bels\u0151 enteri\u0151rt alak\u00edtotta ki. Andi maga is sokat dolgozott a h\u00e1zon Radics\u00e9kkal kar\u00f6ltve: b\u00fatorokat szerelt, a kertet rendezte. Az ingatlanhoz k\u00fcl\u00f6n\u00f6sen er\u0151s \u00e9rzelmek k\u00f6t\u00f6tt\u00e9k. \u00cdgy amikor k\u00e9s\u0151bb M\u00e9sz\u00e1ros L\u0151rinccel k\u00f6z\u00f6s vill\u00e1j\u00e1ba k\u00f6lt\u00f6z\u00f6tt, nem v\u00e1lt meg az \u00e9rdi h\u00e1zt\u00f3l. Ink\u00e1bb olyanoknak adta ki, akikben felt\u00e9tel n\u00e9lk\u00fcl megb\u00edzott: Radics Gigi sz\u00fcleinek. Ez tal\u00e1n mindenn\u00e9l t\u00f6bbet elmond arr\u00f3l, milyen k\u00f6zel ker\u00fcltek egym\u00e1shoz.<\/p>\n<p>Tov\u00e1bbi r\u00e9szletek a <a href=\"https:\/\/www.mc.hu\/magazin\/story_elofizetes\" id=\"419fc9d9-de67-4dbc-b2f6-0b0f55405c49\" rel=\"nofollow noopener\" target=\"_blank\">legfrissebb Storyban<\/a>!<\/p>\n<p>                        <img class=\"object-contain -portrait mx-auto w-full sm:w-auto\"  src=\"https:\/\/www.europesays.com\/hu\/wp-content\/uploads\/2026\/08\/Lsnk9mBaHR0cHM6Ly9pbWFnZXMuc3RvcnkuaHUvMS9zMHBrOWxCYUhSMGNITTZMeTl2WTJSdUxtVjFMM0IxYkhOamJYTXZUVVJCW.webp\" alt=\"A legfrissebb Story magazint keress\u00e9k az \u00fajs\u00e1g\u00e1rusokn\u00e1l!\" loading=\"lazy\" decoding=\"async\" \/><\/p>\n<p>                    Story<\/p>\n<p>        A legfrissebb Story magazint keress\u00e9k az \u00fajs\u00e1g\u00e1rusokn\u00e1l!<\/p>\n","protected":false},"excerpt":{"rendered":"V\u00e1rkonyi Andrea \u00e9s Radics Gigi csal\u00e1dja k\u00f6z\u00f6tt nem egyszer\u0171 bar\u00e1ts\u00e1g van. A TV2 egykori h\u00edrad\u00f3sa \u00e9s Radics\u00e9k term\u00e9szetes&hellip;\n","protected":false},"author":2,"featured_media":222476,"comment_status":"","ping_status":"","sticky":false,"template":"","format":"standard","meta":{"footnotes":"","_share_on_mastodon":"0"},"categories":[16],"tags":[1045,137,1297,44,42,40,28112,43,41,2949,5978,138,7761],"class_list":["post-222475","post","type-post","status-publish","format-standard","has-post-thumbnail","category-szorakozas","tag-baratsag","tag-entertainment","tag-eskuvo","tag-hu","tag-hungarian","tag-hungary","tag-macko-miki","tag-magyar","tag-magyarorszag","tag-meszaros-lorinc","tag-radics-gigi","tag-szorakozas","tag-varkonyi-andrea"],"share_on_mastodon":{"url":"https:\/\/pubeurope.com\/@hu\/117165675815899234","error":""},"_links":{"self":[{"href":"https:\/\/www.europesays.com\/hu\/wp-json\/wp\/v2\/posts\/222475","targetHints":{"allow":["GET"]}}],"collection":[{"href":"https:\/\/www.europesays.com\/hu\/wp-json\/wp\/v2\/posts"}],"about":[{"href":"https:\/\/www.europesays.com\/hu\/wp-json\/wp\/v2\/types\/post"}],"author":[{"embeddable":true,"href":"https:\/\/www.europesays.com\/hu\/wp-json\/wp\/v2\/users\/2"}],"replies":[{"embeddable":true,"href":"https:\/\/www.europesays.com\/hu\/wp-json\/wp\/v2\/comments?post=222475"}],"version-history":[{"count":0,"href":"https:\/\/www.europesays.com\/hu\/wp-json\/wp\/v2\/posts\/222475\/revisions"}],"wp:featuredmedia":[{"embeddable":true,"href":"https:\/\/www.europesays.com\/hu\/wp-json\/wp\/v2\/media\/222476"}],"wp:attachment":[{"href":"https:\/\/www.europesays.com\/hu\/wp-json\/wp\/v2\/media?parent=222475"}],"wp:term":[{"taxonomy":"category","embeddable":true,"href":"https:\/\/www.europesays.com\/hu\/wp-json\/wp\/v2\/categories?post=222475"},{"taxonomy":"post_tag","embeddable":true,"href":"https:\/\/www.europesays.com\/hu\/wp-json\/wp\/v2\/tags?post=222475"}],"curies":[{"name":"wp","href":"https:\/\/api.w.org\/{rel}","templated":true}]}}