{"id":222509,"date":"2026-08-27T05:33:06","date_gmt":"2026-08-27T05:33:06","guid":{"rendered":"https:\/\/www.europesays.com\/hu\/222509\/"},"modified":"2026-08-27T05:33:06","modified_gmt":"2026-08-27T05:33:06","slug":"konferencia-liga-bolla-bendeguzzal-soraiban-orult-meccsen-esett-ki-a-rapid-wien","status":"publish","type":"post","link":"https:\/\/www.europesays.com\/hu\/222509\/","title":{"rendered":"Konferencia Liga: Bolla Bendeg\u00fazzal soraiban, \u0151r\u00fclt meccsen esett ki a Rapid Wien"},"content":{"rendered":"<p>Az osztr\u00e1k bajnoks\u00e1gban \u00f6t\u00f6dik helyen v\u00e9gz\u0151 b\u00e9csi egy\u00fcttes a harmadik sz\u00e1m\u00fa eur\u00f3pai kupasorozat selejtez\u0151j\u00e9nek m\u00e1sodik fordul\u00f3j\u00e1ban csatlakozott a mez\u0151nyh\u00f6z, \u00e9s el\u0151bb egy andorrai, majd egy \u00e9szt csapatot b\u00facs\u00faztatott kett\u0151s gy\u0151zelemmel.<\/p>\n<p>A selejtez\u0151 utols\u00f3 fordul\u00f3j\u00e1ban a m\u00falt cs\u00fct\u00f6rt\u00f6k\u00f6n Sk\u00f3ci\u00e1ban el\u00e9rt 2-2-es d\u00f6ntetlennel a z\u00f6ld-feh\u00e9rek kedvez\u0151 helyzetben v\u00e1rt\u00e1k a visszav\u00e1g\u00f3t,<\/p>\n<p>amelyen \u2013 ahogyan az els\u0151 m\u00e9rk\u0151z\u00e9sen is \u2013 a 36-szoros magyar v\u00e1logatott Bolla Bendeg\u00faz a kezd\u0151csapatban szerepelt.<\/p>\n<p>A Rapid az els\u0151 f\u00e9lid\u0151ben megszerezte a vezet\u00e9st, s\u0151t a 76. percben emberel\u0151nybe is ker\u00fclt, a sk\u00f3t ellenf\u00e9l m\u00e9gis egyenl\u00edtett, s\u0151t a hosszabb\u00edt\u00e1sban a 100. percben el\u00e9rt \u00fajabb tal\u00e1lattal m\u00e1r tov\u00e1bbjut\u00e1sra \u00e1llt.<\/p>\n<p>A b\u00e9csiek mindent egy lapra felt\u00e9ve t\u00e1madtak, a rendes j\u00e1t\u00e9kid\u0151 v\u00e9g\u00e9n s\u00e1rga lapot kap\u00f3 Boll\u00e1t a 111. percben lecser\u00e9lte az edz\u0151je, aki t\u00e1mad\u00f3t k\u00fcld\u00f6tt a p\u00e1ly\u00e1ra, v\u00e9g\u00fcl a 119. percben \u00f6sszej\u00f6tt az egyenl\u00edt\u00e9s,<\/p>\n<p>de a tizenegyeseket jobban r\u00fagt\u00e1k a sk\u00f3t csapat j\u00e1t\u00e9kosai, \u00edgy a Rapid sz\u00e1m\u00e1ra v\u00e9get \u00e9rt az idei eur\u00f3pai kupaszezon.<\/p>\n<p>\nKonferencia Liga, playoff, visszav\u00e1g\u00f3\n<\/p>\n<p>Rapid Wien (osztr\u00e1k) \u2013 Hearts (sk\u00f3t) 2-2 \u2013 11-esekkel 3:4<br \/>tov\u00e1bbjutott: a Hearts, 4-4-gyel, tizenegyesekkel<\/p>\n<p>(MTI)<\/p>\n","protected":false},"excerpt":{"rendered":"Az osztr\u00e1k bajnoks\u00e1gban \u00f6t\u00f6dik helyen v\u00e9gz\u0151 b\u00e9csi egy\u00fcttes a harmadik sz\u00e1m\u00fa eur\u00f3pai kupasorozat selejtez\u0151j\u00e9nek m\u00e1sodik fordul\u00f3j\u00e1ban csatlakozott a&hellip;\n","protected":false},"author":2,"featured_media":222510,"comment_status":"","ping_status":"","sticky":false,"template":"","format":"standard","meta":{"footnotes":"","_share_on_mastodon":"0"},"categories":[14],"tags":[37043,378,7286,44,42,40,2953,6458,502,43,41,23419,45,131],"class_list":["post-222509","post","type-post","status-publish","format-standard","has-post-thumbnail","category-sport","tag-bolla-bendeguz","tag-foci","tag-hearts","tag-hu","tag-hungarian","tag-hungary","tag-kieses","tag-konferencia-liga","tag-labdarugas","tag-magyar","tag-magyarorszag","tag-rapid-wien","tag-sport","tag-sports"],"share_on_mastodon":{"url":"https:\/\/pubeurope.com\/@hu\/117165844474138771","error":""},"_links":{"self":[{"href":"https:\/\/www.europesays.com\/hu\/wp-json\/wp\/v2\/posts\/222509","targetHints":{"allow":["GET"]}}],"collection":[{"href":"https:\/\/www.europesays.com\/hu\/wp-json\/wp\/v2\/posts"}],"about":[{"href":"https:\/\/www.europesays.com\/hu\/wp-json\/wp\/v2\/types\/post"}],"author":[{"embeddable":true,"href":"https:\/\/www.europesays.com\/hu\/wp-json\/wp\/v2\/users\/2"}],"replies":[{"embeddable":true,"href":"https:\/\/www.europesays.com\/hu\/wp-json\/wp\/v2\/comments?post=222509"}],"version-history":[{"count":0,"href":"https:\/\/www.europesays.com\/hu\/wp-json\/wp\/v2\/posts\/222509\/revisions"}],"wp:featuredmedia":[{"embeddable":true,"href":"https:\/\/www.europesays.com\/hu\/wp-json\/wp\/v2\/media\/222510"}],"wp:attachment":[{"href":"https:\/\/www.europesays.com\/hu\/wp-json\/wp\/v2\/media?parent=222509"}],"wp:term":[{"taxonomy":"category","embeddable":true,"href":"https:\/\/www.europesays.com\/hu\/wp-json\/wp\/v2\/categories?post=222509"},{"taxonomy":"post_tag","embeddable":true,"href":"https:\/\/www.europesays.com\/hu\/wp-json\/wp\/v2\/tags?post=222509"}],"curies":[{"name":"wp","href":"https:\/\/api.w.org\/{rel}","templated":true}]}}