{"id":222519,"date":"2026-08-27T05:40:08","date_gmt":"2026-08-27T05:40:08","guid":{"rendered":"https:\/\/www.europesays.com\/hu\/222519\/"},"modified":"2026-08-27T05:40:08","modified_gmt":"2026-08-27T05:40:08","slug":"nagy-valtozas-johet-budapest-utcain-ejszakai-dohanyboltzar-es-szigorubb-ellenorzesek-johetnek-2","status":"publish","type":"post","link":"https:\/\/www.europesays.com\/hu\/222519\/","title":{"rendered":"Nagy v\u00e1ltoz\u00e1s j\u00f6het Budapest utc\u00e1in: \u00e9jszakai doh\u00e1nyboltz\u00e1r \u00e9s szigor\u00fabb ellen\u0151rz\u00e9sek j\u00f6hetnek"},"content":{"rendered":"<p data-alignment=\"left\" class=\"text-left\" data-block-key=\"ob62q\">A korm\u00e1ny elfogadta a ker\u00fcleti polg\u00e1rmesterek kezdem\u00e9nyez\u00e9seit, \u00edgy bel\u00e1that\u00f3 id\u0151n bel\u00fcl javulhat Budapest k\u00f6zbiztons\u00e1ga &#8211; jelentette be \u00f6t bels\u0151 ker\u00fclet polg\u00e1rmestere k\u00f6z\u00f6s k\u00f6zlem\u00e9nyben.<\/p>\n<p data-alignment=\"left\" class=\"text-left\" data-block-key=\"dn5oq\">Az \u00f6sszegz\u00e9st, amelyet Facebook-oldalukon k\u00f6zz\u00e9tettek, Baranyi Krisztina (IX. ker\u00fclet), Niederm\u00fcller P\u00e9ter (VII. ker\u00fclet), Pik\u00f3 Andr\u00e1s (VIII. ker\u00fclet), Soproni Tam\u00e1s (VI. ker\u00fclet) \u00e9s T\u00f3th J\u00f3zsef (XIII. ker\u00fclet) polg\u00e1rmester \u00edrta al\u00e1.<\/p>\n<p>  <a rel=\"noopener nofollow\" href=\"https:\/\/indamediasales.hu\/2019\/06\/25\/quality_placement_minosegbiztositasi_tajekoztato_728\" target=\"_blank\" class=\"flex items-center\"><\/p>\n<p>      <img loading=\"lazy\" decoding=\"async\" src=\"https:\/\/www.economx.hu\/neon\/static\/images\/brand\/quality_placement_logo.svg\" alt=\"Quality Placement\" width=\"150\" height=\"15\"\/><\/p>\n<p>  <\/a><\/p>\n<p>\n  hirdet\u00e9s<\/p>\n<p>    X<\/p>\n<p data-alignment=\"left\" class=\"text-left\" data-block-key=\"aavsj\">Felid\u00e9zt\u00e9k: Budapest bels\u0151 ker\u00fcleteinek polg\u00e1rmesterei j\u00falius 15-\u00e9n <a href=\"https:\/\/www.economx.hu\/belfold\/2026\/07\/16\/budapest-belvaros-kozbiztonsag-intezkedesek-kormany-belugyminiszter\/\" target=\"_blank\" rel=\" noopener noreferrer nofollow\">fordultak<\/a> a korm\u00e1nyhoz, azonnali int\u00e9zked\u00e9seket kezdem\u00e9nyezve a f\u0151v\u00e1rosi k\u00f6zbiztons\u00e1g jav\u00edt\u00e1sa \u00e9rdek\u00e9ben. Akkor 30 napos fokozott rend\u0151ri <a href=\"https:\/\/www.economx.hu\/belfold\/2026\/07\/19\/belvarosi-kozbiztonsag-amig-egymasra-mutogatnak-politikusok-brfk-mar-intezkedik\/\" target=\"_blank\" rel=\" noopener noreferrer nofollow\">ellen\u0151rz\u00e9s<\/a> indult, most pedig tov\u00e1bbi kezdem\u00e9nyez\u00e9seik elfogad\u00e1s\u00e1r\u00f3l sz\u00e1molt be P\u00f3sfai G\u00e1bor bel\u00fcgyminiszter.<\/p>\n<p data-alignment=\"left\" class=\"text-left\" data-block-key=\"42c9h\">Az 5 pontos \u00f6sszegz\u00e9s 1. pontj\u00e1ban kifejtett\u00e9k:<\/p>\n<p data-alignment=\"left\" class=\"text-left\" data-block-key=\"alste\">a korm\u00e1ny elfogadta azt a javaslatukat, hogy legyen \u00e1lland\u00f3 rend\u0151ri jelenl\u00e9t Budapest legprobl\u00e9m\u00e1sabb csom\u00f3pontjain.<\/p>\n<p data-alignment=\"left\" class=\"text-left\" data-block-key=\"96di8\">A bel\u00fcgyminiszter t\u00e1j\u00e9koztat\u00e1sa szerint 19 \u00e1lland\u00f3 \u00e9s 90 &#8222;visszat\u00e9r\u0151&#8221; f\u0151v\u00e1rosi helysz\u00ednen lesz koncentr\u00e1lt rend\u0151ri jelenl\u00e9t. A polg\u00e1rmesterek azt k\u00e9rik, hogy ezeket a helysz\u00edneket a ker\u00fcleti \u00f6nkorm\u00e1nyzatokkal val\u00f3 egyeztet\u00e9s ut\u00e1n legk\u00e9s\u0151bb 2026. szeptember 15-ig jel\u00f6lj\u00e9k ki.<\/p>\n<p data-alignment=\"left\" class=\"text-left\" data-block-key=\"1iup9\">A 2. pontban azt \u00edrt\u00e1k, az \u00e1ltaluk javasolt Budapest-p\u00f3tl\u00e9k \u00fcgy\u00e9ben a bel\u00fcgyminiszter arr\u00f3l t\u00e1j\u00e9koztatott, hogy a korm\u00e1ny napirendj\u00e9n van a f\u0151v\u00e1rosi rendv\u00e9delmi dolgoz\u00f3k szolg\u00e1latteljes\u00edt\u00e9s\u00e9nek saj\u00e1toss\u00e1gait figyelembe vev\u0151 b\u00e9rp\u00f3tl\u00e9k bevezet\u00e9s\u00e9nek k\u00e9rd\u00e9se. A kezdem\u00e9nyez\u0151k e t\u00e9m\u00e1ban azt javasolj\u00e1k, hogy a b\u00e9rp\u00f3tl\u00e9k \u00fcgy\u00e9t a korm\u00e1ny s\u00fcrg\u0151ss\u00e9ggel t\u00e1rgyalja.<\/p>\n<p data-alignment=\"left\" class=\"text-left\" data-block-key=\"62p45\">A 3. t\u00e9mak\u00e9nt eml\u00edtett\u00e9k, hogy a bel\u00fcgyminiszter t\u00e1mogatja:<\/p>\n<p data-alignment=\"left\" class=\"text-left\" data-block-key=\"alste\">az \u00f6nkorm\u00e1nyzatok kapjanak val\u00f3di hat\u00f3s\u00e1gi jogk\u00f6r\u00f6ket a doh\u00e1nyboltok m\u0171k\u00f6d\u00e9s\u00e9nek szab\u00e1lyoz\u00e1s\u00e1ra.<\/p>\n<p data-alignment=\"left\" class=\"text-left\" data-block-key=\"dlkhe\">Az ezzel kapcsolatos korm\u00e1nyel\u0151terjeszt\u00e9s el\u0151k\u00e9sz\u00edt\u00e9se m\u00e1r zajlik. A polg\u00e1rmesterek azt k\u00e9rik, hogy a ker\u00fcletek olyan hat\u00f3s\u00e1gi jogk\u00f6r\u00f6ket kapjanak, amelyek lehet\u0151v\u00e9 teszik az \u00f6nkorm\u00e1nyzatok sz\u00e1m\u00e1ra a doh\u00e1nyboltok \u00e9jszakai nyitvatart\u00e1s\u00e1nak korl\u00e1toz\u00e1s\u00e1t, s\u00falyos jogs\u00e9rt\u00e9sek eset\u00e9n m\u0171k\u00f6d\u00e9s\u00fck felf\u00fcggeszt\u00e9s\u00e9t.<\/p>\n<p data-alignment=\"left\" class=\"text-left\" data-block-key=\"b2rnu\">A 4. pontban hozz\u00e1tett\u00e9k: a Bel\u00fcgyminiszt\u00e9rium ugyancsak t\u00e1mogatja az objekt\u00edv felel\u0151ss\u00e9g kiterjeszt\u00e9s\u00e9t a t\u00e9rfigyel\u0151 kamer\u00e1val dokument\u00e1lhat\u00f3 k\u00f6zleked\u00e9si jogs\u00e9rt\u00e9sekre. A polg\u00e1rmesterek szeretn\u00e9k, ha a k\u00f6zter\u00fclet-fel\u00fcgyelet \u00e1ltal kiszabott \u00e9s behajtott b\u00edrs\u00e1gokb\u00f3l sz\u00e1rmaz\u00f3 bev\u00e9tel az \u00e9rintett \u00f6nkorm\u00e1nyzatokat illetn\u00e9 meg.<\/p>\n<p data-alignment=\"left\" class=\"text-left\" data-block-key=\"7ga76\">Az 5. pontban kit\u00e9rtek arra, a korm\u00e1ny megvizsg\u00e1lja az \u00e9jjeli mened\u00e9khelyek m\u0171k\u00f6d\u00e9si rendj\u00e9vel kapcsolatos javaslatukat. A bel\u00fcgyminiszter jelezte, hogy ez a korm\u00e1ny \u00e1ltal fel\u00e1ll\u00edtand\u00f3 szoci\u00e1lis munkacsoport feladata lesz.<\/p>\n<p data-alignment=\"left\" class=\"text-left\" data-block-key=\"3tah7\">K\u00f6z\u00f6lt\u00e9k tov\u00e1bb\u00e1: a Bel\u00fcgyminiszt\u00e9rium javaslatot fog tenni a F\u0151v\u00e1rosi \u00d6nkorm\u00e1nyzati Rend\u00e9szeti Igazgat\u00f3s\u00e1g (F\u00d6RI) \u00e9s a ker\u00fcleti \u00f6nkorm\u00e1nyzati k\u00f6zter\u00fclet-fel\u00fcgyeletek \u00e9s rend\u00e9szetek hat\u00e1sk\u00f6reinek kiterjeszt\u00e9s\u00e9re.<\/p>\n<p data-alignment=\"left\" class=\"text-left\" data-block-key=\"ebbom\">&#8222;Az elm\u00falt 16 \u00e9v b\u0171n\u00f6s mulaszt\u00e1sainak k\u00f6vetkezm\u00e9nyeit nem lehet egyik napr\u00f3l a m\u00e1sikra kezelni, de biztosak vagyunk abban, hogy a korm\u00e1ny \u00e9s az \u00f6nkorm\u00e1nyzatok egy\u00fcttm\u0171k\u00f6d\u00e9s\u00e9vel l\u00e9p\u00e9sr\u0151l l\u00e9p\u00e9sre hat\u00e9konyan jav\u00edthatjuk a k\u00f6zbiztons\u00e1gi helyzetet is&#8221; &#8211; \u00e1ll a k\u00f6z\u00f6s k\u00f6zlem\u00e9nyben.<\/p>\n<p><a href=\"https:\/\/google.com\/preferences\/source?q=https%3A\/\/www.economx.hu\" rel=\"noopener nofollow\" referrerpolicy=\"no-referrer-when-downgrade\" class=\"!flex !items-center !gap-5 !py-2 !px-3 w-full !rounded-xl !font-bold cursor-pointer !no-underline relative !bg-white !text-[#202124] !border !border-[#858585] dark:!bg-[#323232] dark:!text-white dark:border-none my-4 \" target=\"_blank\"><br \/>\n  <img decoding=\"async\" src=\"https:\/\/www.economx.hu\/neon\/static\/images\/favicons\/google_favicon.svg\" alt=\"Google\" class=\"shrink-0 w-7 h-7\"\/><br \/>\n  \u00c1ll\u00edtsd be, hogy az Economx az els\u0151k k\u00f6z\u00f6tt legyen a Google-tal\u00e1latokban!<\/p>\n<p><\/a><\/p>\n","protected":false},"excerpt":{"rendered":"A korm\u00e1ny elfogadta a ker\u00fcleti polg\u00e1rmesterek kezdem\u00e9nyez\u00e9seit, \u00edgy bel\u00e1that\u00f3 id\u0151n bel\u00fcl javulhat Budapest k\u00f6zbiztons\u00e1ga &#8211; jelentette be \u00f6t&hellip;\n","protected":false},"author":2,"featured_media":222520,"comment_status":"","ping_status":"","sticky":false,"template":"","format":"standard","meta":{"footnotes":"","_share_on_mastodon":"0"},"categories":[22],"tags":[73,44,42,40,27563,43,41,3338],"class_list":["post-222519","post","type-post","status-publish","format-standard","has-post-thumbnail","category-budapest","tag-budapest","tag-hu","tag-hungarian","tag-hungary","tag-kozbiztonsag","tag-magyar","tag-magyarorszag","tag-polgarmester"],"share_on_mastodon":{"url":"https:\/\/pubeurope.com\/@hu\/117165872494215218","error":""},"_links":{"self":[{"href":"https:\/\/www.europesays.com\/hu\/wp-json\/wp\/v2\/posts\/222519","targetHints":{"allow":["GET"]}}],"collection":[{"href":"https:\/\/www.europesays.com\/hu\/wp-json\/wp\/v2\/posts"}],"about":[{"href":"https:\/\/www.europesays.com\/hu\/wp-json\/wp\/v2\/types\/post"}],"author":[{"embeddable":true,"href":"https:\/\/www.europesays.com\/hu\/wp-json\/wp\/v2\/users\/2"}],"replies":[{"embeddable":true,"href":"https:\/\/www.europesays.com\/hu\/wp-json\/wp\/v2\/comments?post=222519"}],"version-history":[{"count":0,"href":"https:\/\/www.europesays.com\/hu\/wp-json\/wp\/v2\/posts\/222519\/revisions"}],"wp:featuredmedia":[{"embeddable":true,"href":"https:\/\/www.europesays.com\/hu\/wp-json\/wp\/v2\/media\/222520"}],"wp:attachment":[{"href":"https:\/\/www.europesays.com\/hu\/wp-json\/wp\/v2\/media?parent=222519"}],"wp:term":[{"taxonomy":"category","embeddable":true,"href":"https:\/\/www.europesays.com\/hu\/wp-json\/wp\/v2\/categories?post=222519"},{"taxonomy":"post_tag","embeddable":true,"href":"https:\/\/www.europesays.com\/hu\/wp-json\/wp\/v2\/tags?post=222519"}],"curies":[{"name":"wp","href":"https:\/\/api.w.org\/{rel}","templated":true}]}}