{"id":222692,"date":"2026-08-27T08:23:15","date_gmt":"2026-08-27T08:23:15","guid":{"rendered":"https:\/\/www.europesays.com\/hu\/222692\/"},"modified":"2026-08-27T08:23:15","modified_gmt":"2026-08-27T08:23:15","slug":"dohanyboltok-kozlekedesi-birsagok-hajlektalanok-hatalmas-valtozasok-jonnek-budapest-belso-keruleteiben","status":"publish","type":"post","link":"https:\/\/www.europesays.com\/hu\/222692\/","title":{"rendered":"Doh\u00e1nyboltok, k\u00f6zleked\u00e9si b\u00edrs\u00e1gok, hajl\u00e9ktalanok \u2013 hatalmas v\u00e1ltoz\u00e1sok j\u00f6nnek Budapest bels\u0151 ker\u00fcleteiben"},"content":{"rendered":"<p>A korm\u00e1ny elfogadta a ker\u00fcleti polg\u00e1rmesterek kezdem\u00e9nyez\u00e9seit, \u00edgy bel\u00e1that\u00f3 id\u0151n bel\u00fcl javulhat Budapest k\u00f6zbiztons\u00e1ga \u2013 k\u00f6z\u00f6lte \u00f6t bels\u0151 ker\u00fclet polg\u00e1rmestere szerd\u00e1n k\u00f6z\u00f6s k\u00f6zlem\u00e9nyben. Az \u00f6sszegz\u00e9st Baranyi Krisztina (IX. ker\u00fclet), Niederm\u00fcller P\u00e9ter (VII. ker\u00fclet), Pik\u00f3 Andr\u00e1s (VIII. ker\u00fclet), Soproni Tam\u00e1s (VI. ker\u00fclet) \u00e9s T\u00f3th J\u00f3zsef (XIII. ker\u00fclet) polg\u00e1rmester \u00edrta al\u00e1.<\/p>\n<p>A k\u00f6zlem\u00e9nyben, amelyet T\u00f3th J\u00f3zsef (MSZP-DK-P\u00e1rbesz\u00e9d-Z\u00f6ldek-Momentum-XIII. Ker\u00fcleti Lok\u00e1lpatri\u00f3t\u00e1k) a Facebook-oldal\u00e1n tett k\u00f6zz\u00e9, felid\u00e9zt\u00e9k: Budapest bels\u0151 ker\u00fcleteinek polg\u00e1rmesterei j\u00falius 15-\u00e9n fordultak a korm\u00e1nyhoz, azonnali int\u00e9zked\u00e9seket kezdem\u00e9nyezve a f\u0151v\u00e1rosi k\u00f6zbiztons\u00e1g jav\u00edt\u00e1sa \u00e9rdek\u00e9ben. Akkor 30 napos fokozott rend\u0151ri ellen\u0151rz\u00e9s indult, most pedig tov\u00e1bbi kezdem\u00e9nyez\u00e9seik elfogad\u00e1s\u00e1r\u00f3l sz\u00e1molt be P\u00f3sfai G\u00e1bor bel\u00fcgyminiszter.<\/p>\n<p>Az 5 pontos \u00f6sszegz\u00e9s 1. pontj\u00e1ban kifejtett\u00e9k: a korm\u00e1ny elfogadta azt a javaslatukat, hogy legyen \u00e1lland\u00f3 rend\u0151ri jelenl\u00e9t Budapest legprobl\u00e9m\u00e1sabb csom\u00f3pontjain. A bel\u00fcgyminiszter t\u00e1j\u00e9koztat\u00e1sa szerint 19 \u00e1lland\u00f3 \u00e9s 90 \u201evisszat\u00e9r\u0151\u201d f\u0151v\u00e1rosi helysz\u00ednen lesz koncentr\u00e1lt rend\u0151ri jelenl\u00e9t. A polg\u00e1rmesterek azt k\u00e9rik, hogy ezeket a helysz\u00edneket a ker\u00fcleti \u00f6nkorm\u00e1nyzatokkal val\u00f3 egyeztet\u00e9s ut\u00e1n legk\u00e9s\u0151bb 2026. szeptember 15-ig jel\u00f6lj\u00e9k ki.<\/p>\n<p>A 2. pontban azt \u00edrt\u00e1k, az \u00e1ltaluk javasolt Budapest-p\u00f3tl\u00e9k \u00fcgy\u00e9ben a bel\u00fcgyminiszter arr\u00f3l t\u00e1j\u00e9koztatott, hogy a korm\u00e1ny napirendj\u00e9n van a f\u0151v\u00e1rosi rendv\u00e9delmi dolgoz\u00f3k szolg\u00e1latteljes\u00edt\u00e9s\u00e9nek saj\u00e1toss\u00e1gait figyelembe vev\u0151 b\u00e9rp\u00f3tl\u00e9k bevezet\u00e9s\u00e9nek k\u00e9rd\u00e9se. A kezdem\u00e9nyez\u0151k e t\u00e9m\u00e1ban azt javasolj\u00e1k, hogy a b\u00e9rp\u00f3tl\u00e9k \u00fcgy\u00e9t a korm\u00e1ny s\u00fcrg\u0151ss\u00e9ggel t\u00e1rgyalja.<\/p>\n<p>A 3. t\u00e9mak\u00e9nt eml\u00edtett\u00e9k, hogy a bel\u00fcgyminiszter t\u00e1mogatja: az \u00f6nkorm\u00e1nyzatok kapjanak val\u00f3di hat\u00f3s\u00e1gi jogk\u00f6r\u00f6ket a doh\u00e1nyboltok m\u0171k\u00f6d\u00e9s\u00e9nek szab\u00e1lyoz\u00e1s\u00e1ra. Az ezzel kapcsolatos korm\u00e1nyel\u0151terjeszt\u00e9s el\u0151k\u00e9sz\u00edt\u00e9se m\u00e1r zajlik. A polg\u00e1rmesterek azt k\u00e9rik, hogy a ker\u00fcletek olyan hat\u00f3s\u00e1gi jogk\u00f6r\u00f6ket kapjanak, amelyek lehet\u0151v\u00e9 teszik az \u00f6nkorm\u00e1nyzatok sz\u00e1m\u00e1ra a doh\u00e1nyboltok \u00e9jszakai nyitvatart\u00e1s\u00e1nak korl\u00e1toz\u00e1s\u00e1t, s\u00falyos jogs\u00e9rt\u00e9sek eset\u00e9n m\u0171k\u00f6d\u00e9s\u00fck felf\u00fcggeszt\u00e9s\u00e9t.<\/p>\n<p>A 4. pontban hozz\u00e1tett\u00e9k: a Bel\u00fcgyminiszt\u00e9rium ugyancsak t\u00e1mogatja az objekt\u00edv felel\u0151ss\u00e9g kiterjeszt\u00e9s\u00e9t a t\u00e9rfigyel\u0151 kamer\u00e1val dokument\u00e1lhat\u00f3 k\u00f6zleked\u00e9si jogs\u00e9rt\u00e9sekre. A polg\u00e1rmesterek szeretn\u00e9k, ha a k\u00f6zter\u00fclet-fel\u00fcgyelet \u00e1ltal kiszabott \u00e9s behajtott b\u00edrs\u00e1gokb\u00f3l sz\u00e1rmaz\u00f3 bev\u00e9tel az \u00e9rintett \u00f6nkorm\u00e1nyzatokat illetn\u00e9 meg.<\/p>\n<p>Az 5. pontban kit\u00e9rtek arra, a korm\u00e1ny megvizsg\u00e1lja az \u00e9jjeli mened\u00e9khelyek m\u0171k\u00f6d\u00e9si rendj\u00e9vel kapcsolatos javaslatukat. A bel\u00fcgyminiszter jelezte, hogy ez a korm\u00e1ny \u00e1ltal fel\u00e1ll\u00edtand\u00f3 szoci\u00e1lis munkacsoport feladata lesz.<\/p>\n<p>K\u00f6z\u00f6lt\u00e9k tov\u00e1bb\u00e1: a Bel\u00fcgyminiszt\u00e9rium javaslatot fog tenni a F\u0151v\u00e1rosi \u00d6nkorm\u00e1nyzati Rend\u00e9szeti Igazgat\u00f3s\u00e1g (F\u00d6RI) \u00e9s a ker\u00fcleti \u00f6nkorm\u00e1nyzati k\u00f6zter\u00fclet-fel\u00fcgyeletek \u00e9s rend\u00e9szetek hat\u00e1sk\u00f6reinek kiterjeszt\u00e9s\u00e9re.<\/p>\n<p>&#8222;Az elm\u00falt 16 \u00e9v b\u0171n\u00f6s mulaszt\u00e1sainak k\u00f6vetkezm\u00e9nyeit nem lehet egyik napr\u00f3l a m\u00e1sikra kezelni, de biztosak vagyunk abban, hogy a korm\u00e1ny \u00e9s az \u00f6nkorm\u00e1nyzatok egy\u00fcttm\u0171k\u00f6d\u00e9s\u00e9vel l\u00e9p\u00e9sr\u0151l l\u00e9p\u00e9sre hat\u00e9konyan jav\u00edthatjuk a k\u00f6zbiztons\u00e1gi helyzetet is&#8221; &#8211; \u00e1ll a k\u00f6z\u00f6s k\u00f6zlem\u00e9nyben.<\/p>\n","protected":false},"excerpt":{"rendered":"A korm\u00e1ny elfogadta a ker\u00fcleti polg\u00e1rmesterek kezdem\u00e9nyez\u00e9seit, \u00edgy bel\u00e1that\u00f3 id\u0151n bel\u00fcl javulhat Budapest k\u00f6zbiztons\u00e1ga \u2013 k\u00f6z\u00f6lte \u00f6t bels\u0151&hellip;\n","protected":false},"author":2,"featured_media":222693,"comment_status":"","ping_status":"","sticky":false,"template":"","format":"standard","meta":{"footnotes":"","_share_on_mastodon":"0"},"categories":[22],"tags":[73,1522,44,42,40,3416,737,27563,43,41],"class_list":["post-222692","post","type-post","status-publish","format-standard","has-post-thumbnail","category-budapest","tag-budapest","tag-fovaros","tag-hu","tag-hungarian","tag-hungary","tag-kerulet","tag-kormany","tag-kozbiztonsag","tag-magyar","tag-magyarorszag"],"share_on_mastodon":{"url":"https:\/\/pubeurope.com\/@hu\/117166512785972336","error":""},"_links":{"self":[{"href":"https:\/\/www.europesays.com\/hu\/wp-json\/wp\/v2\/posts\/222692","targetHints":{"allow":["GET"]}}],"collection":[{"href":"https:\/\/www.europesays.com\/hu\/wp-json\/wp\/v2\/posts"}],"about":[{"href":"https:\/\/www.europesays.com\/hu\/wp-json\/wp\/v2\/types\/post"}],"author":[{"embeddable":true,"href":"https:\/\/www.europesays.com\/hu\/wp-json\/wp\/v2\/users\/2"}],"replies":[{"embeddable":true,"href":"https:\/\/www.europesays.com\/hu\/wp-json\/wp\/v2\/comments?post=222692"}],"version-history":[{"count":0,"href":"https:\/\/www.europesays.com\/hu\/wp-json\/wp\/v2\/posts\/222692\/revisions"}],"wp:featuredmedia":[{"embeddable":true,"href":"https:\/\/www.europesays.com\/hu\/wp-json\/wp\/v2\/media\/222693"}],"wp:attachment":[{"href":"https:\/\/www.europesays.com\/hu\/wp-json\/wp\/v2\/media?parent=222692"}],"wp:term":[{"taxonomy":"category","embeddable":true,"href":"https:\/\/www.europesays.com\/hu\/wp-json\/wp\/v2\/categories?post=222692"},{"taxonomy":"post_tag","embeddable":true,"href":"https:\/\/www.europesays.com\/hu\/wp-json\/wp\/v2\/tags?post=222692"}],"curies":[{"name":"wp","href":"https:\/\/api.w.org\/{rel}","templated":true}]}}