{"id":222696,"date":"2026-08-27T08:30:08","date_gmt":"2026-08-27T08:30:08","guid":{"rendered":"https:\/\/www.europesays.com\/hu\/222696\/"},"modified":"2026-08-27T08:30:08","modified_gmt":"2026-08-27T08:30:08","slug":"hatalmasat-tombolt-a-palyan-guendouzi-a-vilagfutball-legnagyobb-gyokere","status":"publish","type":"post","link":"https:\/\/www.europesays.com\/hu\/222696\/","title":{"rendered":"Hatalmasat tombolt a p\u00e1ly\u00e1n Guendouzi, a vil\u00e1gfutball legnagyobb gy\u00f6kere"},"content":{"rendered":"<p>    <a href=\"https:\/\/www.europesays.com\/hu\/wp-content\/uploads\/2026\/08\/8NquZ7XrYg3pGWAzs.jpeg\" class=\"uwwrama _1chu0ywg _8b6bx65\" rel=\"nofollow\"><\/p>\n<p>  <img decoding=\"async\" loading=\"lazy\" src=\"https:\/\/www.europesays.com\/hu\/wp-content\/uploads\/2026\/08\/8NquZ7XrYg3pGWAzs.jpeg\"   class=\"_672m2jd _1chu0ywo ta3a4c1ey ta3a4c1aa he2knv4 ta3a4c1ey ta3a4czs\" style=\"--_672m2j6:1.51;--_672m2j5:1024px 681px\" alt=\"\"\/><\/p>\n<p>      <\/a><\/p>\n<p>\n              Matteo Guendouzi \u00fcnnepel\n            <\/p>\n<p>\n              Fot\u00f3:<br \/>\n                ARIF HUDAVERDI YAMAN\/Anadolu via AFP\n            <\/p>\n<p class=\"\">\n    H\u00edrnev\u00e9hez m\u00e9lt\u00f3 show-val \u00fcnnepelte meg Matteo Guendouzi, az indulatkezel\u00e9si probl\u00e9m\u00e1ir\u00f3l ismert francia k\u00f6z\u00e9pp\u00e1ly\u00e1s, hogy aktu\u00e1lis csapata, a Fenebahce 18 \u00e9v ut\u00e1n \u00fajra bejutott a Bajnokok Lig\u00e1j\u00e1ba. Saj\u00e1t csapatt\u00e1rsai pr\u00f3b\u00e1lt\u00e1k k\u00f6zben visszafogni, sikertelen\u00fcl.\n  <\/p>\n<p>            <a href=\"https:\/\/youtube.com\/shorts\/7Uq1jJkSakw?si=vsjDOMtJeHkl_e-O\" target=\"_blank\" rel=\"noopener noreferrer nofollow\" class=\"_1dy6oyq5l _1dy6oyq5e\">Forr\u00e1s<\/a><\/p>\n<p class=\"\">\n    A Fener a Lyon stadionj\u00e1ban v\u00edvta ki a tov\u00e1bbjut\u00e1st, ahol Guendouzi a Marseille j\u00e1t\u00e9kosak\u00e9nt kor\u00e1bban j\u00f3 p\u00e1rszor megfordult ellenf\u00e9lk\u00e9nt. A h\u00e1tt\u00e9rhez \u00e9rdemes tudni, hogy a francia futball nagy Fradi-D\u00f3zs\u00e1ja a Marseille-PSG-gy\u0171l\u00f6lk\u00f6d\u00e9s, de a d\u00e9liek a Lyonnal is el\u00e9gg\u00e9 ut\u00e1lj\u00e1k egym\u00e1st, mivel ez a k\u00e9t v\u00e1ros vet\u00e9lkedik a \u201elegnagyobb francia v\u00e1ros a mindenki \u00e1ltal ut\u00e1lt, k\u00f6cs\u00f6g P\u00e1rizson k\u00edv\u00fcl&#8221; c\u00edm\u00e9\u00e9rt.\n  <\/p>\n<p class=\"\">\n    A Lyon ultr\u00e1i term\u00e9szetesen m\u00e1r bemeleg\u00edt\u00e9s k\u00f6zben bekiab\u00e1lgattak Guendouzinak, aki, nagyon helyesen, nem hagyta mag\u00e1t megf\u00e9leml\u00edteni a jelen l\u00e9v\u0151 kamer\u00e1k tucatjait\u00f3l \u00e9s m\u00e1r akkor l\u00e1tv\u00e1nyosan bemutogatott a lel\u00e1t\u00f3nak. De az \u0151 ideje igaz\u00e1b\u00f3l az idegenbeli, 2-1-es meglepet\u00e9sgy\u0151zelem ut\u00e1n j\u00f6tt el.\n  <\/p>\n<p>            <a href=\"https:\/\/youtube.com\/shorts\/64NmejNx278?si=8zEmgvYP-U8x1aAe\" target=\"_blank\" rel=\"noopener noreferrer nofollow\" class=\"_1dy6oyq5l _1dy6oyq5e\">Forr\u00e1s<\/a><\/p>\n<p class=\"\">\n    Odament a hazaiak t\u00e1bora el\u00e9, g\u00fanyosan sz\u00f6kd\u00e9cselt \u00e9s g\u00e9ppuskaszer\u0171 sebess\u00e9ggel mutogatott be nekik, mindk\u00e9t kez\u00e9t felhaszn\u00e1lva a mutatv\u00e1nyhoz, mik\u00f6zben ord\u00edtva \u00e9ltette a Lyon \u0151sellenys\u00e9g\u00e9t, a Marseille-t. A klasszikus kiny\u00fajtott ujj mellett az \u00fagynevezett Jul-k\u00e9ztart\u00e1st is bemutatta, ami Jul, a helyben h\u00edres marseille-i rapper v\u00e9djegye, \u00edgy eleve hergel\u0151 a lyoniaknak. A rendfenntart\u00f3k alig b\u00edrt\u00e1k visszatartani a p\u00e1ly\u00e1ra berontani pr\u00f3b\u00e1l\u00f3, felb\u0151sz\u00fclt ultr\u00e1kat. Ut\u00e1na hergelte kicsit a hazai j\u00e1t\u00e9kosokat is, volt is bel\u0151le majdnem-t\u00f6megvereked\u00e9s, hogy valakivel v\u00e9g\u00fcl rendesen \u00f6ssze is ugorjanak a j\u00e1t\u00e9koskij\u00e1r\u00f3n\u00e1l, ahol komolyabb l\u00f6kd\u00f6s\u0151d\u00e9s t\u00f6rt ki, miut\u00e1n valaki, tal\u00e1n egy n\u00e9z\u0151, rep\u00fcl\u0151r\u00fag\u00e1ssal mellber\u00fagta h\u0151s\u00fcnket.\n  <\/p>\n<p>            <a href=\"https:\/\/youtube.com\/shorts\/ZeXEli8aFMY?si=J8We4mwdO87A_5FX\" target=\"_blank\" rel=\"noopener noreferrer nofollow\" class=\"_1dy6oyq5l _1dy6oyq5e\">Forr\u00e1s<\/a><\/p>\n<p class=\"\">\n    Az egy\u00e9bk\u00e9nt igen tehets\u00e9ges Guendouzi arr\u00f3l h\u00edres, hogy a tapl\u00f3s\u00e1ga miatt nem lett bel\u0151le igazi topj\u00e1t\u00e9kos. H\u00fasz\u00e9ves volt, Eur\u00f3pa egyik leg\u00edg\u00e9retesebb v\u00e9dekez\u0151 k\u00f6z\u00e9pp\u00e1ly\u00e1sa \u00e9s az Arsenal j\u00e1t\u00e9kosa, amikor egy Brighton elleni, egyg\u00f3los vezet\u00e9sr\u0151l elbukott meccsen bep\u00f6ccent azon, hogy egy szerencs\u00e9tlen eset ut\u00e1n megs\u00e9r\u00fclt a kapusuk, ez\u00e9rt v\u00e9gig az ellenfelet hergelte. T\u00f6bbek k\u00f6z\u00f6tt azzal a szimpatikus sz\u00f6veggel, hogy t\u00f6bbet keresek, mint ti valaha fogtok. Mint ut\u00f3bb kider\u00fclt, ez visszat\u00e9r\u0151 sz\u00f6vege volt a kiscsapatok elleni meccseiken. Azt\u00e1n m\u00e9g fojtogatta is egy kicsit Neal Maupayt. El lehet k\u00e9pzelni, miket mondhatott, hogy az eset ut\u00e1n a saj\u00e1t edz\u0151je ejtette: soha t\u00f6bb\u00e9 nem l\u00e9pett p\u00e1ly\u00e1ra az Arsenalban \u00e9s ut\u00e1na megal\u00e1z\u00e1sb\u00f3l el\u0151sz\u00f6r a berlini Herth\u00e1ba k\u00fcldt\u00e9k el k\u00f6lcs\u00f6nbe.\n  <\/p>\n<p class=\"\">\n    De ez csak egy volt Guendouzi gy\u00f6k\u00e9rs\u00e9gei k\u00f6z\u00fcl. Tavaly v\u00e1lt v\u00e9gk\u00e9pp vil\u00e1goss\u00e1, hogy nem a fiatalkori forr\u00f3fej\u0171s\u00e9g miatt ker\u00fclt kor\u00e1bban annyiszor bajba: 26 \u00e9ves, tapasztalt j\u00e1t\u00e9kosk\u00e9nt egy el\u0151k\u00e9sz\u00fcleti edz\u0151meccsen \u00fagy megtaposta a f\u00f6ld\u00f6n fekv\u0151 ellenfel\u00e9t, hogy akkora t\u00f6megvereked\u00e9s t\u00f6rt ki a p\u00e1ly\u00e1n, hogy a rend\u0151rs\u00e9gnek kellett k\u00f6zbeavatkoznia. Mindezt egy t\u00e9t n\u00e9lk\u00fcli, el\u0151k\u00e9sz\u00fcleti tal\u00e1lkoz\u00f3n mutatta be. Egy \u00e9vvel kor\u00e1bban, szint\u00e9n a Lazio j\u00e1t\u00e9kosak\u00e9nt egy r\u00f3mai derbi ut\u00e1n Dybal\u00e1val \u00e9s Paredes-szel is \u00f6sszeverekedett. H\u00edres jelenet volt, amikor az el\u0151bbi filoz\u00f3fus visszav\u00e1g\u00e1sk\u00e9nt a vil\u00e1gbajnok argentin csapat sz\u00edneivel d\u00edsz\u00edtett s\u00edpcsontv\u00e9d\u0151j\u00e9t mutogatta neki. De az sem okozott neki probl\u00e9m\u00e1t, hogy m\u00e9g marseille-ik\u00e9nt egy Nice elleni idegenbeli meccsen p\u00e1r t\u00e1rs\u00e1val nekimenjen egy eg\u00e9sz lel\u00e1t\u00f3nak, miut\u00e1n valaki megdobta egy palackkal Payet-et, aki visszadobta azt, nagyszer\u0171 n\u00e9z\u0151k-focist\u00e1k t\u00f6megvereked\u00e9st robbantva ki.\n  <\/p>\n","protected":false},"excerpt":{"rendered":"Matteo Guendouzi \u00fcnnepel Fot\u00f3: ARIF HUDAVERDI YAMAN\/Anadolu via AFP H\u00edrnev\u00e9hez m\u00e9lt\u00f3 show-val \u00fcnnepelte meg Matteo Guendouzi, az indulatkezel\u00e9si&hellip;\n","protected":false},"author":2,"featured_media":222697,"comment_status":"","ping_status":"","sticky":false,"template":"","format":"standard","meta":{"footnotes":"","_share_on_mastodon":"0"},"categories":[14],"tags":[3172,1812,5959,553,59619,13872,44,42,40,32581,50736,2072,43,41,14120,59617,59618,35977,59175,59616,59620,45,131],"class_list":["post-222696","post","type-post","status-publish","format-standard","has-post-thumbnail","category-sport","tag-arsenal","tag-bajnokok-ligaja","tag-fenerbahce","tag-futball","tag-hergeles","tag-hertha","tag-hu","tag-hungarian","tag-hungary","tag-lazio","tag-leandro-paredes","tag-lyon","tag-magyar","tag-magyarorszag","tag-marseille","tag-matteo-guendouzi","tag-neal-maupay","tag-nice","tag-paulo-dybala","tag-payet","tag-provokalas","tag-sport","tag-sports"],"share_on_mastodon":{"url":"https:\/\/pubeurope.com\/@hu\/117166541019774791","error":""},"_links":{"self":[{"href":"https:\/\/www.europesays.com\/hu\/wp-json\/wp\/v2\/posts\/222696","targetHints":{"allow":["GET"]}}],"collection":[{"href":"https:\/\/www.europesays.com\/hu\/wp-json\/wp\/v2\/posts"}],"about":[{"href":"https:\/\/www.europesays.com\/hu\/wp-json\/wp\/v2\/types\/post"}],"author":[{"embeddable":true,"href":"https:\/\/www.europesays.com\/hu\/wp-json\/wp\/v2\/users\/2"}],"replies":[{"embeddable":true,"href":"https:\/\/www.europesays.com\/hu\/wp-json\/wp\/v2\/comments?post=222696"}],"version-history":[{"count":0,"href":"https:\/\/www.europesays.com\/hu\/wp-json\/wp\/v2\/posts\/222696\/revisions"}],"wp:featuredmedia":[{"embeddable":true,"href":"https:\/\/www.europesays.com\/hu\/wp-json\/wp\/v2\/media\/222697"}],"wp:attachment":[{"href":"https:\/\/www.europesays.com\/hu\/wp-json\/wp\/v2\/media?parent=222696"}],"wp:term":[{"taxonomy":"category","embeddable":true,"href":"https:\/\/www.europesays.com\/hu\/wp-json\/wp\/v2\/categories?post=222696"},{"taxonomy":"post_tag","embeddable":true,"href":"https:\/\/www.europesays.com\/hu\/wp-json\/wp\/v2\/tags?post=222696"}],"curies":[{"name":"wp","href":"https:\/\/api.w.org\/{rel}","templated":true}]}}