{"id":222897,"date":"2026-08-27T11:08:07","date_gmt":"2026-08-27T11:08:07","guid":{"rendered":"https:\/\/www.europesays.com\/hu\/222897\/"},"modified":"2026-08-27T11:08:07","modified_gmt":"2026-08-27T11:08:07","slug":"az-orosz-kulugyi-szovivo-szerint-brit-katonai-letesitmenyek-tamadasaval-valaszolhatnak-a-brit-fegyverrel-vegrehajtott-ukran-csapasokra","status":"publish","type":"post","link":"https:\/\/www.europesays.com\/hu\/222897\/","title":{"rendered":"Az orosz k\u00fcl\u00fcgyi sz\u00f3viv\u0151 szerint brit katonai l\u00e9tes\u00edtm\u00e9nyek t\u00e1mad\u00e1s\u00e1val v\u00e1laszolhatnak a brit fegyverrel v\u00e9grehajtott ukr\u00e1n csap\u00e1sokra"},"content":{"rendered":"<p class=\"\">\n    Marija Zaharova, az orosz k\u00fcl\u00fcgyminiszt\u00e9rium sz\u00f3viv\u0151je cs\u00fct\u00f6rt\u00f6k\u00f6n k\u00f6z\u00f6lte, hogy Oroszorsz\u00e1g \u2013 v\u00e1laszul azokra az ukr\u00e1n t\u00e1mad\u00e1sokra, amelyek sor\u00e1n brit rak\u00e9t\u00e1kat haszn\u00e1lnak Oroszorsz\u00e1g ellen \u2013 ak\u00e1r brit katonai c\u00e9lpontokat is megt\u00e1madhat, Ukrajn\u00e1n bel\u00fcl \u00e9s k\u00edv\u00fcl egyar\u00e1nt.\n  <\/p>\n<p class=\"\">\n    Zaharova szerint t\u00f6bbsz\u00f6r is \u201efigyelmeztettek arra\u201d, hogy \u201ev\u00e1laszul az Oroszorsz\u00e1g ter\u00fclet\u00e9n brit fegyverekkel v\u00e9grehajtott ukr\u00e1n t\u00e1mad\u00e1sokra b\u00e1rmely brit katonai l\u00e9tes\u00edtm\u00e9ny \u00e9s haditechnikai eszk\u00f6z c\u00e9lpontt\u00e1 v\u00e1lhat Ukrajn\u00e1ban \u00e9s a hat\u00e1rain t\u00fal\u201d. \u00dagy fogalmazott, hogy Nagy-Britannia \u00e9s Franciaorsz\u00e1g \u201ea t\u0171zzel j\u00e1tszik\u201d, amikor rak\u00e9tatechnol\u00f3gi\u00e1t sz\u00e1ll\u00edt Ukrajn\u00e1nak.\n  <\/p>\n<p class=\"\">\n    A brit minisztereln\u00f6ki hivatal Andy Burnham korm\u00e1nyf\u0151 ukrajnai l\u00e1togat\u00e1sa alkalm\u00e1b\u00f3l <a href=\"https:\/\/444.hu\/2026\/08\/24\/a-britek-minositett-katonai-informaciokat-adnak-at-ukrajnanak-kozben-kijev-japantol-ker-legvedelmi-raketakat\" target=\"_blank\" rel=\"nofollow noopener\">a napokban jelentette be<\/a>, hogy enged\u00e9lyezte az MBDA eur\u00f3pai v\u00e9delmi v\u00e1llalatnak a SCALP brit gy\u00e1rt\u00e1s\u00fa alkatr\u00e9szeire vonatkoz\u00f3 min\u0151s\u00edtett inform\u00e1ci\u00f3k \u00e1tad\u00e1s\u00e1t. Erre az\u00e9rt van sz\u00fcks\u00e9g, hogy Franciaorsz\u00e1g \u00e9s Ukrajna tov\u00e1bbl\u00e9phessen a rak\u00e9t\u00e1k ukrajnai \u00f6sszeszerel\u00e9s\u00e9nek el\u0151k\u00e9sz\u00edt\u00e9s\u00e9ben.\n  <\/p>\n<p class=\"\">\n    A brit korm\u00e1ny szerint az enged\u00e9ly megnyitja az utat az ukrajnai \u00f6sszeszerel\u0151 \u00fczemek l\u00e9trehoz\u00e1sa el\u0151tt. A nagy hat\u00f3t\u00e1vols\u00e1g\u00fa SCALP a brit Storm Shadow francia v\u00e1ltozata, a k\u00e9t fegyver k\u00f6z\u00f6s francia\u2013brit technol\u00f3gi\u00e1n alapul. A brit korm\u00e1ny szerint a l\u00e9p\u00e9s kieg\u00e9sz\u00edti a Project Brakestop programot is, amelyben Ukrajna sz\u00e1m\u00e1ra fejlesztenek viszonylag olcs\u00f3, nagy hat\u00f3t\u00e1vols\u00e1g\u00fa csap\u00e1sm\u00e9r\u0151 fegyvereket, amelyek k\u00e9pesek m\u00e9lyen Oroszorsz\u00e1g ter\u00fclet\u00e9n bel\u00fcl is csap\u00e1sokat v\u00e9grehajtani. Franciaorsz\u00e1g m\u00e1r j\u00f3v\u00e1hagyta az eur\u00f3pai rak\u00e9ta technol\u00f3gi\u00e1j\u00e1nak licencel\u00e9s\u00e9t. (<a href=\"https:\/\/www.reuters.com\/world\/europe\/russia-says-it-could-strike-uk-military-targets-response-ukrainian-strikes-using-2026-08-27\/\" target=\"_blank\" rel=\"nofollow noopener\">Reuters<\/a>)\n  <\/p>\n","protected":false},"excerpt":{"rendered":"Marija Zaharova, az orosz k\u00fcl\u00fcgyminiszt\u00e9rium sz\u00f3viv\u0151je cs\u00fct\u00f6rt\u00f6k\u00f6n k\u00f6z\u00f6lte, hogy Oroszorsz\u00e1g \u2013 v\u00e1laszul azokra az ukr\u00e1n t\u00e1mad\u00e1sokra, amelyek sor\u00e1n&hellip;\n","protected":false},"author":2,"featured_media":222898,"comment_status":"","ping_status":"","sticky":false,"template":"","format":"standard","meta":{"footnotes":"","_share_on_mastodon":"0"},"categories":[8],"tags":[1399,813,42,43,1142,51537,3633,34,102,59648,59649,59650,94,93,92],"class_list":["post-222897","post","type-post","status-publish","format-standard","has-post-thumbnail","category-vilag","tag-franciaorszag","tag-haboru","tag-hungarian","tag-magyar","tag-marija-zaharova","tag-mbda","tag-nagy-britannia","tag-news","tag-oroszorszag","tag-project-brakestop","tag-scalp","tag-storm-shadow","tag-vilag","tag-world","tag-world-news"],"share_on_mastodon":{"url":"https:\/\/pubeurope.com\/@hu\/117167161565897475","error":""},"_links":{"self":[{"href":"https:\/\/www.europesays.com\/hu\/wp-json\/wp\/v2\/posts\/222897","targetHints":{"allow":["GET"]}}],"collection":[{"href":"https:\/\/www.europesays.com\/hu\/wp-json\/wp\/v2\/posts"}],"about":[{"href":"https:\/\/www.europesays.com\/hu\/wp-json\/wp\/v2\/types\/post"}],"author":[{"embeddable":true,"href":"https:\/\/www.europesays.com\/hu\/wp-json\/wp\/v2\/users\/2"}],"replies":[{"embeddable":true,"href":"https:\/\/www.europesays.com\/hu\/wp-json\/wp\/v2\/comments?post=222897"}],"version-history":[{"count":0,"href":"https:\/\/www.europesays.com\/hu\/wp-json\/wp\/v2\/posts\/222897\/revisions"}],"wp:featuredmedia":[{"embeddable":true,"href":"https:\/\/www.europesays.com\/hu\/wp-json\/wp\/v2\/media\/222898"}],"wp:attachment":[{"href":"https:\/\/www.europesays.com\/hu\/wp-json\/wp\/v2\/media?parent=222897"}],"wp:term":[{"taxonomy":"category","embeddable":true,"href":"https:\/\/www.europesays.com\/hu\/wp-json\/wp\/v2\/categories?post=222897"},{"taxonomy":"post_tag","embeddable":true,"href":"https:\/\/www.europesays.com\/hu\/wp-json\/wp\/v2\/tags?post=222897"}],"curies":[{"name":"wp","href":"https:\/\/api.w.org\/{rel}","templated":true}]}}