{"id":222935,"date":"2026-08-27T11:37:06","date_gmt":"2026-08-27T11:37:06","guid":{"rendered":"https:\/\/www.europesays.com\/hu\/222935\/"},"modified":"2026-08-27T11:37:06","modified_gmt":"2026-08-27T11:37:06","slug":"telex-a-4ig-beszall-az-energetikaba-annak-a-cseh-milliardosnak-is-a-partnere-lehet-akinek-a-szigeten-orban-sara-nyaralt","status":"publish","type":"post","link":"https:\/\/www.europesays.com\/hu\/222935\/","title":{"rendered":"Telex: A 4iG besz\u00e1ll az energetik\u00e1ba, annak a cseh milli\u00e1rdosnak is a partnere lehet, akinek a sziget\u00e9n Orb\u00e1n S\u00e1ra nyaralt"},"content":{"rendered":"<p>A t\u0151zsd\u00e9n jegyzett 4iG Nyrt. \u00faj energetikai \u00fczlet\u00e1gat hoz l\u00e9tre, amely a t\u00e1vk\u00f6zl\u00e9s, a digit\u00e1lis infrastrukt\u00fara, az \u0171r- \u00e9s v\u00e9delmi ipar mellett \u00fajabb kritikus infrastrukt\u00fara-ter\u00fclet a csoport \u00e9let\u00e9be \u2013 jelentette be a c\u00e9g. Mindez annyiban \u201eb\u00e1tor\u201d bejelent\u00e9s, hogy a c\u00e9gcsoport \u00e9s a kritikus infrastrukt\u00far\u00e1k ter\u00fclet\u00e9n kulcsfontoss\u00e1g\u00fa partner, vagyis a magyar \u00e1llam viszonya jelenleg igencsak <a href=\"https:\/\/telex.hu\/gazdasag\/2026\/08\/15\/magyar-kozlony-4ig-magyar-allam-atvilagitas\" class=\"\" rel=\"nofollow noopener\" target=\"_blank\">terhelt<\/a>, az \u00e1llam \u00e9ppen sz\u00e9lesk\u00f6r\u0171en vizsg\u00e1lja az \u00e1llam \u00e9s a kor\u00e1bbi Orb\u00e1n-rendszerrel szorosan \u00f6sszefon\u00f3d\u00f3 4iG kapcsolat\u00e1t.<\/p>\n<p>A 4iG l\u00e1that\u00f3an el\u0151re menek\u00fcl. Hozz\u00e1tehetj\u00fck, hogy a most bejelentett tervekb\u0151l is l\u00e1that\u00f3an az energetikai \u00fczlet\u00e1g el\u0151k\u00e9sz\u00edt\u00e9se m\u00e1r h\u00f3napok \u00f3ta zajlott, nem most sz\u00fcletett az \u00f6tlet. Az \u00faj \u00fczlet\u00e1g fel\u00e9p\u00edt\u00e9s\u00e9re a 4iG \u00f6n\u00e1ll\u00f3 holdingv\u00e1llalatot hoz l\u00e9tre \u2013 hasonl\u00f3an a t\u00f6bbi szegmenshez \u2013, amely saj\u00e1t szervezeti strukt\u00far\u00e1val m\u0171k\u00f6dik majd region\u00e1lis strat\u00e9giai platformk\u00e9nt, nemzetk\u00f6zi befektet\u0151i \u00e9s technol\u00f3giai partnereket is bevonva. Azt nem tartalmazza a k\u00f6zlem\u00e9ny, hogy milyen szakembereket siker\u00fclt m\u00e1r megnyerni erre a feladatra. Nyilv\u00e1n a keres\u00e9st nem k\u00f6nny\u00edti meg az \u00e1llami vizsg\u00e1lat.<\/p>\n<p>Az el\u0151zetes tervek<\/p>\n<p>A bejelent\u00e9s t\u00f6bb konkr\u00e9t tervet is tartalmaz.<\/p>\n<p>A 4iG sz\u00e1nd\u00e9knyilatkozatot \u00edrt al\u00e1 az amerikai X-Energy v\u00e1llalattal kis modul\u00e1ris nukle\u00e1ris reaktorok (SMR) region\u00e1lis telep\u00edt\u00e9s\u00e9r\u0151l.El\u0151zetes egy\u00fcttm\u0171k\u00f6d\u00e9si meg\u00e1llapod\u00e1st k\u00f6t egy k\u00f6zepes m\u00e9ret\u0171 (45 MW-os), kulcsrak\u00e9sz lengyelorsz\u00e1gi sz\u00e9ler\u0151m\u0171park megv\u00e1s\u00e1rl\u00e1s\u00e1ra.Sz\u00e9ler\u0151m\u0171vi \u00e9s kapcsol\u00f3d\u00f3 energiat\u00e1rol\u00e1si fejleszt\u00e9si lehet\u0151s\u00e9geket vizsg\u00e1l \u00c9szak-Maced\u00f3ni\u00e1ban, ahol a 4iG jelenleg 5G mobilh\u00e1l\u00f3zat\u00e1nak ki\u00e9p\u00edt\u00e9s\u00e9n dolgozik, t\u00e1vk\u00f6zl\u00e9si szolg\u00e1ltat\u00e1sainak elind\u00edt\u00e1s\u00e1t pedig 2027-re tervezi. A vizsg\u00e1lt fejleszt\u00e9s t\u00f6bb mint 100 MW sz\u00e9ler\u0151m\u0171vi termel\u0151kapacit\u00e1s ki\u00e9p\u00edt\u00e9s\u00e9t jelentheti, ami \u00f6nmag\u00e1ban meghaladn\u00e1 az orsz\u00e1g jelenlegi teljes telep\u00edtett sz\u00e9ler\u0151m\u0171-kapacit\u00e1s\u00e1t.Emellett energiatermel\u0151 kapacit\u00e1sok megszerz\u00e9s\u00e9nek lehet\u0151s\u00e9g\u00e9t is tervezi Montenegr\u00f3ban.V\u00e9g\u00fcl a csoport befektet\u0151c\u00e9ge, a 4iG Befektet\u00e9si Kft. k\u00f6telez\u0151 v\u00e9teli aj\u00e1nlatot tett az IG Tech Energy Mag\u00e1nt\u0151kealap befektet\u00e9si jegyeinek megszerz\u00e9s\u00e9re.<\/p>\n<p>Mindezek teh\u00e1t sokf\u00e9le tervet, j\u00f6v\u0151beli elk\u00e9pzel\u00e9st tartalmaznak, de ami konkr\u00e9tum, hogy a 4iG \u00e1tveheti az IG Tech c\u00e9get, amelynek jelenleg a legnagyobb magyar sz\u00e9lenergia-portf\u00f3li\u00f3ban van r\u00e9szesed\u00e9se. Ez a c\u00e9g, a r\u00e9gen a spanyol Iberdrola szeles portf\u00f3li\u00f3j\u00e1ba tartoz\u00f3 er\u0151m\u0171veket vette \u00e1t, amelyben az a cseh Jiri Smejc (Premier Energy) milli\u00e1rdos az 51 sz\u00e1zal\u00e9kos partnere, akinek mag\u00e1nsziget\u00e9n J\u00e1szai Gell\u00e9rt, illetve Orb\u00e1n Viktor <a href=\"https:\/\/telex.hu\/gazdasag\/2025\/03\/05\/orban-sara-jaszai-gellert-maldiv-szigetek-magangep\" class=\"\" rel=\"nofollow noopener\" target=\"_blank\">S\u00e1ra nev\u0171 l\u00e1nya<\/a> \u00e9s csal\u00e1dja nyaralt tavaly.<\/p>\n<p>A sz\u00e9lportf\u00f3li\u00f3 \u00f6t \u00e9szaknyugat-magyarorsz\u00e1gi telephelyen m\u0171k\u00f6d\u0151, \u00f6sszesen 158 MW kapacit\u00e1s\u00fa sz\u00e9ler\u0151m\u0171-portf\u00f3li\u00f3val rendelkezik. A portf\u00f3li\u00f3 a hazai telep\u00edtett sz\u00e9ler\u0151m\u0171-kapacit\u00e1s k\u00f6zel fel\u00e9t adja, a tranzakci\u00f3sorozat \u2013 v\u00e9teli aj\u00e1nlat elfogad\u00e1sa eset\u00e9n \u2013 az \u00e9v v\u00e9g\u00e9ig z\u00e1rulhat. Az elad\u00f3 egy mag\u00e1nt\u0151kealap, \u00edgy annak v\u00e9gs\u0151 haszonh\u00faz\u00f3it pontosan nem lehet tudni, de abb\u00f3l, hogy J\u00e1szai Gell\u00e9rt alapkezel\u0151je kezelte, azt lehet tippelni, hogy az valamik\u00e9ppen eddig is a c\u00e9gvezet\u0151h\u00f6z k\u00f6t\u0151d\u00f6tt. Az \u00fcgylet k\u00e9s\u0151bbi szakasz\u00e1ban v\u00e9lhet\u0151en kider\u00fcl majd, hogy a 4iG itt kivel is k\u00f6t pontosan \u00fczletet, de a Telex \u00fagy tudja, hogy a 4iG Befektet\u00e9si Kft. eddig is r\u00e9sztulajdonos volt, mellette az \u00e1llami MVM \u00e9s MFB Invest is benne volt a mag\u00e1nt\u0151kealapban, vagyis itt is izgalmas k\u00e9rd\u00e9s lesz, hogy az \u00e1llam\u20134iG viszonyban tudnak-e a felek egym\u00e1s kez\u00e9be csapni.<\/p>\n<p>Nukle\u00e1ris tervek<\/p>\n<p>A legnagyobb \u00edv\u0171 bejelent\u00e9s, a ma m\u00e9g gyerekcip\u0151ben j\u00e1r\u00f3 SMR-technol\u00f3gia lehet, a NASDAQ-on jegyzett X-Energy ismert term\u00e9ke, az Xe-100 reaktor, ennek kereskedelmi hasznos\u00edt\u00e1s\u00e1ra ir\u00e1nyul az egy\u00fcttm\u0171k\u00f6d\u00e9s, a k\u00f6z\u00e9p-kelet-eur\u00f3pai \u00e9s nyugat-balk\u00e1ni lehet\u0151s\u00e9gekre \u00f6sszpontos\u00edtva.<\/p>\n<p>Az X-Energyt az a Kam Ghaffarian alap\u00edtotta, aki a Kapu Tibort az \u0171rbe rep\u00edt\u0151 Axiom nev\u0171 c\u00e9get is, a vez\u00e9rigazgat\u00f3ja pedig Clay Sell kor\u00e1bbi amerikai energia\u00fcgyi miniszterhelyettes.<\/p>\n<p>A k\u00f6z\u00f6s munka els\u0151 l\u00e9p\u00e9sk\u00e9nt egy region\u00e1lis pilot projekt vizsg\u00e1lata kezd\u0151dik meg. Amennyire hallottuk, ez nem felt\u00e9tlen\u00fcl Magyarorsz\u00e1gon lesz, itt nyilv\u00e1n sz\u00e1m\u00edt, hogy melyik korm\u00e1nnyal van \u201ej\u00f3ban\u201d a c\u00e9g.<\/p>\n<p>Az Xe-100 negyedik gener\u00e1ci\u00f3s, magas h\u0151m\u00e9rs\u00e9klet\u0171, h\u00e9liumh\u0171t\u00e9s\u0171, g\u00e1zh\u0171t\u00e9s\u0171 reaktor (HTGR), amely elt\u00e9r a hagyom\u00e1nyos v\u00edzh\u0171t\u00e9ses technol\u00f3gi\u00e1t\u00f3l. A paksi kr\u00edzis ut\u00e1n ez annyiban \u00e9rt\u00e9kel\u0151dhet fel, hogy nem kell foly\u00f3 mell\u00e9 telep\u00edteni, vagyis a h\u00e1l\u00f3zat mellett oda lehet telep\u00edteni, ahol a legink\u00e1bb vannak hi\u00e1nyjelens\u00e9gek, de van megfelel\u0151 csatlakoz\u00e1si lehet\u0151s\u00e9g. A technol\u00f3gia alkalmaz\u00e1sa els\u0151sorban adatk\u00f6zpontok \u00e9s nagy energiaig\u00e9ny\u0171 ipari folyamatok ell\u00e1t\u00e1s\u00e1ban k\u00edn\u00e1lhat \u00faj lehet\u0151s\u00e9geket, itt is el\u0151ny, hogy nem k\u00f6t\u0151dik v\u00edzhez.<\/p>\n","protected":false},"excerpt":{"rendered":"A t\u0151zsd\u00e9n jegyzett 4iG Nyrt. \u00faj energetikai \u00fczlet\u00e1gat hoz l\u00e9tre, amely a t\u00e1vk\u00f6zl\u00e9s, a digit\u00e1lis infrastrukt\u00fara, az \u0171r-&hellip;\n","protected":false},"author":2,"featured_media":222936,"comment_status":"","ping_status":"","sticky":false,"template":"","format":"standard","meta":{"footnotes":"","_share_on_mastodon":"0"},"categories":[6],"tags":[6037,1617,63,44,42,40,6208,43,41,1388,10644],"class_list":["post-222935","post","type-post","status-publish","format-standard","has-post-thumbnail","category-magyarorszag","tag-4ig","tag-energetika","tag-gazdasag","tag-hu","tag-hungarian","tag-hungary","tag-jaszai-gellert","tag-magyar","tag-magyarorszag","tag-smr","tag-szelenergia"],"share_on_mastodon":{"url":"https:\/\/pubeurope.com\/@hu\/117167275803652718","error":""},"_links":{"self":[{"href":"https:\/\/www.europesays.com\/hu\/wp-json\/wp\/v2\/posts\/222935","targetHints":{"allow":["GET"]}}],"collection":[{"href":"https:\/\/www.europesays.com\/hu\/wp-json\/wp\/v2\/posts"}],"about":[{"href":"https:\/\/www.europesays.com\/hu\/wp-json\/wp\/v2\/types\/post"}],"author":[{"embeddable":true,"href":"https:\/\/www.europesays.com\/hu\/wp-json\/wp\/v2\/users\/2"}],"replies":[{"embeddable":true,"href":"https:\/\/www.europesays.com\/hu\/wp-json\/wp\/v2\/comments?post=222935"}],"version-history":[{"count":0,"href":"https:\/\/www.europesays.com\/hu\/wp-json\/wp\/v2\/posts\/222935\/revisions"}],"wp:featuredmedia":[{"embeddable":true,"href":"https:\/\/www.europesays.com\/hu\/wp-json\/wp\/v2\/media\/222936"}],"wp:attachment":[{"href":"https:\/\/www.europesays.com\/hu\/wp-json\/wp\/v2\/media?parent=222935"}],"wp:term":[{"taxonomy":"category","embeddable":true,"href":"https:\/\/www.europesays.com\/hu\/wp-json\/wp\/v2\/categories?post=222935"},{"taxonomy":"post_tag","embeddable":true,"href":"https:\/\/www.europesays.com\/hu\/wp-json\/wp\/v2\/tags?post=222935"}],"curies":[{"name":"wp","href":"https:\/\/api.w.org\/{rel}","templated":true}]}}