{"id":222943,"date":"2026-08-27T11:45:05","date_gmt":"2026-08-27T11:45:05","guid":{"rendered":"https:\/\/www.europesays.com\/hu\/222943\/"},"modified":"2026-08-27T11:45:05","modified_gmt":"2026-08-27T11:45:05","slug":"az-ugyeszseg-megis-targyalast-kert-majka-ittas-vezetesenek-ugyeben","status":"publish","type":"post","link":"https:\/\/www.europesays.com\/hu\/222943\/","title":{"rendered":"Az \u00fcgy\u00e9szs\u00e9g m\u00e9gis t\u00e1rgyal\u00e1st k\u00e9rt Majka ittas vezet\u00e9s\u00e9nek \u00fcgy\u00e9ben"},"content":{"rendered":"<p>A b\u00edr\u00f3s\u00e1g meghozta a b\u00fcntet\u0151v\u00e9gz\u00e9st\u00a0Majka\u00a0tavalyi <a target=\"_blank\" href=\"https:\/\/24.hu\/elet-stilus\/2025\/12\/18\/majka-ittas-vezetes-rendori-igazoltatas-merhetetlenul-sajnalom-a-kovetkezmenyeket-vallalom\/\" rel=\"nofollow noopener\">ittas vezet\u00e9s\u00e9nek<\/a> \u00fcgy\u00e9ben,\u00a0ezt azonban az \u00fcgy\u00e9szs\u00e9g nem fogadta el, \u00edgy az el\u0151ad\u00f3nak hamarosan meg kell jelennie a b\u00edr\u00f3s\u00e1gon, <a target=\"_blank\" rel=\"nofollow noopener\" href=\"https:\/\/www.blikk.hu\/sztarvilag\/hazai-sztarok\/majka-ittas-vezetes-buntetes-jogositvany-birosag\/59c9xpw\">tudta meg<\/a> a Blikk.<\/p>\n<p>Az \u00fcgy el\u0151zm\u00e9nyei<\/p>\n<p>Majka december tizennyolcadik\u00e1n az \u00c1rp\u00e1d \u00faton haladt a Mercedes t\u00edpus\u00fa g\u00e9pkocsij\u00e1val, amikor nem sokkal \u00e9jf\u00e9l ut\u00e1n igazoltatt\u00e1k \u0151t a j\u00e1r\u0151r\u00f6k. Bebizonyosodott, hogy a zen\u00e9sz ittasan \u00fclt a vol\u00e1n m\u00f6g\u00e9. A rapper a t\u00f6rt\u00e9ntek ut\u00e1n k\u00f6z\u00f6ss\u00e9gi oldal\u00e1n elismerte, hogy komoly hib\u00e1t k\u00f6vetett el, amikor kocsiba \u00fclt egy k\u00f6z\u00f6s italoz\u00e1s ut\u00e1n. Mint \u00edrta, belefutott egy rend\u0151ri igazoltat\u00e1sba, de \u00edgy ut\u00f3lag szerencs\u00e9snek \u00e9rzi miatta mag\u00e1t.<\/p>\n<p>Egy c\u00edmeres \u00f6k\u00f6r vagyok. Az idei neh\u00e9z \u00e9s p\u00f6rg\u0151s \u00e9v v\u00e9g\u00e9n, egy koccint\u00e1s ut\u00e1n tegnap este k\u00e9s\u0151n indultam haza kocsival. Nem \u00e9reztem magam becs\u00edpve. Ink\u00e1bb szerencs\u00e9(m)re n\u00e9h\u00e1ny sz\u00e1z m\u00e9ter ut\u00e1n a rend\u0151r\u00f6k igazoltattak, miel\u0151tt b\u00e1rmi t\u00f6rt\u00e9nhetett volna. M\u00e9rhetetlen\u00fcl sajn\u00e1lom, a k\u00f6vetkezm\u00e9nyeket v\u00e1llalom. Sajn\u00e1lom, nincs r\u00e1 ments\u00e9g!<\/p>\n<p>\u2013 \u00edrta akkor.<\/p>\n<p>A BRFK janu\u00e1r 27-\u00e9n <a target=\"_blank\" href=\"https:\/\/24.hu\/elet-stilus\/2026\/01\/28\/majkat-ittas-vezetes-kihallgatas\/\" rel=\"nofollow noopener\">gyan\u00fas\u00edtottk\u00e9nt hallgatta ki a zen\u00e9szt<\/a> ittas \u00e1llapotban elk\u00f6vetett j\u00e1rm\u0171vezet\u00e9s v\u00e9ts\u00e9ge miatt, \u00e9s kezdem\u00e9nyezte a vezet\u00e9si jogosults\u00e1g\u00e1nak a sz\u00fcneteltet\u00e9s\u00e9t, amelyet az illet\u00e9kes j\u00e1r\u00e1si hivatal el is rendelt. J\u00faniusban lapunk arr\u00f3l \u00e9rtes\u00fclt, lez\u00e1rt\u00e1k a nyomoz\u00e1st, \u00e9s az \u00fcgy\u00e9szs\u00e9g <a target=\"_blank\" href=\"https:\/\/24.hu\/belfold\/2026\/06\/25\/majka-ittas-jarmuvezetes-vademeles-24extra\/\" rel=\"nofollow noopener\">v\u00e1dat emelt a zen\u00e9sz ellen<\/a>. Akkor \u00fagy \u00e9rtes\u00fclt\u00fcnk, az \u00fcgy\u00e9szs\u00e9g ind\u00edtv\u00e1nyozta, hogy a b\u00edr\u00f3s\u00e1g t\u00e1rgyal\u00e1s mell\u0151z\u00e9s\u00e9vel, b\u00fcntet\u0151v\u00e9gz\u00e9sben szabjon ki p\u00e9nzb\u00fcntet\u00e9st, \u00e9s emellett tiltsa el a f\u00e9rfit a k\u00f6z\u00fati j\u00e1rm\u0171vezet\u00e9st\u0151l hat\u00e1rozott id\u0151re. Majka akkor a 24.hu-nak <a target=\"_blank\" href=\"https:\/\/24.hu\/belfold\/2026\/06\/26\/majka-ittas-vezetes-vademeles-reakcio-24extra\/\" rel=\"nofollow noopener\">reag\u00e1lt els\u0151k\u00e9nt a v\u00e1demel\u00e9sre<\/a>.<\/p>\n<p>A leg\u00fajabb fejlem\u00e9nyek<\/p>\n<p>A Blikk inform\u00e1ci\u00f3i szerint a b\u00fcntet\u0151v\u00e9gz\u00e9st az\u00f3ta meghozt\u00e1k, err\u0151l dr. Rab Ferenc Levente, a F\u0151v\u00e1rosi F\u0151\u00fcgy\u00e9szs\u00e9g helyettes sz\u00f3viv\u0151je t\u00e1j\u00e9koztatta a lapot.<\/p>\n<p>A k\u00e9rdezett \u00fcgyben a v\u00e1dirat alapj\u00e1n a b\u00edr\u00f3s\u00e1g b\u00fcntet\u0151v\u00e9gz\u00e9sben 1.500.000 forint p\u00e9nzb\u00fcntet\u00e9st \u00e9s 10 h\u00f3nap k\u00f6z\u00fati j\u00e1rm\u0171vezet\u00e9st\u0151l eltilt\u00e1st szabott ki a v\u00e1dlottal szemben, valamint k\u00f6telezte k\u00f6zel 70 ezer forint b\u0171n\u00fcgyi k\u00f6lts\u00e9g megfizet\u00e9s\u00e9re<\/p>\n<p>\u2013 mondta el a sz\u00f3viv\u0151helyettes.<\/p>\n<p>A Budapesti IV. \u00e9s XV. Ker\u00fcleti \u00dcgy\u00e9szs\u00e9g a b\u00fcntet\u00e9seket megfelel\u0151nek tartja, azonban t\u00e1rgyal\u00e1st k\u00e9rt az\u00e9rt, mert nem \u00e9rt egyet egy j\u00e1rul\u00e9kos k\u00e9rd\u00e9sben a b\u00edr\u00f3s\u00e1ggal. Az \u00fcgy\u00e9szs\u00e9g \u00e1ll\u00e1spontja szerint jelen \u00fcgyben nem lehet besz\u00e1m\u00edtani a vezet\u00e9st\u0151l eltilt\u00e1sba a vezet\u00e9si jogosults\u00e1g kor\u00e1bbi sz\u00fcnetel\u00e9s\u00e9nek idej\u00e9t, m\u00edg a b\u00edr\u00f3i v\u00e9gz\u00e9s szerint igen<\/p>\n<p>\u2013 tette hozz\u00e1.<\/p>\n<p>Ahogyan azt lapunk kor\u00e1bban megtudta, Majka a vallom\u00e1s\u00e1ban azt mondta, hogy elhagyta a jogos\u00edtv\u00e1ny\u00e1t. \u00cdgy azt nem tudta leadni, vezet\u00e9si jogosults\u00e1g\u00e1t a rendszerben sz\u00fcneteltett\u00e9k. A Blikk arr\u00f3l \u00edr, hogy mivel a rapper nem jelenthette be r\u00f6gt\u00f6n a hat\u00f3s\u00e1gn\u00e1l a jogos\u00edtv\u00e1nya elveszt\u00e9s\u00e9t, \u00edgy az \u00fcgy\u00e9szs\u00e9g szerint \u2013 a b\u00edr\u00f3s\u00e1ggal ellent\u00e9tben \u2013 emiatt nem lehet besz\u00e1m\u00edtani az eddig eltelt id\u0151t a b\u00fcntet\u00e9s\u00e9be.<\/p>\n<p>A lap telefonon el\u00e9rte Majk\u00e1t, aki az \u00fcgy fejlem\u00e9nyeivel kapcsolatban csak annyit mondott,<\/p>\n<p>nem \u00e9rdekli, hogy meg kell jelennie a b\u00edr\u00f3s\u00e1gon.<\/p>\n","protected":false},"excerpt":{"rendered":"A b\u00edr\u00f3s\u00e1g meghozta a b\u00fcntet\u0151v\u00e9gz\u00e9st\u00a0Majka\u00a0tavalyi ittas vezet\u00e9s\u00e9nek \u00fcgy\u00e9ben,\u00a0ezt azonban az \u00fcgy\u00e9szs\u00e9g nem fogadta el, \u00edgy az el\u0151ad\u00f3nak hamarosan&hellip;\n","protected":false},"author":2,"featured_media":222944,"comment_status":"","ping_status":"","sticky":false,"template":"","format":"standard","meta":{"footnotes":"","_share_on_mastodon":"0"},"categories":[16],"tags":[137,44,42,40,43,41,2260,138],"class_list":["post-222943","post","type-post","status-publish","format-standard","has-post-thumbnail","category-szorakozas","tag-entertainment","tag-hu","tag-hungarian","tag-hungary","tag-magyar","tag-magyarorszag","tag-majka","tag-szorakozas"],"share_on_mastodon":{"url":"https:\/\/pubeurope.com\/@hu\/117167307213164161","error":""},"_links":{"self":[{"href":"https:\/\/www.europesays.com\/hu\/wp-json\/wp\/v2\/posts\/222943","targetHints":{"allow":["GET"]}}],"collection":[{"href":"https:\/\/www.europesays.com\/hu\/wp-json\/wp\/v2\/posts"}],"about":[{"href":"https:\/\/www.europesays.com\/hu\/wp-json\/wp\/v2\/types\/post"}],"author":[{"embeddable":true,"href":"https:\/\/www.europesays.com\/hu\/wp-json\/wp\/v2\/users\/2"}],"replies":[{"embeddable":true,"href":"https:\/\/www.europesays.com\/hu\/wp-json\/wp\/v2\/comments?post=222943"}],"version-history":[{"count":0,"href":"https:\/\/www.europesays.com\/hu\/wp-json\/wp\/v2\/posts\/222943\/revisions"}],"wp:featuredmedia":[{"embeddable":true,"href":"https:\/\/www.europesays.com\/hu\/wp-json\/wp\/v2\/media\/222944"}],"wp:attachment":[{"href":"https:\/\/www.europesays.com\/hu\/wp-json\/wp\/v2\/media?parent=222943"}],"wp:term":[{"taxonomy":"category","embeddable":true,"href":"https:\/\/www.europesays.com\/hu\/wp-json\/wp\/v2\/categories?post=222943"},{"taxonomy":"post_tag","embeddable":true,"href":"https:\/\/www.europesays.com\/hu\/wp-json\/wp\/v2\/tags?post=222943"}],"curies":[{"name":"wp","href":"https:\/\/api.w.org\/{rel}","templated":true}]}}