{"id":22298,"date":"2026-03-11T06:17:11","date_gmt":"2026-03-11T06:17:11","guid":{"rendered":"https:\/\/www.europesays.com\/hu\/22298\/"},"modified":"2026-03-11T06:17:11","modified_gmt":"2026-03-11T06:17:11","slug":"miley-cyrus-hugara-felszaladtak-a-kilok-noah-noiesebb-mint-valaha-vilagsztar","status":"publish","type":"post","link":"https:\/\/www.europesays.com\/hu\/22298\/","title":{"rendered":"Miley Cyrus h\u00fag\u00e1ra felszaladtak a kil\u00f3k: Noah n\u0151iesebb, mint valaha &#8211; Vil\u00e1gszt\u00e1r"},"content":{"rendered":"<p>Miley Cyrus h\u00faga, Noah Cyrus is r\u00e9szt vett az Eml\u00e9kek r\u00f3la Los Angeles-i premierj\u00e9n, t\u00f6bb rajong\u00f3 kisz\u00farta, hogy az \u00e9nekesn\u0151 testv\u00e9r\u00e9re felszaladtak a kil\u00f3k.<\/p>\n<p>                        Miley Cyrus h\u00fag\u00e1nak, Noah Cyrusnak az alakja<\/p>\n<p>A 26 \u00e9ves Noah Cyrus, aki n\u0151v\u00e9r\u00e9hez hasonl\u00f3an szint\u00e9n \u00e9nekesn\u0151 lett, sokat v\u00e1ltozott az elm\u00falt \u00e9vek alatt. Amellett, hogy komoly, feln\u0151tt n\u0151v\u00e9 \u00e9rett, az alakja is megv\u00e1ltozott. Ezt a rajong\u00f3k is kisz\u00fart\u00e1k, ugyanis a <a href=\"https:\/\/www.instagram.com\/p\/DVr7rqhjUoK\/\" id=\"hyperlink_5b54cbe6cedf6831feccee5d2e47ceb6\" rel=\"nofollow noopener\" target=\"_blank\">People<\/a> magazin megosztott egy friss, r\u00f6vid vide\u00f3t Noahr\u00f3l.<\/p>\n<p>                            <img decoding=\"async\" id=\"kep_szerkfoto_image_68201895\" src=\"https:\/\/www.europesays.com\/hu\/wp-content\/uploads\/2026\/03\/68201895_000d0d450221b99028d842e5ade8f16c_wm.jpg\" loading=\"lazy\" alt=\"Noah Vanessa Caswill filmrendez\u0151vel.\" data-image_width=\"1500\" data-image_height=\"2250\" width=\"1500\" height=\"2250\"\/>Noah Vanessa Caswill filmrendez\u0151vel.<\/p>\n<p>Fot\u00f3: Brianna Bryson \/ Getty Images Hungary<\/p>\n<p>A kommentel\u0151k egyik fele im\u00e1dja a v\u00e1ltoz\u00e1st, szerint\u00fck Cyrus sokkal csinosabb, mint valaha, m\u00e1sok viszont egyb\u0151l testsz\u00e9gyen\u00edt\u00e9sbe kezdtek, ami\u00e9rt m\u00e1r nem S-es m\u00e9retet hord.<\/p>\n<p>&#8222;Noah elk\u00e9peszt\u0151en n\u00e9z most ki.&#8221;<\/p>\n<p>&#8222;Ink\u00e1bb l\u00e1tn\u00e9k t\u00f6bb teltebb n\u0151t, mint csontsov\u00e1ny embereket, akiket mostan\u00e1ban mutatnak nek\u00fcnk.&#8221;<\/p>\n<p>&#8222;Ezaz, v\u00e9gre valaki nem haszn\u00e1l Ozempicet!&#8221;<\/p>\n<p>&#8222;Noah olyan sz\u00e9p most&#8221; &#8211; olvashat\u00f3ak a pozit\u00edv kommentek.<\/p>\n<p>                            <img decoding=\"async\" id=\"kep_szerkfoto_image_68201897\" src=\"https:\/\/www.europesays.com\/hu\/wp-content\/uploads\/2026\/03\/68201897_a6948551e17ac87ba5134f606ed775a5_wm.jpg\" loading=\"lazy\" alt=\"GettyImages-2264597136\" data-image_width=\"1500\" data-image_height=\"2069\" width=\"1500\" height=\"2069\"\/><\/p>\n<p>Fot\u00f3: Maya Dehlin Spach \/ Getty Images Hungary<\/p>\n<p>Cyrust m\u00e1r 2025-ben is teltebben kapt\u00e1k le a lesifot\u00f3sok, akkor szint\u00e9n sok rajong\u00f3 \u00f6r\u00fclt a v\u00e1ltoz\u00e1s\u00e1nak.<\/p>\n<p>R\u00e9gebben j\u00f3val karcs\u00fabban festett, ahogy ezen a 2018-as felv\u00e9telen is l\u00e1tszik.<\/p>\n<p>                            <img decoding=\"async\" id=\"kep_szerkfoto_image_68201899\" src=\"https:\/\/www.europesays.com\/hu\/wp-content\/uploads\/2026\/03\/68201899_9f74de26a754505d84d6663e6ec94940_wm.jpg\" loading=\"lazy\" alt=\"Noah Cyrus 2018-ban.\" data-image_width=\"1500\" data-image_height=\"2214\" width=\"1500\" height=\"2214\"\/>Noah Cyrus 2018-ban.<\/p>\n<p>Fot\u00f3: Axelle\/Bauer-Griffin \/ Getty Images Hungary<\/p>\n<p>A Hannah Montana szt\u00e1rj\u00e1nak h\u00faga az elm\u00falt \u00e9vekben megj\u00e1rta a poklok pokl\u00e1t, 2025-ben a <a href=\"https:\/\/people.com\/noah-cyrus-on-facing-addiction-anxiety-depression-exclusive-11794037\" id=\"hyperlink_87bf61594c05df56c3542fc72e5cca35\" rel=\"nofollow noopener\" target=\"_blank\">People<\/a> magazinnak besz\u00e9lt \u0151szint\u00e9n a gy\u00f3gyszerf\u00fcgg\u0151s\u00e9g\u00e9r\u0151l.<\/p>\n<p>&#8211;\u00a0S\u00falyos depresszi\u00f3val \u00e9s szorong\u00e1ssal k\u00fczd\u00f6ttem, \u00e9s nagyon neh\u00e9z volt ezt \u00f6sszeegyeztetni a turn\u00e9z\u00e1ssal, mik\u00f6zben nem tudtam megfelel\u0151en gondoskodni magamr\u00f3l, \u00e9s nem engedtem meg magamnak, hogy megfelel\u0151 ter\u00e1pi\u00e1n vegyek r\u00e9szt &#8211; fogalmazta.<\/p>\n<p>R\u00e1f\u00fcgg\u00f6tt a Xanaxra, ami szorong\u00e1sold\u00f3 \u00e9s nyugtat\u00f3 hat\u00e1s\u00fa, v\u00e9nyk\u00f6teles gy\u00f3gyszer. Emellett borderline szem\u00e9lyis\u00e9gzavarral is diagnosztiz\u00e1lt\u00e1k. 2020-ban elaludt egy interj\u00faja k\u00f6zben, ekkor j\u00f6tt r\u00e1, hogy seg\u00edts\u00e9gre van sz\u00fcks\u00e9ge. A sorst\u00e1rsait is arra b\u00e1tor\u00edtotta, hogy merjenek seg\u00edts\u00e9get k\u00e9rni. Amellett, hogy kapott orvosi seg\u00edts\u00e9get, a zenek\u00e9sz\u00edt\u00e9s is fel\u00e9rt sz\u00e1m\u00e1ra egy ter\u00e1pi\u00e1val.<\/p>\n<p>Bevall\u00e1sa szerint meggy\u00f3gyult a lelke \u00e9s m\u00e1r sokkal boldogabb, mint \u00e9vekkel ezel\u0151tt.<\/p>\n<p>                                    <a href=\"https:\/\/femina.hu\/vilagsztar\/miley-cyrus-parja-2025\/\" title=\"\" rel=\"nofollow noopener\" target=\"_blank\"><br \/>\n                                    <img decoding=\"async\" src=\"https:\/\/www.europesays.com\/hu\/wp-content\/uploads\/2026\/03\/66253743_4891657_44193ed88d4923f837e49eccbb7f5135_wm.jpg\" alt=\"\" title=\"\"\/><br \/>\n                                <\/a><\/p>\n<p>                                \u0150 Miley Cyrus ritk\u00e1n l\u00e1tott, fiatalabb p\u00e1rja: m\u00e1r az eljegyz\u00e9s\u00fckr\u0151l pletyk\u00e1lnak<\/p>\n<p class=\"lead\">Miley Cyrus a p\u00e1rj\u00e1val vett r\u00e9szt az Avatar 3 premierj\u00e9n.<\/p>\n<p>                                <a href=\"https:\/\/femina.hu\/vilagsztar\/miley-cyrus-parja-2025\/\" class=\"btn btn-normal\" rel=\"nofollow noopener\" target=\"_blank\">Elolvasom<\/a><\/p>\n<p>\n                          Cover: Getty Images\u00a0\n                        <\/p>\n<p>                                    <img loading=\"lazy\" decoding=\"async\" src=\"https:\/\/www.europesays.com\/hu\/wp-content\/uploads\/2026\/03\/68204953_20bb222a049bca551bfa29b6ef389012_wm.jpg\" width=\"200\" height=\"290\" alt=\"\"\/><br \/>\n                            \t    \tA benn\u00fcnk \u00e9l\u0151 n\u0151k &#8211; Hol az egyens\u00faly a megfelel\u00e9s \u00e9s az \u00f6nazonoss\u00e1g k\u00f6z\u00f6tt?<\/p>\n<p>A 21. sz\u00e1zadi n\u0151 minden szerepben helyt \u00e1ll: dolgozik, \u00e9desanya, t\u00e1rs, bar\u00e1t, gondoskod\u00f3, \u00e9s k\u00f6zben pr\u00f3b\u00e1l \u00f6nmaga is maradni. Hogyan lehet lav\u00edrozni a rohan\u00f3 mindennapok, a teljes\u00edtm\u00e9nyk\u00e9nyszer \u00e9s a saj\u00e1t lelki b\u00e9k\u00e9nk k\u00f6z\u00f6tt? Hogyan tal\u00e1ljuk meg az egyens\u00falyt szerepeink k\u00f6z\u00f6tt?\u00a0Er\u0151s Ant\u00f3nia \u00e9s Pokorny Lia besz\u00e9lgetnek j\u00fanius 1-j\u00e9n a MOMkultban arr\u00f3l, mit jelent ma n\u0151nek lenni: hogyan lehet egyszerre helyt \u00e1llni a munka, a csal\u00e1d \u00e9s a saj\u00e1t v\u00e1gyak vil\u00e1g\u00e1ban, mik\u00f6zben meg\u0151rizz\u00fck \u00f6nmagunkat, bels\u0151 er\u0151nket \u00e9s harm\u00f3ni\u00e1nkat.\u00a0<\/p>\n<p><a href=\"https:\/\/indaevents.hu\/\/e\/erosantonia-pokornylia\" rel=\"nofollow noopener\" target=\"_blank\">Biztos\u00edtsd be a helyed most!<\/a><\/p>\n<p class=\"promocio\">Prom\u00f3ci\u00f3<\/p>\n<p>                    <script async src=\"\/\/www.instagram.com\/embed.js\"><\/script><\/p>\n","protected":false},"excerpt":{"rendered":"Miley Cyrus h\u00faga, Noah Cyrus is r\u00e9szt vett az Eml\u00e9kek r\u00f3la Los Angeles-i premierj\u00e9n, t\u00f6bb rajong\u00f3 kisz\u00farta, hogy&hellip;\n","protected":false},"author":2,"featured_media":22299,"comment_status":"","ping_status":"","sticky":false,"template":"","format":"standard","meta":{"footnotes":"","_share_on_mastodon":"0"},"categories":[21],"tags":[198,137,199,44,42,40,43,41,11691,11689,11690,138,205,907],"class_list":["post-22298","post","type-post","status-publish","format-standard","has-post-thumbnail","category-hiressegek","tag-celebrities","tag-entertainment","tag-hiressegek","tag-hu","tag-hungarian","tag-hungary","tag-magyar","tag-magyarorszag","tag-meghizott","tag-miley-cyrus","tag-noah-cyrus","tag-szorakozas","tag-sztar","tag-vilagsztar"],"share_on_mastodon":{"url":"https:\/\/pubeurope.com\/@hu\/116209086847648513","error":""},"_links":{"self":[{"href":"https:\/\/www.europesays.com\/hu\/wp-json\/wp\/v2\/posts\/22298","targetHints":{"allow":["GET"]}}],"collection":[{"href":"https:\/\/www.europesays.com\/hu\/wp-json\/wp\/v2\/posts"}],"about":[{"href":"https:\/\/www.europesays.com\/hu\/wp-json\/wp\/v2\/types\/post"}],"author":[{"embeddable":true,"href":"https:\/\/www.europesays.com\/hu\/wp-json\/wp\/v2\/users\/2"}],"replies":[{"embeddable":true,"href":"https:\/\/www.europesays.com\/hu\/wp-json\/wp\/v2\/comments?post=22298"}],"version-history":[{"count":0,"href":"https:\/\/www.europesays.com\/hu\/wp-json\/wp\/v2\/posts\/22298\/revisions"}],"wp:featuredmedia":[{"embeddable":true,"href":"https:\/\/www.europesays.com\/hu\/wp-json\/wp\/v2\/media\/22299"}],"wp:attachment":[{"href":"https:\/\/www.europesays.com\/hu\/wp-json\/wp\/v2\/media?parent=22298"}],"wp:term":[{"taxonomy":"category","embeddable":true,"href":"https:\/\/www.europesays.com\/hu\/wp-json\/wp\/v2\/categories?post=22298"},{"taxonomy":"post_tag","embeddable":true,"href":"https:\/\/www.europesays.com\/hu\/wp-json\/wp\/v2\/tags?post=22298"}],"curies":[{"name":"wp","href":"https:\/\/api.w.org\/{rel}","templated":true}]}}