{"id":223061,"date":"2026-08-27T13:29:07","date_gmt":"2026-08-27T13:29:07","guid":{"rendered":"https:\/\/www.europesays.com\/hu\/223061\/"},"modified":"2026-08-27T13:29:07","modified_gmt":"2026-08-27T13:29:07","slug":"index-gazdasag-uj-energetikai-uzletagat-hoz-letre-a-4ig","status":"publish","type":"post","link":"https:\/\/www.europesays.com\/hu\/223061\/","title":{"rendered":"Index &#8211; Gazdas\u00e1g &#8211; \u00daj energetikai \u00fczlet\u00e1gat hoz l\u00e9tre a 4iG"},"content":{"rendered":"<p>\u00daj energetikai \u00fczlet\u00e1gat \u00e9s annak fel\u00e9p\u00edt\u00e9s\u00e9re \u00f6n\u00e1ll\u00f3 holdingv\u00e1llalatot hoz l\u00e9tre a 4iG, ezzel tov\u00e1bb b\u0151v\u00edti jelenl\u00e9t\u00e9t a kritikus infrastrukt\u00far\u00e1k ter\u00fclet\u00e9n \u2013 k\u00f6z\u00f6lte a 4iG Nyrt. cs\u00fct\u00f6rt\u00f6k\u00f6n az MTI-vel.<\/p>\n<p>A t\u00e1rsas\u00e1g sz\u00e1nd\u00e9knyilatkozatot \u00edrt al\u00e1 az amerikai\u00a0X-Energy\u00a0v\u00e1llalattal kis modul\u00e1ris nukle\u00e1ris reaktorok (SMR) region\u00e1lis telep\u00edt\u00e9s\u00e9r\u0151l, el\u0151zetes egy\u00fcttm\u0171k\u00f6d\u00e9si meg\u00e1llapod\u00e1st k\u00f6t\u00f6tt egy lengyelorsz\u00e1gi sz\u00e9ler\u0151m\u0171park megv\u00e1s\u00e1rl\u00e1s\u00e1ra, tov\u00e1bb\u00e1 sz\u00e9ler\u0151m\u0171vi \u00e9s energiat\u00e1rol\u00e1si kapacit\u00e1sok fejleszt\u00e9s\u00e9nek lehet\u0151s\u00e9g\u00e9t vizsg\u00e1lja \u00c9szak-Maced\u00f3ni\u00e1ban \u00e9s Montenegr\u00f3ban.<\/p>\n<p>A k\u00f6zlem\u00e9ny szerint a portf\u00f3li\u00f3 kialak\u00edt\u00e1s\u00e1ba hossz\u00fa t\u00e1v\u00fa nemzetk\u00f6zi befektet\u0151i \u00e9s technol\u00f3giai partnereket is bevon a 4iG, \u00e9s egyar\u00e1nt c\u00e9lul t\u0171zi ki a m\u0171k\u00f6d\u0151 energiatermel\u0151 eszk\u00f6z\u00f6k megszerz\u00e9s\u00e9t, \u00faj kapacit\u00e1sok fejleszt\u00e9s\u00e9t \u00e9s \u00faj gener\u00e1ci\u00f3s energetikai technol\u00f3gi\u00e1k region\u00e1lis meghonos\u00edt\u00e1s\u00e1t.<\/p>\n<p>Az energetikai \u00fczlet\u00e1g strat\u00e9giai illeszked\u00e9s\u00e9t er\u0151s\u00edti, hogy a 4iG meghat\u00e1roz\u00f3 tev\u00e9kenys\u00e9gei egyar\u00e1nt energiaintenz\u00edv ter\u00fcletek. A saj\u00e1t energiatermel\u0151 kapacit\u00e1sok ki\u00e9p\u00edt\u00e9se \u00e9s megszerz\u00e9se \u00edgy jelent\u0151s el\u0151ny\u00f6ket teremthet a csoport megl\u00e9v\u0151 \u00fczlet\u00e1gaival, hossz\u00fa t\u00e1von m\u00e9rs\u00e9kelheti energiakitetts\u00e9g\u00e9t \u00e9s jav\u00edthatja energiaell\u00e1t\u00e1s\u00e1nak kisz\u00e1m\u00edthat\u00f3s\u00e1g\u00e1t.<\/p>\n<p>Kelet-K\u00f6z\u00e9p-Eur\u00f3pa \u00e9s a Nyugat-Balk\u00e1n hossz\u00fa t\u00e1v\u00fa energiabiztons\u00e1ga \u00e9s energiakitetts\u00e9ge szempontj\u00e1b\u00f3l meghat\u00e1roz\u00f3 els\u0151 l\u00e9p\u00e9sk\u00e9nt a 4iG sz\u00e1nd\u00e9knyilatkozatot \u00edrt al\u00e1 az amerikai\u00a0X-Energy\u00a0v\u00e1llalattal kis modul\u00e1ris nukle\u00e1ris reaktorok (SMR) region\u00e1lis telep\u00edt\u00e9s\u00e9r\u0151l.<\/p>\n<p>Hozz\u00e1tett\u00e9k, hogy a 4iG Csoport el\u0151zetes egy\u00fcttm\u0171k\u00f6d\u00e9si meg\u00e1llapod\u00e1st k\u00f6t\u00f6tt egy k\u00f6zepes m\u00e9ret\u0171, kulcsrak\u00e9sz lengyelorsz\u00e1gi sz\u00e9ler\u0151m\u0171park megv\u00e1s\u00e1rl\u00e1s\u00e1ra is. A projekt \u00e1tvil\u00e1g\u00edt\u00e1sa jelenleg zajlik.<\/p>\n<p>A csoport sz\u00e9ler\u0151m\u0171vi \u00e9s kapcsol\u00f3d\u00f3 energiat\u00e1rol\u00e1si kapacit\u00e1sok fejleszt\u00e9s\u00e9nek lehet\u0151s\u00e9g\u00e9t vizsg\u00e1lja \u00c9szak-Maced\u00f3ni\u00e1ban, ahol a 4iG jelenleg 5G mobilh\u00e1l\u00f3zat\u00e1nak ki\u00e9p\u00edt\u00e9s\u00e9n dolgozik, t\u00e1vk\u00f6zl\u00e9si szolg\u00e1ltat\u00e1sainak elind\u00edt\u00e1s\u00e1t pedig 2027-re tervezi.<\/p>\n<p>A v\u00e1llalatcsoport Montenegr\u00f3ban is vizsg\u00e1lja tov\u00e1bbi energiatermel\u0151 kapacit\u00e1sok megszerz\u00e9s\u00e9nek lehet\u0151s\u00e9g\u00e9t, partnerek bevon\u00e1s\u00e1val. A 4iG Nyugat-Balk\u00e1non m\u00e1r megl\u00e9v\u0151 \u00fczleti jelenl\u00e9te olyan region\u00e1lis h\u00e1tteret biztos\u00edt, amelyre az energetikai \u00fczlet\u00e1g tov\u00e1bbi terjeszked\u00e9se is \u00e9p\u00edthet.<\/p>\n<p>A t\u00e1rsas\u00e1g a Budapesti \u00c9rt\u00e9kt\u0151zsde (B\u00c9T) honlapj\u00e1n arr\u00f3l is besz\u00e1molt, hogy a 4iG kiz\u00e1r\u00f3lagos tulajdon\u00e1ban \u00e1ll\u00f3 le\u00e1nyv\u00e1llalata, a 4iG Befektet\u00e9si Kft. k\u00f6telez\u0151 \u00e9rv\u00e9ny\u0171 v\u00e9teli aj\u00e1nlatot ny\u00fajt be az iG Tech Energy Mag\u00e1nt\u0151kealap befektet\u00e9si jegyeinek megszerz\u00e9s\u00e9re. Ez az els\u0151 l\u00e9p\u00e9se annak a t\u00f6bbl\u00e9pcs\u0151s tranzakci\u00f3nak, amelynek lez\u00e1r\u00e1s\u00e1val a 4iG k\u00f6zvetlen\u00fcl szerezheti meg az alap tulajdon\u00e1ban \u00e1ll\u00f3 projektt\u00e1rsas\u00e1got, amely 49 sz\u00e1zal\u00e9kos r\u00e9szesed\u00e9ssel rendelkezik \u00f6t \u00e9szaknyugat-magyarorsz\u00e1gi telephelyen m\u0171k\u00f6d\u0151, \u00f6sszesen 158 megawatt kapacit\u00e1s\u00fa sz\u00e9ler\u0151m\u0171-portf\u00f3li\u00f3ban. A portf\u00f3li\u00f3 a magyarorsz\u00e1gi telep\u00edtett sz\u00e9ler\u0151m\u0171-kapacit\u00e1s csaknem fel\u00e9t adja.<\/p>\n<p><a href=\"https:\/\/dex.hu\/x.php?id=googlepref_desktop&amp;url=https:\/\/google.com\/preferences\/source?q=https:\/\/index.hu\" class=\"google-pref-banner \" id=\"googlePrefBanner\" rel=\"nofollow noopener\" target=\"_blank\"><\/p>\n<p>    Itt \u00e1ll\u00edtsa be, hogy az Index az els\u0151k k\u00f6z\u00f6tt legyen a Google-tal\u00e1latokban!<\/p>\n<p><\/a><\/p>\n<p>    <img decoding=\"async\" src=\"https:\/\/index.hu\/assets\/images\/social-follow\/logo-big.svg\" alt=\"Index.hu logo\"\/><\/p>\n<p>K\u00f6vesse az Indexet Facebookon is!<\/p>\n<p>    <a href=\"https:\/\/facebook.com\/Indexhu\" target=\"_blank\" rel=\"nofollow noopener\"><\/p>\n<p>        K\u00f6vetem!<br \/>\n    <\/a><\/p>\n","protected":false},"excerpt":{"rendered":"\u00daj energetikai \u00fczlet\u00e1gat \u00e9s annak fel\u00e9p\u00edt\u00e9s\u00e9re \u00f6n\u00e1ll\u00f3 holdingv\u00e1llalatot hoz l\u00e9tre a 4iG, ezzel tov\u00e1bb b\u0151v\u00edti jelenl\u00e9t\u00e9t a kritikus&hellip;\n","protected":false},"author":2,"featured_media":223062,"comment_status":"","ping_status":"","sticky":false,"template":"","format":"standard","meta":{"footnotes":"","_share_on_mastodon":"0"},"categories":[6],"tags":[6037,2019,1617,63,44,42,40,43,41,59679,59678],"class_list":["post-223061","post","type-post","status-publish","format-standard","has-post-thumbnail","category-magyarorszag","tag-4ig","tag-befektetes","tag-energetika","tag-gazdasag","tag-hu","tag-hungarian","tag-hungary","tag-magyar","tag-magyarorszag","tag-nuklearis-reaktor","tag-x-energy"],"share_on_mastodon":{"url":"https:\/\/pubeurope.com\/@hu\/117167715990804774","error":""},"_links":{"self":[{"href":"https:\/\/www.europesays.com\/hu\/wp-json\/wp\/v2\/posts\/223061","targetHints":{"allow":["GET"]}}],"collection":[{"href":"https:\/\/www.europesays.com\/hu\/wp-json\/wp\/v2\/posts"}],"about":[{"href":"https:\/\/www.europesays.com\/hu\/wp-json\/wp\/v2\/types\/post"}],"author":[{"embeddable":true,"href":"https:\/\/www.europesays.com\/hu\/wp-json\/wp\/v2\/users\/2"}],"replies":[{"embeddable":true,"href":"https:\/\/www.europesays.com\/hu\/wp-json\/wp\/v2\/comments?post=223061"}],"version-history":[{"count":0,"href":"https:\/\/www.europesays.com\/hu\/wp-json\/wp\/v2\/posts\/223061\/revisions"}],"wp:featuredmedia":[{"embeddable":true,"href":"https:\/\/www.europesays.com\/hu\/wp-json\/wp\/v2\/media\/223062"}],"wp:attachment":[{"href":"https:\/\/www.europesays.com\/hu\/wp-json\/wp\/v2\/media?parent=223061"}],"wp:term":[{"taxonomy":"category","embeddable":true,"href":"https:\/\/www.europesays.com\/hu\/wp-json\/wp\/v2\/categories?post=223061"},{"taxonomy":"post_tag","embeddable":true,"href":"https:\/\/www.europesays.com\/hu\/wp-json\/wp\/v2\/tags?post=223061"}],"curies":[{"name":"wp","href":"https:\/\/api.w.org\/{rel}","templated":true}]}}