{"id":223138,"date":"2026-08-27T14:42:11","date_gmt":"2026-08-27T14:42:11","guid":{"rendered":"https:\/\/www.europesays.com\/hu\/223138\/"},"modified":"2026-08-27T14:42:11","modified_gmt":"2026-08-27T14:42:11","slug":"index-belfold-megszuletett-a-dontes-maris-kritizaljak-unger-anna-jeloleset-jol-van-ez-igy","status":"publish","type":"post","link":"https:\/\/www.europesays.com\/hu\/223138\/","title":{"rendered":"Index &#8211; Belf\u00f6ld &#8211; Megsz\u00fcletett a d\u00f6nt\u00e9s, m\u00e1ris kritiz\u00e1lj\u00e1k Unger Anna jel\u00f6l\u00e9s\u00e9t \u2013 j\u00f3l van ez \u00edgy?"},"content":{"rendered":"<p>        <img decoding=\"async\" src=\"https:\/\/www.europesays.com\/hu\/wp-content\/uploads\/2026\/08\/71281929_616eb47cd850c029c9ea7c0a7e31f7ae_wm.jpg\" alt=\"N\u00e9vtelen-1\"\/><\/p>\n<p>N\u00e9mi \u2013 nagy? \u2013 meglepet\u00e9sre Unger Anna politol\u00f3gust, egyetemi oktat\u00f3t jel\u00f6lte az <a href=\"https:\/\/index.hu\/belfold\/2026\/08\/27\/nemzeti-vagyonvedelmi-es-vagyonvisszaszerzesi-hivatal-nvvh-unger-anna-jeloles-hantosi-istvan-hallerne-nagy-aniko\/\" id=\"hyperlink_6375719b486035f3aeda4dad88510a42\" target=\"_self\" title=\"El\u00e1rulta a Tisza P\u00e1rt, mi\u00e9rt Unger Ann\u00e1t javasolja a Nemzeti Vagyonv\u00e9delmi \u00e9s Vagyonvisszaszerz\u00e9si Hivatal \u00e9l\u00e9re\" rel=\"nofollow noopener\">Orsz\u00e1ggy\u0171l\u00e9s Igazs\u00e1g\u00fcgyi \u00e9s Alkotm\u00e1ny\u00fcgyi Bizotts\u00e1ga<\/a> a Nemzeti Vagyonv\u00e9delmi \u00e9s Vagyonvisszaszerz\u00e9si Hivatal \u00e9l\u00e9re, az ink\u00e1bb befut\u00f3nak hitt Ligeti Mikl\u00f3s,\u00a0a Transparency International Magyarorsz\u00e1g jogi igazgat\u00f3ja \u00e9s korrupci\u00f3ellenes szak\u00e9rt\u0151je el\u0151tt; amennyiben a parlament, azaz a k\u00e9tharmados felhatalmaz\u00e1ssal b\u00edr\u00f3 Tisza-frakci\u00f3 holnap helyben hagyja a test\u00fclet d\u00f6nt\u00e9s\u00e9t, Unger szeptember 1-j\u00e9t\u0151l elfoglalja poz\u00edci\u00f3j\u00e1t az \u00faj hivatal \u00e9l\u00e9n.<\/p>\n<p>A leend\u0151 vezet\u0151 val\u00f3sz\u00edn\u0171s\u00edthet\u0151 kinevez\u00e9s\u00e9t <a href=\"https:\/\/index.hu\/belfold\/2026\/08\/27\/marki-zay-peter-hadhazy-akos-horn-gabor-hont-andras-fekete-gyor-andras-unger-anna-elnokjelolt-nvvh\/\" id=\"hyperlink_c51df7ec09ab10c725c87f2b2ac57440\" target=\"_blank\" title=\"Hadh\u00e1zy \u00c1kos kem\u00e9nyen nekiment Unger Ann\u00e1nak, szerinte m\u00e1r most le kellene mondania\" rel=\"nofollow noopener\">kor\u00e1ntsem \u00f6vezi egys\u00e9g<\/a>, ez\u00e9rt is vagyunk k\u00edv\u00e1ncsiak olvas\u00f3ink v\u00e9lem\u00e9ny\u00e9re: vajon j\u00f3l d\u00f6nt\u00f6ttek a tisz\u00e1s k\u00e9pvisel\u0151k, amikor Unger Ann\u00e1ra voksoltak Ligeti Mikl\u00f3ssal szemben? Al\u00e1bb k\u00e9t plusz egy jel\u00f6ltre lehet voksolni; a harmadik szem\u00e9lyt m\u00e1r csak az\u00e9rt sem hagyhattuk ki a felsorol\u00e1sb\u00f3l, mert annak idej\u00e9n <a href=\"https:\/\/index.hu\/belfold\/2026\/08\/06\/koztarsasagi-elnok-baka-andras-magyar-peter-jeloltek\/\" id=\"hyperlink_0e0fd76be6cf2d8945779563475c469b\" target=\"_blank\" title=\"Baka Andr\u00e1st csak Baka Andr\u00e1s \u00fctheti ki az \u00e1llamf\u0151i sz\u00e9kb\u0151l, de van m\u00e9g n\u00e9h\u00e1ny titkos jel\u00f6lt\" rel=\"nofollow noopener\">megnyerte<\/a> egy k\u00f6z\u00e9leti szavaz\u00e1sunkat:<\/p>\n<p>\n                          \u00a0\n                        <\/p>\n<p>\n                          (Bor\u00edt\u00f3k\u00e9p: Unger Anna, Ligeti Mikl\u00f3s \u00e9s Luke Skywalker. Fot\u00f3: T\u00f6vissi Bence \/ Index, Lynn Goldsmith \/ ZUMA Wire \/ Northfoto)\n                        <\/p>\n<p><a href=\"https:\/\/dex.hu\/x.php?id=googlepref_desktop&amp;url=https:\/\/google.com\/preferences\/source?q=https:\/\/index.hu\" class=\"google-pref-banner \" id=\"googlePrefBanner\" rel=\"nofollow noopener\" target=\"_blank\"><\/p>\n<p>    Itt \u00e1ll\u00edtsa be, hogy az Index az els\u0151k k\u00f6z\u00f6tt legyen a Google-tal\u00e1latokban!<\/p>\n<p><\/a><\/p>\n<p>    <img decoding=\"async\" src=\"https:\/\/index.hu\/assets\/images\/social-follow\/logo-big.svg\" alt=\"Index.hu logo\"\/><\/p>\n<p>K\u00f6vesse az Indexet Facebookon is!<\/p>\n<p>    <a href=\"https:\/\/facebook.com\/Indexhu\" target=\"_blank\" rel=\"nofollow noopener\"><\/p>\n<p>        K\u00f6vetem!<br \/>\n    <\/a><\/p>\n","protected":false},"excerpt":{"rendered":"N\u00e9mi \u2013 nagy? \u2013 meglepet\u00e9sre Unger Anna politol\u00f3gust, egyetemi oktat\u00f3t jel\u00f6lte az Orsz\u00e1ggy\u0171l\u00e9s Igazs\u00e1g\u00fcgyi \u00e9s Alkotm\u00e1ny\u00fcgyi Bizotts\u00e1ga a&hellip;\n","protected":false},"author":2,"featured_media":223139,"comment_status":"","ping_status":"","sticky":false,"template":"","format":"standard","meta":{"footnotes":"","_share_on_mastodon":"0"},"categories":[21],"tags":[80,198,137,199,44,42,40,18934,40564,43,41,6382,138,58946,26343],"class_list":["post-223138","post","type-post","status-publish","format-standard","has-post-thumbnail","category-hiressegek","tag-belfold","tag-celebrities","tag-entertainment","tag-hiressegek","tag-hu","tag-hungarian","tag-hungary","tag-ligeti-miklos","tag-luke-skywalker","tag-magyar","tag-magyarorszag","tag-szavazas","tag-szorakozas","tag-unger-anna","tag-vagyonvisszaszerzesi-hivatal"],"share_on_mastodon":{"url":"https:\/\/pubeurope.com\/@hu\/117168003551644664","error":""},"_links":{"self":[{"href":"https:\/\/www.europesays.com\/hu\/wp-json\/wp\/v2\/posts\/223138","targetHints":{"allow":["GET"]}}],"collection":[{"href":"https:\/\/www.europesays.com\/hu\/wp-json\/wp\/v2\/posts"}],"about":[{"href":"https:\/\/www.europesays.com\/hu\/wp-json\/wp\/v2\/types\/post"}],"author":[{"embeddable":true,"href":"https:\/\/www.europesays.com\/hu\/wp-json\/wp\/v2\/users\/2"}],"replies":[{"embeddable":true,"href":"https:\/\/www.europesays.com\/hu\/wp-json\/wp\/v2\/comments?post=223138"}],"version-history":[{"count":0,"href":"https:\/\/www.europesays.com\/hu\/wp-json\/wp\/v2\/posts\/223138\/revisions"}],"wp:featuredmedia":[{"embeddable":true,"href":"https:\/\/www.europesays.com\/hu\/wp-json\/wp\/v2\/media\/223139"}],"wp:attachment":[{"href":"https:\/\/www.europesays.com\/hu\/wp-json\/wp\/v2\/media?parent=223138"}],"wp:term":[{"taxonomy":"category","embeddable":true,"href":"https:\/\/www.europesays.com\/hu\/wp-json\/wp\/v2\/categories?post=223138"},{"taxonomy":"post_tag","embeddable":true,"href":"https:\/\/www.europesays.com\/hu\/wp-json\/wp\/v2\/tags?post=223138"}],"curies":[{"name":"wp","href":"https:\/\/api.w.org\/{rel}","templated":true}]}}