{"id":223158,"date":"2026-08-27T15:02:12","date_gmt":"2026-08-27T15:02:12","guid":{"rendered":"https:\/\/www.europesays.com\/hu\/223158\/"},"modified":"2026-08-27T15:02:12","modified_gmt":"2026-08-27T15:02:12","slug":"index-sport-marozsan-negyeddontobe-jutott-winston-salemben-piros-egy-lepesre-a-us-open-fotablajatol","status":"publish","type":"post","link":"https:\/\/www.europesays.com\/hu\/223158\/","title":{"rendered":"Index &#8211; Sport &#8211; Marozs\u00e1n negyedd\u00f6nt\u0151be jutott Winston-Salemben, Piros egy l\u00e9p\u00e9sre a US Open f\u0151t\u00e1bl\u00e1j\u00e1t\u00f3l"},"content":{"rendered":"<p>A vil\u00e1granglist\u00e1n 63. j\u00e1t\u00e9kos az els\u0151 fordul\u00f3ban er\u0151nyer\u0151 volt, majd a 32 k\u00f6z\u00f6tt a szerb <a href=\"https:\/\/index.hu\/sport\/tenisz\/2026\/08\/26\/atp-250-winston-salem-marozsan-fabian-us-open-2026-selejtezo-piros-zsombor\/\" id=\"hyperlink_e527526a8d641edbc0acead8d177a944\" target=\"_blank\" title=\"Marozs\u00e1n Winston-Salemben, Piros a US Open selejtez\u0151j\u00e9ben kezdett gy\u0151zelemmel\" data-recommendation=\"bekezdes_utan\" data-recommendation-preview=\"{&quot;og:title&quot;:&quot;Marozs\u00e1n Winston-Salemben, Piros a US Open selejtez\\u0151j\u00e9ben kezdett gy\\u0151zelemmel&quot;,&quot;og:description&quot;:&quot;Els\\u0151 sz\u00e1m\u00fa f\u00e9rfi teniszez\\u0151nk remek j\u00e1t\u00e9kkal nyitott a 250-es torn\u00e1n.&quot;,&quot;og:image&quot;:&quot;\\\/\\\/kep.cdn.indexvas.hu\\\/1\\\/0\\\/7124\\\/71242\\\/712422\\\/71242273_5253667_78af5ca0a460805bb03dd06ad04021b5_wm.jpg&quot;}\" data-recommendation-id=\"6268143\" rel=\"nofollow noopener\">Miomir Kecmanovicot b\u00facs\u00faztatta<\/a>, azt\u00e1n a pap\u00edrforma szerint az els\u0151 kiemelt Danyiil Medvegyev k\u00f6vetkezett volna, \u00e1m az orosz szt\u00e1r nagy meglepet\u00e9sre kikapott a szabadk\u00e1rty\u00e1s Martin Dammt\u00f3l (92.). A 22 \u00e9ves amerikai igazi teniszcsal\u00e1db\u00f3l sz\u00e1rmazik, mivel \u00e9desapja, a m\u00e9g cseh sz\u00ednekben versenyzett Martin Damm \u00f6t\u00f6dik volt a p\u00e1ros vil\u00e1granglist\u00e1n.<\/p>\n<p>Els\u0151 tal\u00e1lkoz\u00f3jukon a 26 \u00e9ves magyar hamar szetth\u00e1tr\u00e1nyba ker\u00fclt remek\u00fcl adogat\u00f3 riv\u00e1lisa ellen, \u00e1m a folytat\u00e1sban m\u00e1r Damm mindk\u00e9t br\u00e9klabd\u00e1j\u00e1t h\u00e1r\u00edtotta, mik\u00f6zben \u0151 h\u00e1romszor is elvette az amerikai szerv\u00e1j\u00e1t, \u00edgy ford\u00edtott, \u00e9s 1 \u00f3ra 38 perc eltelt\u00e9vel Marozs\u00e1n \u00fcnnepelhetett.<\/p>\n<p>A negyedd\u00f6nt\u0151ben az ausztr\u00e1l James Duckworth (79.) k\u00f6vetkezik, akivel m\u00e9g nem tal\u00e1lkozott.<\/p>\n<p>                        Piros Zsombor \u00fajabb sikere a US Open selejtez\u0151j\u00e9ben<\/p>\n<p>Piros Zsombor h\u00e1romszettes gy\u0151zelemmel bejutott a selejtez\u0151 harmadik fordul\u00f3j\u00e1ba, \u00edgy m\u00e1r csak egy sikerre van a f\u0151t\u00e1bl\u00e1t\u00f3l az amerikai ny\u00edlt teniszbajnoks\u00e1gon.\u00a0<\/p>\n<p>A tavaly New Yorkban eddig egyetlen Grand Slam-f\u0151t\u00e1bl\u00e1j\u00e1t kiharcol\u00f3 Piros a spanyol Max Alcala Gurri b\u00facs\u00faztat\u00e1sa ut\u00e1n, szerd\u00e1n az \u00e9szt Daniil Glink\u00e1val (156.) tal\u00e1lkozott, akit megvert kor\u00e1bbi egyetlen \u00f6sszecsap\u00e1sukon. A vil\u00e1granglist\u00e1n 118. magyar j\u00e1t\u00e9kos 12. kiemeltk\u00e9nt es\u00e9lyesebbnek sz\u00e1m\u00edtott a 156. helyen \u00e1ll\u00f3 riv\u00e1lis ellen, aki m\u00e9g csak \u00f6sszesen h\u00e1rom meccset nyert Grand Slam-selejtez\u0151kben.<\/p>\n<p>A New York-i csat\u00e1ban a 26 \u00e9ves Piros 4:3-n\u00e1l elvette balkezes ellenfele adogat\u00e1s\u00e1t, majd kiszerv\u00e1lta a nyit\u00f3szettet, a folytat\u00e1sban 5:6-n\u00e1l viszont Glinka br\u00e9kelt, ezzel kiegyenl\u00edtett. Az utols\u00f3 felvon\u00e1sban 3:3-n\u00e1l a magyar ker\u00fclt l\u00e9p\u00e9sel\u0151nybe, amit m\u00e1r nem adott ki a kez\u00e9b\u0151l. A tal\u00e1lkoz\u00f3 1 \u00f3ra 48 percig tartott.<\/p>\n<p>Piros az \u00fajabb USO-f\u00f3t\u00e1bl\u00e1\u00e9rt a 17. kiemelt ausztr\u00e1l Christopher O\u2019Connell-lel (105.) k\u00fczd meg.<\/p>\n<p>(MTI)<\/p>\n<p><a href=\"https:\/\/dex.hu\/x.php?id=googlepref_desktop&amp;url=https:\/\/google.com\/preferences\/source?q=https:\/\/index.hu\" class=\"google-pref-banner \" id=\"googlePrefBanner\" rel=\"nofollow noopener\" target=\"_blank\"><\/p>\n<p>    Itt \u00e1ll\u00edtsa be, hogy az Index az els\u0151k k\u00f6z\u00f6tt legyen a Google-tal\u00e1latokban!<\/p>\n<p><\/a><\/p>\n<p>    <img decoding=\"async\" src=\"https:\/\/index.hu\/assets\/images\/social-follow\/logo-big.svg\" alt=\"Index.hu logo\"\/><\/p>\n<p>K\u00f6vesse az Indexet Facebookon is!<\/p>\n<p>    <a href=\"https:\/\/facebook.com\/Indexhu\" target=\"_blank\" rel=\"nofollow noopener\"><\/p>\n<p>        K\u00f6vetem!<br \/>\n    <\/a><\/p>\n","protected":false},"excerpt":{"rendered":"A vil\u00e1granglist\u00e1n 63. j\u00e1t\u00e9kos az els\u0151 fordul\u00f3ban er\u0151nyer\u0151 volt, majd a 32 k\u00f6z\u00f6tt a szerb Miomir Kecmanovicot b\u00facs\u00faztatta,&hellip;\n","protected":false},"author":2,"featured_media":223159,"comment_status":"","ping_status":"","sticky":false,"template":"","format":"standard","meta":{"footnotes":"","_share_on_mastodon":"0"},"categories":[14],"tags":[44,42,40,43,41,7892,7893,12043,45,131,1124,39329,55104,58903],"class_list":["post-223158","post","type-post","status-publish","format-standard","has-post-thumbnail","category-sport","tag-hu","tag-hungarian","tag-hungary","tag-magyar","tag-magyarorszag","tag-marozsan-fabian","tag-piros-zsombor","tag-selejtezo","tag-sport","tag-sports","tag-tenisz","tag-us-open","tag-us-open-2026","tag-winston-salem"],"share_on_mastodon":{"url":"https:\/\/pubeurope.com\/@hu\/117168081972972335","error":""},"_links":{"self":[{"href":"https:\/\/www.europesays.com\/hu\/wp-json\/wp\/v2\/posts\/223158","targetHints":{"allow":["GET"]}}],"collection":[{"href":"https:\/\/www.europesays.com\/hu\/wp-json\/wp\/v2\/posts"}],"about":[{"href":"https:\/\/www.europesays.com\/hu\/wp-json\/wp\/v2\/types\/post"}],"author":[{"embeddable":true,"href":"https:\/\/www.europesays.com\/hu\/wp-json\/wp\/v2\/users\/2"}],"replies":[{"embeddable":true,"href":"https:\/\/www.europesays.com\/hu\/wp-json\/wp\/v2\/comments?post=223158"}],"version-history":[{"count":0,"href":"https:\/\/www.europesays.com\/hu\/wp-json\/wp\/v2\/posts\/223158\/revisions"}],"wp:featuredmedia":[{"embeddable":true,"href":"https:\/\/www.europesays.com\/hu\/wp-json\/wp\/v2\/media\/223159"}],"wp:attachment":[{"href":"https:\/\/www.europesays.com\/hu\/wp-json\/wp\/v2\/media?parent=223158"}],"wp:term":[{"taxonomy":"category","embeddable":true,"href":"https:\/\/www.europesays.com\/hu\/wp-json\/wp\/v2\/categories?post=223158"},{"taxonomy":"post_tag","embeddable":true,"href":"https:\/\/www.europesays.com\/hu\/wp-json\/wp\/v2\/tags?post=223158"}],"curies":[{"name":"wp","href":"https:\/\/api.w.org\/{rel}","templated":true}]}}